{"id":255190,"date":"2015-02-24T13:55:35","date_gmt":"2015-02-24T13:55:35","guid":{"rendered":"http:\/\/diariodominicano.ddns.net\/?p=255190"},"modified":"2015-02-24T13:55:35","modified_gmt":"2015-02-24T13:55:35","slug":"pide-onu-316-millones-de-dolares-para-ayuda-humanitaria-en-ucrania","status":"publish","type":"post","link":"https:\/\/diariodominicano.com\/?p=255190","title":{"rendered":"&#13;Pide ONU 316 millones de d\u00f3lares para ayuda humanitaria en Ucrania"},"content":{"rendered":"<p><body><\/p>\n<p><img decoding=\"async\" src=\"img3\/ucrania-refugiados3.jpg\" \/>  <\/p>\n<\/p>\n<p><span class=\"text1noticias\">\t\t<\/span><\/p>\n<p><span class=\"text1noticias\">  <\/span><\/p>\n<\/p>\n<p><span class=\"text1noticias\">Naciones Unidas, 24 feb (PL) El sistema de Naciones Unidas y organizaciones humanitarias solicitaron hoy 316 millones de d\u00f3lares para asistir en 2015 a las personas vulnerables en Ucrania, donde el conflicto que estall\u00f3 el a\u00f1o pasado ha causado estragos en la poblaci\u00f3n.<\/span><\/p>\n<\/p>\n<p><span class=\"text1noticias\">Seg\u00fan una nota de prensa circulada aqu\u00ed, los recursos forman parte de un plan de respuesta a la crisis en el sureste del pa\u00eds europeo, y estar\u00edan dirigidos a beneficiar a tres millones 200 mil seres humanos.<\/span><\/p>\n<\/p>\n<p><span class=\"text1noticias\">Apelamos a la generosidad de la comunidad internacional para garantizar alimentos, medicinas, asistencia de salud, cuidados psicol\u00f3gicos, refugio, ropa adecuada para el invierno y educaci\u00f3n b\u00e1sica, precis\u00f3 la ONU.<\/span><\/p>\n<\/p>\n<p><span class=\"text1noticias\">La asistencia se espera que llegue a los sectores m\u00e1s vulnerables de los alrededor de cinco millones de necesitados de apoyo en Ucrania, como resultado del conflicto en la regi\u00f3n del Donbass entre el Gobierno y rebeldes que declararon la independencia de Donetsk y Luhansk.<\/span><\/p>\n<\/p>\n<p><span class=\"text1noticias\">\u00abDesde enero de 2015 crecieron en el pa\u00eds las necesidades. La vida y la dignidad de los civiles est\u00e1 bajo constante peligro, y aunque la respuesta de las comunidades locales ha sido incre\u00edble, la magnitud de la crisis supera su capacidad\u00bb, advirti\u00f3 el coordinador humanitario para Ucrania, Neal Walker.<\/span><\/p>\n<\/p>\n<p><span class=\"text1noticias\">De acuerdo con el funcionario, m\u00e1s de un mill\u00f3n de personas abandonaron sus hogares para escapar de la violencia y se encuentran desplazadas internamente, mientras dos millones residen en \u00e1reas del Donbass golpeadas por las hostilidades.<\/span><\/p>\n<\/p>\n<p><span class=\"text1noticias\">La crisis en Ucrania escal\u00f3 a principios de 2014 con el golpe de Estado, que aupado por occidente derroc\u00f3 en febrero a V\u00edktor Yanuk\u00f3vich, y posteriores choques entre el Gobierno y rebeldes de Donetsk y Luhansk opuestos a la asonada, a las elecciones de mayo para legitimarla y a la postura radical y anti-rusa de las nuevas autoridades en Kiev.<\/span><\/p>\n<\/p>\n<p><span class=\"text1noticias\">En la actualidad impera un alto el fuego entre las partes, pactado este mes en Minsk con el respaldo de Rusia, Alemania y Francia.<\/span><\/p>\n<\/p>\n<p><span class=\"text1noticias\">El cese de los enfrentamientos incluye adem\u00e1s intercambios de prisioneros, retirada de las armadas pesadas hacia una zona de seguridad y facilidades para la asistencia humanitaria a las v\u00edctimas del conflicto.<\/span><\/p>\n<\/p>\n<h6> 2015-02-24 13:55:35 <\/h6>\n<p><!--\n<link rel=\"stylesheet\" href=\"css\/bootstrap.min.css\">\n\n\n<ul class=\"pagination\">\n\t    \n\t\n\n<li >\n\t<a href='?page_no=24834'>Previous<\/a>\n\t<\/li>\n\n\n       \n    \n\n<li><a href='?page_no=1'>1<\/a><\/li>\n\n\n\n<li><a href='?page_no=2'>2<\/a><\/li>\n\n\n\n<li><a>...<\/a><\/li>\n\n\n\n<li><a href='?page_no=24833'>24833<\/a><\/li>\n\n\n\n<li><a href='?page_no=24834'>24834<\/a><\/li>\n\n\n\n<li class='active'><a>24835<\/a><\/li>\n\n\n\n<li><a href='?page_no=24836'>24836<\/a><\/li>\n\n\n\n<li><a href='?page_no=24837'>24837<\/a><\/li>\n\n\n\n<li><a>...<\/a><\/li>\n\n\n\n<li><a href='?page_no=51012'>51012<\/a><\/li>\n\n\n\n<li><a href='?page_no=51013'>51013<\/a><\/li>\n\n    \n\t\n\n<li >\n\t<a href='?page_no=24836'>Next<\/a>\n\t<\/li>\n\n\n    \n\n<li><a href='?page_no=51013'>Last &rsaquo;&rsaquo;<\/a><\/li>\n\n<\/ul>\n\n\n--><br \/>\n<\/body><\/p>\n","protected":false},"excerpt":{"rendered":"<p>Naciones Unidas, 24 feb (PL) El sistema de Naciones Unidas y organizaciones humanitarias solicitaron hoy 316 millones de d\u00f3lares para asistir en 2015 a las personas vulnerables en Ucrania, donde el conflicto que estall\u00f3 el a\u00f1o pasado ha causado estragos en la poblaci\u00f3n. Seg\u00fan una nota de prensa circulada aqu\u00ed, los recursos forman parte de [&hellip;]<\/p>\n","protected":false},"author":3,"featured_media":0,"comment_status":"open","ping_status":"open","sticky":false,"template":"","format":"standard","meta":{"footnotes":""},"categories":[23],"tags":[],"class_list":["post-255190","post","type-post","status-publish","format-standard","hentry","category-internacional"],"_links":{"self":[{"href":"https:\/\/diariodominicano.com\/index.php?rest_route=\/wp\/v2\/posts\/255190","targetHints":{"allow":["GET"]}}],"collection":[{"href":"https:\/\/diariodominicano.com\/index.php?rest_route=\/wp\/v2\/posts"}],"about":[{"href":"https:\/\/diariodominicano.com\/index.php?rest_route=\/wp\/v2\/types\/post"}],"author":[{"embeddable":true,"href":"https:\/\/diariodominicano.com\/index.php?rest_route=\/wp\/v2\/users\/3"}],"replies":[{"embeddable":true,"href":"https:\/\/diariodominicano.com\/index.php?rest_route=%2Fwp%2Fv2%2Fcomments&post=255190"}],"version-history":[{"count":0,"href":"https:\/\/diariodominicano.com\/index.php?rest_route=\/wp\/v2\/posts\/255190\/revisions"}],"wp:attachment":[{"href":"https:\/\/diariodominicano.com\/index.php?rest_route=%2Fwp%2Fv2%2Fmedia&parent=255190"}],"wp:term":[{"taxonomy":"category","embeddable":true,"href":"https:\/\/diariodominicano.com\/index.php?rest_route=%2Fwp%2Fv2%2Fcategories&post=255190"},{"taxonomy":"post_tag","embeddable":true,"href":"https:\/\/diariodominicano.com\/index.php?rest_route=%2Fwp%2Fv2%2Ftags&post=255190"}],"curies":[{"name":"wp","href":"https:\/\/api.w.org\/{rel}","templated":true}]}}