{"id":255189,"date":"2015-02-24T13:58:43","date_gmt":"2015-02-24T13:58:43","guid":{"rendered":"http:\/\/diariodominicano.ddns.net\/?p=255189"},"modified":"2015-02-24T13:58:43","modified_gmt":"2015-02-24T13:58:43","slug":"estremecida-sociedad-panamena-por-confesion-de-magistrado-corrupto","status":"publish","type":"post","link":"https:\/\/diariodominicano.com\/?p=255189","title":{"rendered":"&#13;&#13;Estremecida sociedad paname\u00f1a por confesi\u00f3n de magistrado corrupto\t\t\t&#13;"},"content":{"rendered":"<p><body><\/p>\n<p><img decoding=\"async\" src=\"img3\/alejandrom.jpg\" \/>  <\/p>\n<\/p>\n<p><span class=\"text1noticias\">Panam\u00e1, 24 feb (PL) La sociedad paname\u00f1a amaneci\u00f3 hoy estremecida por la confesi\u00f3n de culpabilidad del magistrado de la Corte Suprema de Justicia (CSJ), Alejandro Moncada, acusado de enriquecimiento il\u00edcito, falsedad, corrupci\u00f3n y blanqueo de capitales.<\/span><\/p>\n<\/p>\n<p><span class=\"text1noticias\">En un arreglo con la Fiscal\u00eda, que est\u00e1 dentro de lo legislado en el C\u00f3digo Penal, el acusado reconoci\u00f3 su responsabilidad en los primeros dos delitos, por los cuales pudiera purgar cinco a\u00f1os de prisi\u00f3n, adem\u00e1s del decomiso de los bienes incautados, inform\u00f3 el fiscal Pedro Miguel Gonz\u00e1lez.<\/span><\/p>\n<\/p>\n<p><span class=\"text1noticias\">Para Gonz\u00e1lez ha sido un proceso hist\u00f3rico, porque por primera vez en Panam\u00e1 se logra investigar a un magistrado de la CSJ.<\/span><\/p>\n<\/p>\n<p><span class=\"text1noticias\">Todos los titulares de los medios diarios y los noticieros de radio y televisi\u00f3n destacan en sus portadas el tema, adem\u00e1s de agregar que Moncada perdi\u00f3 los dos apartamentos mal habidos por valor de 1,7 millones de d\u00f3lares y como accesoria ser\u00e1 inhabilitado para cargos p\u00fablicos.<\/span><\/p>\n<\/p>\n<p><span class=\"text1noticias\">El cuestionamiento de los medios, en este caso, es que fueron liberados del decomiso 14 cuentas bancarias con un monto de 4,6 millones de d\u00f3lares y tres autos de lujo valorados en 63 mil d\u00f3lares.<\/span><\/p>\n<\/p>\n<p><span class=\"text1noticias\">El exmagistrado de la CSJ, Edgardo Molino, dijo que la aceptaci\u00f3n de culpabilidad de Moncada es la confirmaci\u00f3n de la existencia de la corrupci\u00f3n en este \u00f3rgano del Estado, public\u00f3 este martes La Estrella de Panam\u00e1.<\/span><\/p>\n<\/p>\n<p><span class=\"text1noticias\">Adem\u00e1s, en declaraciones a TVN Canal 2, Molino consider\u00f3 que las personas mencionadas en el expediente deben ser investigadas por el Ministerio P\u00fablico, incluso la Asamblea Nacional debe remitir copia del expediente a las autoridades judiciales.<\/span><\/p>\n<\/p>\n<p><span class=\"text1noticias\">Entre las personas vinculadas al caso est\u00e1 un exvicepresidente de la Rep\u00fablica, Alejandro Felipe Virzi (1994-1999), qui\u00e9n confes\u00f3 que le prest\u00f3 m\u00e1s de un mill\u00f3n de d\u00f3lares a Moncada, despu\u00e9s que este fall\u00f3 a su favor en un proceso en la CSJ.<\/span><\/p>\n<\/p>\n<p><span class=\"text1noticias\">A nombre de Virzi est\u00e1n algunas de las compa\u00f1\u00edas, cuyas cuentas bancarias se incautaron en la causa por su supuesta vinculaci\u00f3n con Moncada y que fueron liberadas por la Fiscal\u00eda.<\/span><\/p>\n<\/p>\n<p><span class=\"text1noticias\">El nombre de Virzi se asocia con el c\u00edrculo m\u00e1s cercano al expresidente Ricardo Martinelli (2009-2014).<\/span><\/p>\n<\/p>\n<h6> 2015-02-24 13:58:43 <\/h6>\n<p><!--\n<link rel=\"stylesheet\" href=\"css\/bootstrap.min.css\">\n\n\n<ul class=\"pagination\">\n\t    \n\t\n\n<li >\n\t<a href='?page_no=24833'>Previous<\/a>\n\t<\/li>\n\n\n       \n    \n\n<li><a href='?page_no=1'>1<\/a><\/li>\n\n\n\n<li><a href='?page_no=2'>2<\/a><\/li>\n\n\n\n<li><a>...<\/a><\/li>\n\n\n\n<li><a href='?page_no=24832'>24832<\/a><\/li>\n\n\n\n<li><a href='?page_no=24833'>24833<\/a><\/li>\n\n\n\n<li class='active'><a>24834<\/a><\/li>\n\n\n\n<li><a href='?page_no=24835'>24835<\/a><\/li>\n\n\n\n<li><a href='?page_no=24836'>24836<\/a><\/li>\n\n\n\n<li><a>...<\/a><\/li>\n\n\n\n<li><a href='?page_no=51012'>51012<\/a><\/li>\n\n\n\n<li><a href='?page_no=51013'>51013<\/a><\/li>\n\n    \n\t\n\n<li >\n\t<a href='?page_no=24835'>Next<\/a>\n\t<\/li>\n\n\n    \n\n<li><a href='?page_no=51013'>Last &rsaquo;&rsaquo;<\/a><\/li>\n\n<\/ul>\n\n\n--><br \/>\n<\/body><\/p>\n","protected":false},"excerpt":{"rendered":"<p>Panam\u00e1, 24 feb (PL) La sociedad paname\u00f1a amaneci\u00f3 hoy estremecida por la confesi\u00f3n de culpabilidad del magistrado de la Corte Suprema de Justicia (CSJ), Alejandro Moncada, acusado de enriquecimiento il\u00edcito, falsedad, corrupci\u00f3n y blanqueo de capitales. En un arreglo con la Fiscal\u00eda, que est\u00e1 dentro de lo legislado en el C\u00f3digo Penal, el acusado reconoci\u00f3 [&hellip;]<\/p>\n","protected":false},"author":3,"featured_media":0,"comment_status":"open","ping_status":"open","sticky":false,"template":"","format":"standard","meta":{"footnotes":""},"categories":[23],"tags":[],"class_list":["post-255189","post","type-post","status-publish","format-standard","hentry","category-internacional"],"_links":{"self":[{"href":"https:\/\/diariodominicano.com\/index.php?rest_route=\/wp\/v2\/posts\/255189","targetHints":{"allow":["GET"]}}],"collection":[{"href":"https:\/\/diariodominicano.com\/index.php?rest_route=\/wp\/v2\/posts"}],"about":[{"href":"https:\/\/diariodominicano.com\/index.php?rest_route=\/wp\/v2\/types\/post"}],"author":[{"embeddable":true,"href":"https:\/\/diariodominicano.com\/index.php?rest_route=\/wp\/v2\/users\/3"}],"replies":[{"embeddable":true,"href":"https:\/\/diariodominicano.com\/index.php?rest_route=%2Fwp%2Fv2%2Fcomments&post=255189"}],"version-history":[{"count":0,"href":"https:\/\/diariodominicano.com\/index.php?rest_route=\/wp\/v2\/posts\/255189\/revisions"}],"wp:attachment":[{"href":"https:\/\/diariodominicano.com\/index.php?rest_route=%2Fwp%2Fv2%2Fmedia&parent=255189"}],"wp:term":[{"taxonomy":"category","embeddable":true,"href":"https:\/\/diariodominicano.com\/index.php?rest_route=%2Fwp%2Fv2%2Fcategories&post=255189"},{"taxonomy":"post_tag","embeddable":true,"href":"https:\/\/diariodominicano.com\/index.php?rest_route=%2Fwp%2Fv2%2Ftags&post=255189"}],"curies":[{"name":"wp","href":"https:\/\/api.w.org\/{rel}","templated":true}]}}