{"id":255187,"date":"2015-02-24T14:06:31","date_gmt":"2015-02-24T14:06:31","guid":{"rendered":"http:\/\/diariodominicano.ddns.net\/?p=255187"},"modified":"2015-02-24T14:06:31","modified_gmt":"2015-02-24T14:06:31","slug":"acusado-de-contrabando-exjefe-de-contrainteligencia-argentina","status":"publish","type":"post","link":"https:\/\/diariodominicano.com\/?p=255187","title":{"rendered":"&#13;Acusado de contrabando exjefe de contrainteligencia argentina"},"content":{"rendered":"<p><body><\/p>\n<p><img decoding=\"async\" src=\"img3\/acusado-antonio-stiuso.jpg\" \/>  <\/p>\n<p><span class=\"text1noticias\">\t<\/span><\/p>\n<p><span class=\"text1noticias\">  <\/span><\/p>\n<\/p>\n<p><span class=\"text1noticias\">Buenos Aires, 24 feb (PL) El Ejecutivo argentino acus\u00f3 hoy de contrabando al exjefe de operaciones de contraespionaje Antonio Stiuso con las importaciones que realiz\u00f3 la Secretar\u00eda de Inteligencia (SI) en 2013 y 2014.<\/span><\/p>\n<\/p>\n<p><span class=\"text1noticias\">El director de la SI, Oscar Parilli, anunci\u00f3 la denuncia en una rueda de prensa en la Casa Rosada, en la que inform\u00f3 sobre graves irregularidades detectadas a partir de un informe de adquisiciones de ese organismo en los dos \u00faltimos a\u00f1os.<\/span><\/p>\n<\/p>\n<p><span class=\"text1noticias\">Fueron acusados penalmente Stiuso, Alejandro Osvaldo Patricio y Nicol\u00e1s Gast\u00f3n Mercado.<\/span><\/p>\n<\/p>\n<p><span class=\"text1noticias\">Parilli, quien asumi\u00f3 el cargo en diciembre \u00faltimo cuando la presidenta Cristina Fern\u00e1ndez removi\u00f3 a toda la jefatura de los servicios secretos, afirm\u00f3 que se tomaron medidas de sumarios, suspensi\u00f3n de personal y recaudo sobre toda la mercader\u00eda que ingresa.<\/span><\/p>\n<\/p>\n<p><span class=\"text1noticias\">Stiuso, alias Jaime, quien estuvo en el puesto hasta el desplazamiento del personal secreto que orden\u00f3 la mandataria, tom\u00f3 notoriedad tras la denuncia del fiscal Alberto Nisman contra la Presidenta y el canciller H\u00e9ctor Timerman y su posterior muerte.<\/span><\/p>\n<\/p>\n<p><span class=\"text1noticias\">Se report\u00f3 que Stiuso era quien suministraba informaci\u00f3n y guiaba la investigaci\u00f3n de Nisman sobre el atentado en 1994 a la asociaci\u00f3n hebrea AMIA, que solo estuvo focalizada en acusar a Ir\u00e1n, as\u00ed como se public\u00f3 que era el enlace en Argentina de la CIA y el servicio israel\u00ed Mosad.<\/span><\/p>\n<\/p>\n<p><span class=\"text1noticias\">Fue citado a declarar sobre la muerte de Nisman la pasada semana y, seg\u00fan divulg\u00f3 el servicio MinutoUno, despu\u00e9s viaj\u00f3 a Uruguay y de ah\u00ed se traslad\u00f3 a un estado del golfo P\u00e9rsico.<\/span><\/p>\n<\/p>\n<p><span class=\"text1noticias\">El titular de la SI, quien estuvo secundado en la rueda de prensa por el subjefe de ese \u00f3rgano, Juan Mart\u00edn Mena, precis\u00f3 que detectaron manejos fraudulentos en la compra e ingreso de 94 mil kilos de mercader\u00eda.<\/span><\/p>\n<\/p>\n<p><span class=\"text1noticias\">Se\u00f1al\u00f3 que se formularon denuncias penales contra los tres exagentes por contrabando y evasi\u00f3n.<\/span><\/p>\n<\/p>\n<p><span class=\"text1noticias\">Los incriminados actuaban amparados en el secreto de importaciones de material supuestamente confidencial para el trabajo <\/span><\/p>\n<\/p>\n<p><span class=\"text1noticias\">Solo una peque\u00f1a parte de esos elementos que entraban al pa\u00eds era finalmente destinada a la SI, dijo Parilli, quien calific\u00f3 el hecho de actuaci\u00f3n criminal por parte del personal que fue imputado penalmente.<\/span><\/p>\n<\/p>\n<p><span class=\"text1noticias\">Parilli ahond\u00f3 en que al asumir la jefatura de la SI detectaron una gran cantidad de mercader\u00eda incierta importada, pero no se precisaba qu\u00e9 era y a cu\u00e1l \u00e1rea fue asignada.<\/span><\/p>\n<\/p>\n<p><span class=\"text1noticias\">Se trat\u00f3 de 67 operaciones por un total de 94 mil kilos de art\u00edculos por los que no se pag\u00f3 arancel y no est\u00e1n en la Secretar\u00eda, seg\u00fan precis\u00f3, y aclar\u00f3 que se desconoce de qu\u00e9 tipo de mercader\u00eda se trata.<\/span><\/p>\n<\/p>\n<p><span class=\"text1noticias\">En 2014 hubo 45 importaciones por 63 mil kilos con destino incierto. Llegaron, fueron sacadas de la aduana y no fueron a ninguna de las dependencias de la SI\u00bb, se\u00f1al\u00f3 Parrilli, quien dijo que en 2013 hubo un movimiento similar, de 22 importaciones por 30 mil kilos sobre las que se desconoce el destino. El 84 por ciento provinieron de Estados Unidos, principalmente de Miami, en tanto otras se originaron, en cantidades menores, en China, Jap\u00f3n, Holanda, Surcorea, Reino Unido y Brasil.<\/span><\/p>\n<\/p>\n<p><span class=\"text1noticias\">Lo que s\u00ed lleg\u00f3 a la SI y fue registrado -se\u00f1al\u00f3 Parilli- fueron productos m\u00e9dicos, accesorios para computaci\u00f3n y elementos de electr\u00f3nica, entre otros.<\/span><\/p>\n<h6> 2015-02-24 14:06:31 <\/h6>\n<p><!--\n<link rel=\"stylesheet\" href=\"css\/bootstrap.min.css\">\n\n\n<ul class=\"pagination\">\n\t    \n\t\n\n<li >\n\t<a href='?page_no=24831'>Previous<\/a>\n\t<\/li>\n\n\n       \n    \n\n<li><a href='?page_no=1'>1<\/a><\/li>\n\n\n\n<li><a href='?page_no=2'>2<\/a><\/li>\n\n\n\n<li><a>...<\/a><\/li>\n\n\n\n<li><a href='?page_no=24830'>24830<\/a><\/li>\n\n\n\n<li><a href='?page_no=24831'>24831<\/a><\/li>\n\n\n\n<li class='active'><a>24832<\/a><\/li>\n\n\n\n<li><a href='?page_no=24833'>24833<\/a><\/li>\n\n\n\n<li><a href='?page_no=24834'>24834<\/a><\/li>\n\n\n\n<li><a>...<\/a><\/li>\n\n\n\n<li><a href='?page_no=51012'>51012<\/a><\/li>\n\n\n\n<li><a href='?page_no=51013'>51013<\/a><\/li>\n\n    \n\t\n\n<li >\n\t<a href='?page_no=24833'>Next<\/a>\n\t<\/li>\n\n\n    \n\n<li><a href='?page_no=51013'>Last &rsaquo;&rsaquo;<\/a><\/li>\n\n<\/ul>\n\n\n--><br \/>\n<\/body><\/p>\n","protected":false},"excerpt":{"rendered":"<p>Buenos Aires, 24 feb (PL) El Ejecutivo argentino acus\u00f3 hoy de contrabando al exjefe de operaciones de contraespionaje Antonio Stiuso con las importaciones que realiz\u00f3 la Secretar\u00eda de Inteligencia (SI) en 2013 y 2014. El director de la SI, Oscar Parilli, anunci\u00f3 la denuncia en una rueda de prensa en la Casa Rosada, en la [&hellip;]<\/p>\n","protected":false},"author":3,"featured_media":0,"comment_status":"open","ping_status":"open","sticky":false,"template":"","format":"standard","meta":{"footnotes":""},"categories":[23],"tags":[],"class_list":["post-255187","post","type-post","status-publish","format-standard","hentry","category-internacional"],"_links":{"self":[{"href":"https:\/\/diariodominicano.com\/index.php?rest_route=\/wp\/v2\/posts\/255187","targetHints":{"allow":["GET"]}}],"collection":[{"href":"https:\/\/diariodominicano.com\/index.php?rest_route=\/wp\/v2\/posts"}],"about":[{"href":"https:\/\/diariodominicano.com\/index.php?rest_route=\/wp\/v2\/types\/post"}],"author":[{"embeddable":true,"href":"https:\/\/diariodominicano.com\/index.php?rest_route=\/wp\/v2\/users\/3"}],"replies":[{"embeddable":true,"href":"https:\/\/diariodominicano.com\/index.php?rest_route=%2Fwp%2Fv2%2Fcomments&post=255187"}],"version-history":[{"count":0,"href":"https:\/\/diariodominicano.com\/index.php?rest_route=\/wp\/v2\/posts\/255187\/revisions"}],"wp:attachment":[{"href":"https:\/\/diariodominicano.com\/index.php?rest_route=%2Fwp%2Fv2%2Fmedia&parent=255187"}],"wp:term":[{"taxonomy":"category","embeddable":true,"href":"https:\/\/diariodominicano.com\/index.php?rest_route=%2Fwp%2Fv2%2Fcategories&post=255187"},{"taxonomy":"post_tag","embeddable":true,"href":"https:\/\/diariodominicano.com\/index.php?rest_route=%2Fwp%2Fv2%2Ftags&post=255187"}],"curies":[{"name":"wp","href":"https:\/\/api.w.org\/{rel}","templated":true}]}}