{"id":255186,"date":"2015-02-24T14:12:07","date_gmt":"2015-02-24T14:12:07","guid":{"rendered":"http:\/\/diariodominicano.ddns.net\/?p=255186"},"modified":"2015-02-24T14:12:07","modified_gmt":"2015-02-24T14:12:07","slug":"presidente-ruso-refuerza-tesis-de-proteccion-social-frente-a-crisis","status":"publish","type":"post","link":"https:\/\/diariodominicano.com\/?p=255186","title":{"rendered":"&#13;&#13;Presidente ruso refuerza tesis de protecci\u00f3n social frente a crisis"},"content":{"rendered":"<p><body><\/p>\n<p><img decoding=\"async\" src=\"img3\/putin-rusia.jpg\" \/>  <\/p>\n<p><span class=\"text1noticias\">\t\t<\/span><\/p>\n<p><span class=\"text1noticias\">  <\/span><\/p>\n<\/p>\n<p><span class=\"text1noticias\">Mosc\u00fa, 24 feb (PL) El presidente ruso, Vladimir Putin, reforz\u00f3 hoy la tesis de una protecci\u00f3n social dirigida a los ciudadanos necesitados mediante una decisi\u00f3n sist\u00e9mica por parte del Estado, a fin de minimizar los efectos de la crisis econ\u00f3mica. <\/span><\/p>\n<\/p>\n<p><span class=\"text1noticias\">Durante una reuni\u00f3n del pres\u00eddium del Consejo de Estado, dedicada a la situaci\u00f3n econ\u00f3mica en las regiones y el apoyo financiero del Gobierno, Putin instruy\u00f3 el perfeccionamiento del modelo de ayuda social para solucionar lo que consider\u00f3 una cuesti\u00f3n sensiblemente importante.<\/span><\/p>\n<\/p>\n<p><span class=\"text1noticias\">Hoy los recursos deben dirigirse a la protecci\u00f3n social de los ciudadanos que tienen una situaci\u00f3n dif\u00edcil y no pueden sortear la crisis sin la ayuda del Estado, enfatiz\u00f3 Putin.<\/span><\/p>\n<\/p>\n<p><span class=\"text1noticias\">La ayuda social a los estamentos de la poblaci\u00f3n econ\u00f3micamente en desventaja, las prioridades presupuestarias y los planes anticrisis de las regiones centraron la sesi\u00f3n de trabajo con representantes de todos los poderes gubernamentales.<\/span><\/p>\n<\/p>\n<p><span class=\"text1noticias\">El gobierno ruso aprob\u00f3 recientemente un paquete de medidas -unos 60 pasos- con los que prev\u00e9 capear una recesi\u00f3n de la econom\u00eda al menos en los dos pr\u00f3ximos a\u00f1os.<\/span><\/p>\n<\/p>\n<p><span class=\"text1noticias\">La estabilidad financiera, el crecimiento econ\u00f3mico y las obligaciones sociales centran el n\u00facleo del denominado plan anticrisis.<\/span><\/p>\n<\/p>\n<p><span class=\"text1noticias\">De otro lado, Putin mostr\u00f3 confianza en que los programas dise\u00f1ados por los gobiernos regionales permitan minimizar los riesgos y redunden en los efectos necesarios, con soluciones din\u00e1micas y aut\u00f3nomas a los problemas, informaron las principales agencias rusas de noticias.<\/span><\/p>\n<\/p>\n<p><span class=\"text1noticias\">Tambi\u00e9n el mandatario llam\u00f3 la atenci\u00f3n a que una reducci\u00f3n mec\u00e1nica de los presupuestos no siempre se corresponde con un enfoque correcto y sugiri\u00f3 un abordaje prudente del plan de gastos.<\/span><\/p>\n<\/p>\n<p><span class=\"text1noticias\">Dijo que se instruy\u00f3 al Ejecutivo la elaboraci\u00f3n de mecanismos de cofinanciamiento a las erogaciones de los sujetos federales y municipios, a partir de la consolidaci\u00f3n de subsidios presupuestados.<\/span><\/p>\n<\/p>\n<p><span class=\"text1noticias\">Se refiri\u00f3 Putin a un reemplazo del sistema de cr\u00e9ditos de mercado (comerciales) a las regiones por empr\u00e9stitos de la caja central federal con una significativa rebaja en las tasas por su uso.<\/span><\/p>\n<\/p>\n<p><span class=\"text1noticias\">La comisi\u00f3n especial dirigida por el vicepresidente primero del Gobierno, Igor Shuvalov tiene entre sus funciones el monitoreo de la situaci\u00f3n en las regiones y la coordinaci\u00f3n con los territorios de la ejecuci\u00f3n del plan anticrisis, seg\u00fan el mandatario ruso.<\/span><\/p>\n<h6> 2015-02-24 14:12:07 <\/h6>\n<p><!--\n<link rel=\"stylesheet\" href=\"css\/bootstrap.min.css\">\n\n\n<ul class=\"pagination\">\n\t    \n\t\n\n<li >\n\t<a href='?page_no=24830'>Previous<\/a>\n\t<\/li>\n\n\n       \n    \n\n<li><a href='?page_no=1'>1<\/a><\/li>\n\n\n\n<li><a href='?page_no=2'>2<\/a><\/li>\n\n\n\n<li><a>...<\/a><\/li>\n\n\n\n<li><a href='?page_no=24829'>24829<\/a><\/li>\n\n\n\n<li><a href='?page_no=24830'>24830<\/a><\/li>\n\n\n\n<li class='active'><a>24831<\/a><\/li>\n\n\n\n<li><a href='?page_no=24832'>24832<\/a><\/li>\n\n\n\n<li><a href='?page_no=24833'>24833<\/a><\/li>\n\n\n\n<li><a>...<\/a><\/li>\n\n\n\n<li><a href='?page_no=51012'>51012<\/a><\/li>\n\n\n\n<li><a href='?page_no=51013'>51013<\/a><\/li>\n\n    \n\t\n\n<li >\n\t<a href='?page_no=24832'>Next<\/a>\n\t<\/li>\n\n\n    \n\n<li><a href='?page_no=51013'>Last &rsaquo;&rsaquo;<\/a><\/li>\n\n<\/ul>\n\n\n--><br \/>\n<\/body><\/p>\n","protected":false},"excerpt":{"rendered":"<p>Mosc\u00fa, 24 feb (PL) El presidente ruso, Vladimir Putin, reforz\u00f3 hoy la tesis de una protecci\u00f3n social dirigida a los ciudadanos necesitados mediante una decisi\u00f3n sist\u00e9mica por parte del Estado, a fin de minimizar los efectos de la crisis econ\u00f3mica. Durante una reuni\u00f3n del pres\u00eddium del Consejo de Estado, dedicada a la situaci\u00f3n econ\u00f3mica en [&hellip;]<\/p>\n","protected":false},"author":3,"featured_media":0,"comment_status":"open","ping_status":"open","sticky":false,"template":"","format":"standard","meta":{"footnotes":""},"categories":[23],"tags":[],"class_list":["post-255186","post","type-post","status-publish","format-standard","hentry","category-internacional"],"_links":{"self":[{"href":"https:\/\/diariodominicano.com\/index.php?rest_route=\/wp\/v2\/posts\/255186","targetHints":{"allow":["GET"]}}],"collection":[{"href":"https:\/\/diariodominicano.com\/index.php?rest_route=\/wp\/v2\/posts"}],"about":[{"href":"https:\/\/diariodominicano.com\/index.php?rest_route=\/wp\/v2\/types\/post"}],"author":[{"embeddable":true,"href":"https:\/\/diariodominicano.com\/index.php?rest_route=\/wp\/v2\/users\/3"}],"replies":[{"embeddable":true,"href":"https:\/\/diariodominicano.com\/index.php?rest_route=%2Fwp%2Fv2%2Fcomments&post=255186"}],"version-history":[{"count":0,"href":"https:\/\/diariodominicano.com\/index.php?rest_route=\/wp\/v2\/posts\/255186\/revisions"}],"wp:attachment":[{"href":"https:\/\/diariodominicano.com\/index.php?rest_route=%2Fwp%2Fv2%2Fmedia&parent=255186"}],"wp:term":[{"taxonomy":"category","embeddable":true,"href":"https:\/\/diariodominicano.com\/index.php?rest_route=%2Fwp%2Fv2%2Fcategories&post=255186"},{"taxonomy":"post_tag","embeddable":true,"href":"https:\/\/diariodominicano.com\/index.php?rest_route=%2Fwp%2Fv2%2Ftags&post=255186"}],"curies":[{"name":"wp","href":"https:\/\/api.w.org\/{rel}","templated":true}]}}