{"id":255185,"date":"2015-02-24T14:16:57","date_gmt":"2015-02-24T14:16:57","guid":{"rendered":"http:\/\/diariodominicano.ddns.net\/?p=255185"},"modified":"2015-02-24T14:16:57","modified_gmt":"2015-02-24T14:16:57","slug":"pakistan-mantendra-presion-sobre-talibanes","status":"publish","type":"post","link":"https:\/\/diariodominicano.com\/?p=255185","title":{"rendered":"&#13;&#13;Pakist\u00e1n mantendr\u00e1 presi\u00f3n sobre talibanes"},"content":{"rendered":"<p><body><\/p>\n<p><img decoding=\"async\" src=\"img3\/nawaz-sharif-raheel-sharif.jpg\" \/>  <\/p>\n<\/p>\n<p><span class=\"text1noticias\">\t\t<\/span><\/p>\n<p><span class=\"text1noticias\">  <\/span><\/p>\n<\/p>\n<p><span class=\"text1noticias\">Islamabad, 24 feb (PL) El primer ministro de Pakist\u00e1n, Nawaz Sharif, y el jefe del ej\u00e9rcito, general Raheel Sharif, convinieron hoy en intensificar la operaci\u00f3n militar contra los talibanes en el noroeste y el Plan Nacional de Acci\u00f3n contra el Terrorismo.<\/span><\/p>\n<\/p>\n<p><span class=\"text1noticias\">Medios de prensa locales indicaron que las m\u00e1ximas autoridad civil y militar del pa\u00eds pasaron revista a la situaci\u00f3n de seguridad nacional y acordaron mantener y a\u00fan aumentar las medidas de presi\u00f3n contra la insurgencia.<\/span><\/p>\n<\/p>\n<p><span class=\"text1noticias\">La televisora privada Geo News refiri\u00f3 que el premier y el jefe del Estado Mayor del Ej\u00e9rcito pasaron revista al progreso de la operaci\u00f3n Zarb-e-Azab, iniciada hace ocho meses en las regiones tribales del noroeste fronterizas con Afganist\u00e1n para dar una batida final a los rebeldes.<\/span><\/p>\n<\/p>\n<p><span class=\"text1noticias\">La ofensiva en esos territorios se intensific\u00f3 luego que el pasado 16 de diciembre un comando talib\u00e1n asaltar\u00e1 una academia militar en la noroccidental ciudad de Peshawar y matara a m\u00e1s de 150 personas, la mayor\u00eda ni\u00f1os y adolescentes.<\/span><\/p>\n<\/p>\n<p><span class=\"text1noticias\">En los d\u00edas siguientes el gobierno pakistan\u00ed adopt\u00f3 excepcionales medidas de seguridad como parte de un Plan Nacional de Acci\u00f3n contra el Terrorismo cuyos resultados tambi\u00e9n revisados en la reuni\u00f3n de este martes.<\/span><\/p>\n<\/p>\n<p><span class=\"text1noticias\">Entre esas medidas figuraron la creaci\u00f3n de tribunales militares especiales para juzgar de manera expedita a los acusados de actividades terrorismo y el levantamiento de la moratoria sobre la pena de muerte, que estaba vigente desde el 2008.<\/span><\/p>\n<\/p>\n<p><span class=\"text1noticias\">La versi\u00f3n digital del diario Dawn se\u00f1al\u00f3 que el jefe del ej\u00e9rcito tambi\u00e9n actualiz\u00f3 a Sharif sobre las detenciones efectuadas por las fuerzas de seguridad en relaci\u00f3n con el ataque a la academia militar de Peshawar.<\/span><\/p>\n<\/p>\n<p><span class=\"text1noticias\">Seg\u00fan trascendidos, de los 27 involucrados en el asalto, el peor de todos los tiempos contra una instituci\u00f3n p\u00fablica en el paa\u00eds, seis murieron en el lugar de los hechos y tres en acciones posteriores, 12 fueron arrestados en Pakist\u00e1n o Afganist\u00e1n, y seis a\u00fan est\u00e1n fugitivos.<\/span><\/p>\n<\/p>\n<p><span class=\"text1noticias\">Medios period\u00edsticos apuntaron que el general Sharif tambi\u00e9n impuso al primer ministro las medidas de seguridad adoptadas para una pr\u00f3xima visita a Pakist\u00e1n del presidente de China, Xi Jinping.<\/span><\/p>\n<\/p>\n<h6> 2015-02-24 14:16:57 <\/h6>\n<p><!--\n<link rel=\"stylesheet\" href=\"css\/bootstrap.min.css\">\n\n\n<ul class=\"pagination\">\n\t    \n\t\n\n<li >\n\t<a href='?page_no=24829'>Previous<\/a>\n\t<\/li>\n\n\n       \n    \n\n<li><a href='?page_no=1'>1<\/a><\/li>\n\n\n\n<li><a href='?page_no=2'>2<\/a><\/li>\n\n\n\n<li><a>...<\/a><\/li>\n\n\n\n<li><a href='?page_no=24828'>24828<\/a><\/li>\n\n\n\n<li><a href='?page_no=24829'>24829<\/a><\/li>\n\n\n\n<li class='active'><a>24830<\/a><\/li>\n\n\n\n<li><a href='?page_no=24831'>24831<\/a><\/li>\n\n\n\n<li><a href='?page_no=24832'>24832<\/a><\/li>\n\n\n\n<li><a>...<\/a><\/li>\n\n\n\n<li><a href='?page_no=51012'>51012<\/a><\/li>\n\n\n\n<li><a href='?page_no=51013'>51013<\/a><\/li>\n\n    \n\t\n\n<li >\n\t<a href='?page_no=24831'>Next<\/a>\n\t<\/li>\n\n\n    \n\n<li><a href='?page_no=51013'>Last &rsaquo;&rsaquo;<\/a><\/li>\n\n<\/ul>\n\n\n--><br \/>\n<\/body><\/p>\n","protected":false},"excerpt":{"rendered":"<p>Islamabad, 24 feb (PL) El primer ministro de Pakist\u00e1n, Nawaz Sharif, y el jefe del ej\u00e9rcito, general Raheel Sharif, convinieron hoy en intensificar la operaci\u00f3n militar contra los talibanes en el noroeste y el Plan Nacional de Acci\u00f3n contra el Terrorismo. Medios de prensa locales indicaron que las m\u00e1ximas autoridad civil y militar del pa\u00eds [&hellip;]<\/p>\n","protected":false},"author":3,"featured_media":0,"comment_status":"open","ping_status":"open","sticky":false,"template":"","format":"standard","meta":{"footnotes":""},"categories":[23],"tags":[],"class_list":["post-255185","post","type-post","status-publish","format-standard","hentry","category-internacional"],"_links":{"self":[{"href":"https:\/\/diariodominicano.com\/index.php?rest_route=\/wp\/v2\/posts\/255185","targetHints":{"allow":["GET"]}}],"collection":[{"href":"https:\/\/diariodominicano.com\/index.php?rest_route=\/wp\/v2\/posts"}],"about":[{"href":"https:\/\/diariodominicano.com\/index.php?rest_route=\/wp\/v2\/types\/post"}],"author":[{"embeddable":true,"href":"https:\/\/diariodominicano.com\/index.php?rest_route=\/wp\/v2\/users\/3"}],"replies":[{"embeddable":true,"href":"https:\/\/diariodominicano.com\/index.php?rest_route=%2Fwp%2Fv2%2Fcomments&post=255185"}],"version-history":[{"count":0,"href":"https:\/\/diariodominicano.com\/index.php?rest_route=\/wp\/v2\/posts\/255185\/revisions"}],"wp:attachment":[{"href":"https:\/\/diariodominicano.com\/index.php?rest_route=%2Fwp%2Fv2%2Fmedia&parent=255185"}],"wp:term":[{"taxonomy":"category","embeddable":true,"href":"https:\/\/diariodominicano.com\/index.php?rest_route=%2Fwp%2Fv2%2Fcategories&post=255185"},{"taxonomy":"post_tag","embeddable":true,"href":"https:\/\/diariodominicano.com\/index.php?rest_route=%2Fwp%2Fv2%2Ftags&post=255185"}],"curies":[{"name":"wp","href":"https:\/\/api.w.org\/{rel}","templated":true}]}}