{"id":255184,"date":"2015-02-24T14:21:53","date_gmt":"2015-02-24T14:21:53","guid":{"rendered":"http:\/\/diariodominicano.ddns.net\/?p=255184"},"modified":"2015-02-24T14:21:53","modified_gmt":"2015-02-24T14:21:53","slug":"disfrazados-con-uniforme-militar-secuestran-30-chiitas-en-afganistan","status":"publish","type":"post","link":"https:\/\/diariodominicano.com\/?p=255184","title":{"rendered":"&#13;&#13;&#13;Disfrazados con uniforme militar secuestran 30 chi\u00edtas en Afganist\u00e1n"},"content":{"rendered":"<p><body><\/p>\n<p><img decoding=\"async\" src=\"img3\/disfrazados-militares.jpg\" \/>  <\/p>\n<p><span class=\"text1noticias\">\t\t\t<\/span><\/p>\n<p><span class=\"text1noticias\">  <\/span><\/p>\n<\/p>\n<p><span class=\"text1noticias\">Kabul, 24 feb (PL) Hombres disfrazados con uniformes militares secuestraron a 30 chi\u00edtas de un autob\u00fas en la provincia afgana de Zabul, inform\u00f3 hoy Abdul Khaliq Ayoubi, gobernador del distrito de Sha Joy donde ocurri\u00f3 el incidente.<\/span><\/p>\n<\/p>\n<p><span class=\"text1noticias\">El episodio ocurri\u00f3 cuando el veh\u00edculo transitaba por una carretera que conecta la sure\u00f1a provincia de Kandahar con Kabul, la capital, casi al t\u00e9rmino de la trayectoria, indic\u00f3 la fuente.<\/span><\/p>\n<\/p>\n<p><span class=\"text1noticias\">Los raptores tomaron a los hombres y dejaron a ni\u00f1os y mujeres, precis\u00f3.<\/span><\/p>\n<\/p>\n<p><span class=\"text1noticias\">Seg\u00fan testimonios, los secuestradores vest\u00edan uniformes del Ej\u00e9rcito Nacional Afgano y hablaban en otro idioma, apunt\u00f3 el pol\u00edtico.<\/span><\/p>\n<\/p>\n<h6> 2015-02-24 14:21:53 <\/h6>\n<p><!--\n<link rel=\"stylesheet\" href=\"css\/bootstrap.min.css\">\n\n\n<ul class=\"pagination\">\n\t    \n\t\n\n<li >\n\t<a href='?page_no=24828'>Previous<\/a>\n\t<\/li>\n\n\n       \n    \n\n<li><a href='?page_no=1'>1<\/a><\/li>\n\n\n\n<li><a href='?page_no=2'>2<\/a><\/li>\n\n\n\n<li><a>...<\/a><\/li>\n\n\n\n<li><a href='?page_no=24827'>24827<\/a><\/li>\n\n\n\n<li><a href='?page_no=24828'>24828<\/a><\/li>\n\n\n\n<li class='active'><a>24829<\/a><\/li>\n\n\n\n<li><a href='?page_no=24830'>24830<\/a><\/li>\n\n\n\n<li><a href='?page_no=24831'>24831<\/a><\/li>\n\n\n\n<li><a>...<\/a><\/li>\n\n\n\n<li><a href='?page_no=51012'>51012<\/a><\/li>\n\n\n\n<li><a href='?page_no=51013'>51013<\/a><\/li>\n\n    \n\t\n\n<li >\n\t<a href='?page_no=24830'>Next<\/a>\n\t<\/li>\n\n\n    \n\n<li><a href='?page_no=51013'>Last &rsaquo;&rsaquo;<\/a><\/li>\n\n<\/ul>\n\n\n--><br \/>\n<\/body><\/p>\n","protected":false},"excerpt":{"rendered":"<p>Kabul, 24 feb (PL) Hombres disfrazados con uniformes militares secuestraron a 30 chi\u00edtas de un autob\u00fas en la provincia afgana de Zabul, inform\u00f3 hoy Abdul Khaliq Ayoubi, gobernador del distrito de Sha Joy donde ocurri\u00f3 el incidente. El episodio ocurri\u00f3 cuando el veh\u00edculo transitaba por una carretera que conecta la sure\u00f1a provincia de Kandahar con [&hellip;]<\/p>\n","protected":false},"author":3,"featured_media":0,"comment_status":"open","ping_status":"open","sticky":false,"template":"","format":"standard","meta":{"footnotes":""},"categories":[23],"tags":[],"class_list":["post-255184","post","type-post","status-publish","format-standard","hentry","category-internacional"],"_links":{"self":[{"href":"https:\/\/diariodominicano.com\/index.php?rest_route=\/wp\/v2\/posts\/255184","targetHints":{"allow":["GET"]}}],"collection":[{"href":"https:\/\/diariodominicano.com\/index.php?rest_route=\/wp\/v2\/posts"}],"about":[{"href":"https:\/\/diariodominicano.com\/index.php?rest_route=\/wp\/v2\/types\/post"}],"author":[{"embeddable":true,"href":"https:\/\/diariodominicano.com\/index.php?rest_route=\/wp\/v2\/users\/3"}],"replies":[{"embeddable":true,"href":"https:\/\/diariodominicano.com\/index.php?rest_route=%2Fwp%2Fv2%2Fcomments&post=255184"}],"version-history":[{"count":0,"href":"https:\/\/diariodominicano.com\/index.php?rest_route=\/wp\/v2\/posts\/255184\/revisions"}],"wp:attachment":[{"href":"https:\/\/diariodominicano.com\/index.php?rest_route=%2Fwp%2Fv2%2Fmedia&parent=255184"}],"wp:term":[{"taxonomy":"category","embeddable":true,"href":"https:\/\/diariodominicano.com\/index.php?rest_route=%2Fwp%2Fv2%2Fcategories&post=255184"},{"taxonomy":"post_tag","embeddable":true,"href":"https:\/\/diariodominicano.com\/index.php?rest_route=%2Fwp%2Fv2%2Ftags&post=255184"}],"curies":[{"name":"wp","href":"https:\/\/api.w.org\/{rel}","templated":true}]}}