{"id":255181,"date":"2015-02-25T00:24:10","date_gmt":"2015-02-25T00:24:10","guid":{"rendered":"http:\/\/diariodominicano.ddns.net\/?p=255181"},"modified":"2015-02-25T00:24:10","modified_gmt":"2015-02-25T00:24:10","slug":"eeuu-y-qatar-estan-comprometidos-con-derrotar-al-estado-islamico-obama","status":"publish","type":"post","link":"https:\/\/diariodominicano.com\/?p=255181","title":{"rendered":"EEUU y Qatar est\u00e1n comprometidos con derrotar al Estado Isl\u00e1mico: Obama"},"content":{"rendered":"<p><body><\/p>\n<p><img decoding=\"async\" src=\"img3\/Oba1.jpg\" \/>  <\/p>\n<p><span class=\"text1noticias\">WASHINGTON, 24 feb (Xinhua) &#8212; Estados Unidos y Qatar tienen una muy fuerte relaci\u00f3n de seguridad y ambos est\u00e1n comprometidos con derrotar al grupo Estado Isl\u00e1mico (EI), indic\u00f3 hoy el presidente de Estados Unidos, Barack Obama.<\/span><\/p>\n<p><span class=\"text1noticias\"> <\/span><\/p>\n<p><span class=\"text1noticias\"> \u00abQatar es un socio fuerte en nuestra coalici\u00f3n para degradar y finalmente derrotar al EIIL (Estado Isl\u00e1mico de Irak y el Levante)\u00bb, dijo Obama a los reporteros tras reunirse con el emir qatar\u00ed, el jeque Tamim bin Hamad Al Thani en la Casa Blanca.<\/span><\/p>\n<p><span class=\"text1noticias\"> <\/span><\/p>\n<p><span class=\"text1noticias\"> Qatar es miembro de la coalici\u00f3n encabezada por Estados Unidos contra el EI y alberga una gran base militar de Estados Unidos. Qatar tambi\u00e9n acept\u00f3 albergar un centro de entrenamiento regional para la oposici\u00f3n moderada de Siria.<\/span><\/p>\n<p><span class=\"text1noticias\"> <\/span><\/p>\n<p><span class=\"text1noticias\"> Obama dijo que Washington y Doha comparten una profunda preocupaci\u00f3n por la situaci\u00f3n en Siria y consideran que no ser\u00e1 posible estabilizar por completo ese pa\u00eds hasta que su l\u00edder Bashar al-Assad salga.<\/span><\/p>\n<p><span class=\"text1noticias\"> <\/span><\/p>\n<p><span class=\"text1noticias\"> El emir qatar\u00ed, quien realiza su primera visita oficial a Washington, dijo que tanto Estados Unidos como Qatar est\u00e1n preocupados por la situaci\u00f3n en Medio Oriente. El emir pidi\u00f3 esfuerzos para encontrar una soluci\u00f3n al conflicto palestino-israel\u00ed.<\/span><\/p>\n<p><span class=\"text1noticias\"> <\/span><\/p>\n<p><span class=\"text1noticias\">Doha es acusada por algunos pa\u00edses de apoyar a los grupos islamistas de l\u00ednea dura en Medio Oriente y de financiar a grupos terroristas. Funcionarios qatar\u00edes han negado las acusaciones y han enfatizado que no financian a los grupos radicales, sino a los moderados.<\/span><\/p>\n<p><span class=\"text1noticias\"> <\/span><\/p>\n<p><span class=\"text1noticias\"> \u00abLa administraci\u00f3n sigue trabajando de cerca con los qatar\u00edes para intentar mejorar nuestros esfuerzos para acabar con el financiamiento de las operaciones terroristas\u00bb, dijo hoy el vocero de la Casa Blanca, Josh Earnest, en respuesta a una pregunta sobre las acusaciones contra Doha.<\/span><\/p>\n<p><span class=\"text1noticias\"> <\/span><\/p>\n<p><span class=\"text1noticias\"> \u00abLos qatar\u00edes han sido un socio efectivo en esos esfuerzos hasta ahora\u00bb, dijo Earnest. \u00abPero creemos que hay mucho m\u00e1s que pueden hacer y m\u00e1s que podemos hacer para suspender el financiamiento de las operaciones terroristas en todo el m<\/span>undo\u00bb. <\/p>\n<h6> 2015-02-25 00:24:10 <\/h6>\n<p><!--\n<link rel=\"stylesheet\" href=\"css\/bootstrap.min.css\">\n\n\n<ul class=\"pagination\">\n\t    \n\t\n\n<li >\n\t<a href='?page_no=24825'>Previous<\/a>\n\t<\/li>\n\n\n       \n    \n\n<li><a href='?page_no=1'>1<\/a><\/li>\n\n\n\n<li><a href='?page_no=2'>2<\/a><\/li>\n\n\n\n<li><a>...<\/a><\/li>\n\n\n\n<li><a href='?page_no=24824'>24824<\/a><\/li>\n\n\n\n<li><a href='?page_no=24825'>24825<\/a><\/li>\n\n\n\n<li class='active'><a>24826<\/a><\/li>\n\n\n\n<li><a href='?page_no=24827'>24827<\/a><\/li>\n\n\n\n<li><a href='?page_no=24828'>24828<\/a><\/li>\n\n\n\n<li><a>...<\/a><\/li>\n\n\n\n<li><a href='?page_no=51012'>51012<\/a><\/li>\n\n\n\n<li><a href='?page_no=51013'>51013<\/a><\/li>\n\n    \n\t\n\n<li >\n\t<a href='?page_no=24827'>Next<\/a>\n\t<\/li>\n\n\n    \n\n<li><a href='?page_no=51013'>Last &rsaquo;&rsaquo;<\/a><\/li>\n\n<\/ul>\n\n\n--><br \/>\n<\/body><\/p>\n","protected":false},"excerpt":{"rendered":"<p>WASHINGTON, 24 feb (Xinhua) &#8212; Estados Unidos y Qatar tienen una muy fuerte relaci\u00f3n de seguridad y ambos est\u00e1n comprometidos con derrotar al grupo Estado Isl\u00e1mico (EI), indic\u00f3 hoy el presidente de Estados Unidos, Barack Obama. \u00abQatar es un socio fuerte en nuestra coalici\u00f3n para degradar y finalmente derrotar al EIIL (Estado Isl\u00e1mico de Irak [&hellip;]<\/p>\n","protected":false},"author":3,"featured_media":0,"comment_status":"open","ping_status":"open","sticky":false,"template":"","format":"standard","meta":{"footnotes":""},"categories":[23],"tags":[],"class_list":["post-255181","post","type-post","status-publish","format-standard","hentry","category-internacional"],"_links":{"self":[{"href":"https:\/\/diariodominicano.com\/index.php?rest_route=\/wp\/v2\/posts\/255181","targetHints":{"allow":["GET"]}}],"collection":[{"href":"https:\/\/diariodominicano.com\/index.php?rest_route=\/wp\/v2\/posts"}],"about":[{"href":"https:\/\/diariodominicano.com\/index.php?rest_route=\/wp\/v2\/types\/post"}],"author":[{"embeddable":true,"href":"https:\/\/diariodominicano.com\/index.php?rest_route=\/wp\/v2\/users\/3"}],"replies":[{"embeddable":true,"href":"https:\/\/diariodominicano.com\/index.php?rest_route=%2Fwp%2Fv2%2Fcomments&post=255181"}],"version-history":[{"count":0,"href":"https:\/\/diariodominicano.com\/index.php?rest_route=\/wp\/v2\/posts\/255181\/revisions"}],"wp:attachment":[{"href":"https:\/\/diariodominicano.com\/index.php?rest_route=%2Fwp%2Fv2%2Fmedia&parent=255181"}],"wp:term":[{"taxonomy":"category","embeddable":true,"href":"https:\/\/diariodominicano.com\/index.php?rest_route=%2Fwp%2Fv2%2Fcategories&post=255181"},{"taxonomy":"post_tag","embeddable":true,"href":"https:\/\/diariodominicano.com\/index.php?rest_route=%2Fwp%2Fv2%2Ftags&post=255181"}],"curies":[{"name":"wp","href":"https:\/\/api.w.org\/{rel}","templated":true}]}}