{"id":255180,"date":"2015-02-25T13:01:36","date_gmt":"2015-02-25T13:01:36","guid":{"rendered":"http:\/\/diariodominicano.ddns.net\/?p=255180"},"modified":"2015-02-25T13:01:36","modified_gmt":"2015-02-25T13:01:36","slug":"australia-busca-soluciones-para-frenar-el-aumento-de-mujeres-que-se-unen-a-estado-islamico","status":"publish","type":"post","link":"https:\/\/diariodominicano.com\/?p=255180","title":{"rendered":"Australia busca soluciones para frenar el aumento de mujeres que se unen a Estado Isl\u00e1mico"},"content":{"rendered":"<p><body><\/p>\n<p><img decoding=\"async\" src=\"img3\/mujer 25.jpg\" \/>  <\/p>\n<p>S\u00eddney (Australia), 25 febrero .- La ministra de Asuntos Exteriores de Australia, Julie Bishop, reclam\u00f3 hoy en el Parlamento del pa\u00eds soluciones a nivel familiar para frenar el creciente n\u00famero de mujeres j\u00f3venes que se unen al Estado Isl\u00e1mico (EI), pese a ser usadas como esclavas sexuales o terroristas suicidas.<\/p>\n<\/p>\n<p>\u00abCada vez m\u00e1s mujeres acuden con su maridos, combatientes extranjeros, o en busca de compa\u00f1eros, son las llamadas novias yihadistas, o proporcionan apoyo a la organizaci\u00f3n terrorista\u00bb, manifest\u00f3 Bishop, seg\u00fan la emisora local ABC.<\/p>\n<\/p>\n<p>\u00abEs algo que desaf\u00eda a la l\u00f3gica (&#8230;) dada la actitud hacia las mujeres de DAISH (el acr\u00f3nimo en \u00e1rabe del EI)\u00bb, dijo la ministra, y apunt\u00f3 que alrededor de 500 mujeres provenientes de pa\u00edses de Occidente se han afiliado a esta organizaci\u00f3n radical isl\u00e1mica, y de ellas al menos 40 salieron de Australia.<\/p>\n<\/p>\n<p>Bishop se\u00f1al\u00f3 que hay que empezar en el seno familiar para atajar este problema porque los padres y los amigos son los primeros que pueden darse cuenta de la radicalizaci\u00f3n de los j\u00f3venes.<\/p>\n<\/p>\n<p>\u00abLos familiares y los amigos son los que tienen que hablar con estos j\u00f3venes antes de que sea demasiado tarde. Contar\u00e1n con el apoyo del Gobierno\u00bb, manifest\u00f3 la canciller australiana.<\/p>\n<\/p>\n<p>La ministra de Exteriores insisti\u00f3 que en el EI \u00abincluso los menores est\u00e1n amenazados, porque tienen instrucciones que animan al abuso sexual de ni\u00f1as que a\u00fan no han alcanzado la pubertad\u00bb.<\/p>\n<\/p>\n<p>La intervenci\u00f3n de Bishop ante el Parlamento se produce dos d\u00edas despu\u00e9s que de el primer ministro del pa\u00eds, Tony Abbott, anunciase un reforzamiento de la lucha contra el terrorismo isl\u00e1mico, con cambios en las leyes de inmigraci\u00f3n y ciudadan\u00eda y mayor respuesta contra los que prediquen la violencia extremista.<\/p>\n<\/p>\n<p>Otras de las medidas contempladas son el nombramiento de un coordinador nacional para asuntos terroristas, la modificaci\u00f3n del sistema de alertas terroristas y el desarrollo de una nueva estrategia antiterrorista.<\/p>\n<\/p>\n<p>Australia elev\u00f3 la alerta terrorista en septiembre pasado y desde entonces unas 20 personas han sido arrestadas en seis operaciones, mientras que \u00abal menos 110 australianos han salido del pa\u00eds para unirse al culto de muerte en Irak y Siria y al menos 20 de ellos han muerto\u00bb, seg\u00fan Abbott.<\/p>\n<\/p>\n<p>La Organizaci\u00f3n Australiana de Seguridad e Inteligencia lleva a cabo unas 400 investigaciones vinculadas a actividades terroristas, el doble de casos que hace un a\u00f1o. <\/p>\n<h6> 2015-02-25 13:01:36 <\/h6>\n<p><!--\n<link rel=\"stylesheet\" href=\"css\/bootstrap.min.css\">\n\n\n<ul class=\"pagination\">\n\t    \n\t\n\n<li >\n\t<a href='?page_no=24824'>Previous<\/a>\n\t<\/li>\n\n\n       \n    \n\n<li><a href='?page_no=1'>1<\/a><\/li>\n\n\n\n<li><a href='?page_no=2'>2<\/a><\/li>\n\n\n\n<li><a>...<\/a><\/li>\n\n\n\n<li><a href='?page_no=24823'>24823<\/a><\/li>\n\n\n\n<li><a href='?page_no=24824'>24824<\/a><\/li>\n\n\n\n<li class='active'><a>24825<\/a><\/li>\n\n\n\n<li><a href='?page_no=24826'>24826<\/a><\/li>\n\n\n\n<li><a href='?page_no=24827'>24827<\/a><\/li>\n\n\n\n<li><a>...<\/a><\/li>\n\n\n\n<li><a href='?page_no=51012'>51012<\/a><\/li>\n\n\n\n<li><a href='?page_no=51013'>51013<\/a><\/li>\n\n    \n\t\n\n<li >\n\t<a href='?page_no=24826'>Next<\/a>\n\t<\/li>\n\n\n    \n\n<li><a href='?page_no=51013'>Last &rsaquo;&rsaquo;<\/a><\/li>\n\n<\/ul>\n\n\n--><br \/>\n<\/body><\/p>\n","protected":false},"excerpt":{"rendered":"<p>S\u00eddney (Australia), 25 febrero .- La ministra de Asuntos Exteriores de Australia, Julie Bishop, reclam\u00f3 hoy en el Parlamento del pa\u00eds soluciones a nivel familiar para frenar el creciente n\u00famero de mujeres j\u00f3venes que se unen al Estado Isl\u00e1mico (EI), pese a ser usadas como esclavas sexuales o terroristas suicidas. \u00abCada vez m\u00e1s mujeres acuden [&hellip;]<\/p>\n","protected":false},"author":3,"featured_media":0,"comment_status":"open","ping_status":"open","sticky":false,"template":"","format":"standard","meta":{"footnotes":""},"categories":[23],"tags":[],"class_list":["post-255180","post","type-post","status-publish","format-standard","hentry","category-internacional"],"_links":{"self":[{"href":"https:\/\/diariodominicano.com\/index.php?rest_route=\/wp\/v2\/posts\/255180","targetHints":{"allow":["GET"]}}],"collection":[{"href":"https:\/\/diariodominicano.com\/index.php?rest_route=\/wp\/v2\/posts"}],"about":[{"href":"https:\/\/diariodominicano.com\/index.php?rest_route=\/wp\/v2\/types\/post"}],"author":[{"embeddable":true,"href":"https:\/\/diariodominicano.com\/index.php?rest_route=\/wp\/v2\/users\/3"}],"replies":[{"embeddable":true,"href":"https:\/\/diariodominicano.com\/index.php?rest_route=%2Fwp%2Fv2%2Fcomments&post=255180"}],"version-history":[{"count":0,"href":"https:\/\/diariodominicano.com\/index.php?rest_route=\/wp\/v2\/posts\/255180\/revisions"}],"wp:attachment":[{"href":"https:\/\/diariodominicano.com\/index.php?rest_route=%2Fwp%2Fv2%2Fmedia&parent=255180"}],"wp:term":[{"taxonomy":"category","embeddable":true,"href":"https:\/\/diariodominicano.com\/index.php?rest_route=%2Fwp%2Fv2%2Fcategories&post=255180"},{"taxonomy":"post_tag","embeddable":true,"href":"https:\/\/diariodominicano.com\/index.php?rest_route=%2Fwp%2Fv2%2Ftags&post=255180"}],"curies":[{"name":"wp","href":"https:\/\/api.w.org\/{rel}","templated":true}]}}