{"id":255176,"date":"2015-02-25T13:57:41","date_gmt":"2015-02-25T13:57:41","guid":{"rendered":"http:\/\/diariodominicano.ddns.net\/?p=255176"},"modified":"2015-02-25T13:57:41","modified_gmt":"2015-02-25T13:57:41","slug":"obama-busca-defender-en-miami-acciones-migratorias","status":"publish","type":"post","link":"https:\/\/diariodominicano.com\/?p=255176","title":{"rendered":"&#13;&#13;Obama busca defender en Miami acciones migratorias\t\t\t&#13;"},"content":{"rendered":"<p><body><\/p>\n<p><img decoding=\"async\" src=\"img3\/obama3.jpg\" \/>  <\/p>\n<\/p>\n<p><span class=\"text1noticias\">Washington, 25 feb (PL) El presidente estadounidense Barack Obama planea defender hoy en Miami, estado de Florida, sus acciones migratorias, a la vez que recabar apoyos contra la decisi\u00f3n de un juez federal de suspender sus medidas favorables a los indocumentados. <\/span><\/p>\n<\/p>\n<p><span class=\"text1noticias\">La alocuci\u00f3n del mandatario sobre ese tema ser\u00e1 parte de prolongados esfuerzos, bloqueados por los republicanos, para arreglar el sistema de inmigraci\u00f3n, el cual, seg\u00fan Obama y otros funcionarios de diferentes tendencias pol\u00edticas, resulta disfuncional desde hace d\u00e9cadas.<\/span><\/p>\n<\/p>\n<p><span class=\"text1noticias\">Ocurre adem\u00e1s mientras se encuentra atascada en el Capitolio la aprobaci\u00f3n del presupuesto para el departamento de Seguridad Nacional (DHS), cuyo financiamiento de unos 40 mil millones de d\u00f3lares los conservadores intentan condicionar con la anulaci\u00f3n de las medidas tomadas por el Ejecutivo.<\/span><\/p>\n<\/p>\n<p><span class=\"text1noticias\">El pasado d\u00eda 16, el juez de distrito de Texas, Andrew Hanen, decidi\u00f3 congelar las \u00f3rdenes del gobernante, destinadas a posponer la deportaci\u00f3n de unos cinco millones de indocumentados.<\/span><\/p>\n<\/p>\n<p><span class=\"text1noticias\">Al mismo tiempo, Hanen otorg\u00f3 tiempo a una coalici\u00f3n de 26 estados de la Uni\u00f3n para imponer una demanda dirigida a eliminar definitivamente dichas provisiones.<\/span><\/p>\n<\/p>\n<p><span class=\"text1noticias\">La semana anterior debi\u00f3 iniciar la primera de las \u00f3rdenes dictadas por Obama en noviembre de 2014, relacionada con el programa de Acci\u00f3n Diferida (DACA) que protege de la deportaci\u00f3n a j\u00f3venes inmigrantes que llegaron a esta naci\u00f3n norte\u00f1a cuando eran ni\u00f1os (dreamers) y cumplen otros requisitos adicionales.<\/span><\/p>\n<\/p>\n<p><span class=\"text1noticias\">El DACA postergar\u00e1 por tres a\u00f1os su expulsi\u00f3n y les permitir\u00e1 obtener un permiso de trabajo temporal.<\/span><\/p>\n<\/p>\n<p><span class=\"text1noticias\">Para el 19 de mayo pr\u00f3ximo estar\u00eda vigente la mayor parte del programa del mandatario, que extiende esa protecci\u00f3n a los padres de ciudadanos estadounidenses y residentes permanentes que han vivido en el pa\u00eds durante algunos a\u00f1os.<\/span><\/p>\n<\/p>\n<p><span class=\"text1noticias\">La Casa Blanca anunci\u00f3 que interpondr\u00e1 una demanda legal contra el dictamen del magistrado Hanen ante la corte federal de apelaciones del Quinto Circuito, situada en Nueva Orl\u00e9ans, estado de Louisiana.<\/span><\/p>\n<\/p>\n<p><span class=\"text1noticias\">La v\u00edspera, el gobernante calific\u00f3 de irresponsable al Congreso estadounidense, de mayor\u00eda republicana, al abordar los problemas migratorios del pa\u00eds.<\/span><\/p>\n<\/p>\n<p><span class=\"text1noticias\">Sin embargo, hemos o\u00eddo amenazas irresponsables para cerrar el DHS, la misma agencia encargada de asegurar nuestras fronteras y de proteger la seguridad de las personas que viven en Estados Unidos, por ninguna otra raz\u00f3n que un desacuerdo partidista sobre mis acciones, subray\u00f3 Obama en un art\u00edculo de su autor\u00eda publicado en el diario The Hill<\/span>.<\/p>\n<\/p>\n<h6> 2015-02-25 13:57:41 <\/h6>\n<p><!--\n<link rel=\"stylesheet\" href=\"css\/bootstrap.min.css\">\n\n\n<ul class=\"pagination\">\n\t    \n\t\n\n<li >\n\t<a href='?page_no=24820'>Previous<\/a>\n\t<\/li>\n\n\n       \n    \n\n<li><a href='?page_no=1'>1<\/a><\/li>\n\n\n\n<li><a href='?page_no=2'>2<\/a><\/li>\n\n\n\n<li><a>...<\/a><\/li>\n\n\n\n<li><a href='?page_no=24819'>24819<\/a><\/li>\n\n\n\n<li><a href='?page_no=24820'>24820<\/a><\/li>\n\n\n\n<li class='active'><a>24821<\/a><\/li>\n\n\n\n<li><a href='?page_no=24822'>24822<\/a><\/li>\n\n\n\n<li><a href='?page_no=24823'>24823<\/a><\/li>\n\n\n\n<li><a>...<\/a><\/li>\n\n\n\n<li><a href='?page_no=51012'>51012<\/a><\/li>\n\n\n\n<li><a href='?page_no=51013'>51013<\/a><\/li>\n\n    \n\t\n\n<li >\n\t<a href='?page_no=24822'>Next<\/a>\n\t<\/li>\n\n\n    \n\n<li><a href='?page_no=51013'>Last &rsaquo;&rsaquo;<\/a><\/li>\n\n<\/ul>\n\n\n--><br \/>\n<\/body><\/p>\n","protected":false},"excerpt":{"rendered":"<p>Washington, 25 feb (PL) El presidente estadounidense Barack Obama planea defender hoy en Miami, estado de Florida, sus acciones migratorias, a la vez que recabar apoyos contra la decisi\u00f3n de un juez federal de suspender sus medidas favorables a los indocumentados. La alocuci\u00f3n del mandatario sobre ese tema ser\u00e1 parte de prolongados esfuerzos, bloqueados por [&hellip;]<\/p>\n","protected":false},"author":3,"featured_media":0,"comment_status":"open","ping_status":"open","sticky":false,"template":"","format":"standard","meta":{"footnotes":""},"categories":[23],"tags":[],"class_list":["post-255176","post","type-post","status-publish","format-standard","hentry","category-internacional"],"_links":{"self":[{"href":"https:\/\/diariodominicano.com\/index.php?rest_route=\/wp\/v2\/posts\/255176","targetHints":{"allow":["GET"]}}],"collection":[{"href":"https:\/\/diariodominicano.com\/index.php?rest_route=\/wp\/v2\/posts"}],"about":[{"href":"https:\/\/diariodominicano.com\/index.php?rest_route=\/wp\/v2\/types\/post"}],"author":[{"embeddable":true,"href":"https:\/\/diariodominicano.com\/index.php?rest_route=\/wp\/v2\/users\/3"}],"replies":[{"embeddable":true,"href":"https:\/\/diariodominicano.com\/index.php?rest_route=%2Fwp%2Fv2%2Fcomments&post=255176"}],"version-history":[{"count":0,"href":"https:\/\/diariodominicano.com\/index.php?rest_route=\/wp\/v2\/posts\/255176\/revisions"}],"wp:attachment":[{"href":"https:\/\/diariodominicano.com\/index.php?rest_route=%2Fwp%2Fv2%2Fmedia&parent=255176"}],"wp:term":[{"taxonomy":"category","embeddable":true,"href":"https:\/\/diariodominicano.com\/index.php?rest_route=%2Fwp%2Fv2%2Fcategories&post=255176"},{"taxonomy":"post_tag","embeddable":true,"href":"https:\/\/diariodominicano.com\/index.php?rest_route=%2Fwp%2Fv2%2Ftags&post=255176"}],"curies":[{"name":"wp","href":"https:\/\/api.w.org\/{rel}","templated":true}]}}