{"id":255175,"date":"2015-02-25T14:00:31","date_gmt":"2015-02-25T14:00:31","guid":{"rendered":"http:\/\/diariodominicano.ddns.net\/?p=255175"},"modified":"2015-02-25T14:00:31","modified_gmt":"2015-02-25T14:00:31","slug":"farc-acuerdo-politico-sera-garante-de-paz-colombiana","status":"publish","type":"post","link":"https:\/\/diariodominicano.com\/?p=255175","title":{"rendered":"&#13;FARC: Acuerdo pol\u00edtico ser\u00e1 garante de paz colombiana\t\t\t&#13;"},"content":{"rendered":"<p><body><\/p>\n<p><img decoding=\"async\" src=\"img3\/pastor-alape4.jpg\" \/>  <\/p>\n<\/p>\n<p><span class=\"text1noticias\">La Habana, 25 feb (PL) La delegaci\u00f3n de las Fuerzas Armadas Revolucionarias de Colombia-Ej\u00e9rcito del Pueblo (FARC-EP) que participa aqu\u00ed en las negociaciones de paz con el Gobierno colombiano, expres\u00f3 que un acuerdo pol\u00edtico nacional ser\u00e1 garante de paz.<\/span><\/p>\n<\/p>\n<p><span class=\"text1noticias\">En desarrollo de sus diez propuestas m\u00ednimas sobre Derechos integrales de las v\u00edctimas para la paz y reconciliaci\u00f3n nacional, el ente present\u00f3 las derivaciones de la octava propuesta referida a la \u00abDefinici\u00f3n concertada de mecanismos e instrumentos de justicia para garantizar los derechos de las v\u00edctimas del conflicto\u00bb.<\/span><\/p>\n<\/p>\n<p><span class=\"text1noticias\">De acuerdo con un comunicado divulgado aqu\u00ed, en una primera definici\u00f3n general de la propuesta, se establece que los criterios, instancias, mecanismos e instrumentos de justicia, a aplicar con el fin de garantizar los derechos de las v\u00edctimas del conflicto, ser\u00e1n definidos de manera concertada por las partes.<\/span><\/p>\n<\/p>\n<p><span class=\"text1noticias\">De ah\u00ed -a\u00f1ade el texto- se desprenden las dem\u00e1s conceptualizaciones de la insurgencia, superando los tradicionales marcos te\u00f3ricos institucionales que hasta ahora imponen cierta idea equ\u00edvoca de verdad, justicia, reparaci\u00f3n y no repetici\u00f3n pleg\u00e1ndola a los condicionamientos punitivos de tinte contrainsurgente contenidos en el unilateral marco jur\u00eddico para la paz del gobierno.<\/span><\/p>\n<\/p>\n<p><span class=\"text1noticias\">El contenido de la octava propuesta se basa en recordar el car\u00e1cter de imputable principal que tiene el Estado en la confrontaci\u00f3n que padece Colombia y la condici\u00f3n de organizaci\u00f3n pol\u00edtico-militar de la guerrilla, lo cual debe abrir paso al presupuesto principal del reconocimiento amplio del delito pol\u00edtico y del derecho a la rebeli\u00f3n.<\/span><\/p>\n<\/p>\n<p><span class=\"text1noticias\">Con este enfoque, las FARC-EP presentaron nueve subpuntos que incluyen su visi\u00f3n sobre el asunto de la justicia, rechazando la posibilidad de que el Estado pueda actuar como juez y parte del conflicto y abogando, entre otros asuntos, porque se aborde el tema reconociendo la doctrina y la jurisprudencia del margen de apreciaci\u00f3n nacional.<\/span><\/p>\n<\/p>\n<p><span class=\"text1noticias\">El texto que da inicio al ciclo 33 de las conversaciones hace referencia tambi\u00e9n a los sub-puntos 8.1 y 8.2, concernientes a la definici\u00f3n de justicia como finalidad transformadora y cr\u00edtica del orden social vigente.<\/span><\/p>\n<\/p>\n<p><span class=\"text1noticias\">La misma platean quede concebirse como un proceso en permanente construcci\u00f3n para superar las desigualdades sociales y al tiempo que debe cuestionar la noci\u00f3n dominante y jur\u00eddica de v\u00edctimas.<\/span><\/p>\n<\/p>\n<p><span class=\"text1noticias\">Tambi\u00e9n, puntualiza el documento, es necesaria la existencia de un acuerdo pol\u00edtico nacional para la justicia real y material garante de la paz estable y duradera.<\/span><\/p>\n<\/p>\n<h6> 2015-02-25 14:00:31 <\/h6>\n<p><!--\n<link rel=\"stylesheet\" href=\"css\/bootstrap.min.css\">\n\n\n<ul class=\"pagination\">\n\t    \n\t\n\n<li >\n\t<a href='?page_no=24819'>Previous<\/a>\n\t<\/li>\n\n\n       \n    \n\n<li><a href='?page_no=1'>1<\/a><\/li>\n\n\n\n<li><a href='?page_no=2'>2<\/a><\/li>\n\n\n\n<li><a>...<\/a><\/li>\n\n\n\n<li><a href='?page_no=24818'>24818<\/a><\/li>\n\n\n\n<li><a href='?page_no=24819'>24819<\/a><\/li>\n\n\n\n<li class='active'><a>24820<\/a><\/li>\n\n\n\n<li><a href='?page_no=24821'>24821<\/a><\/li>\n\n\n\n<li><a href='?page_no=24822'>24822<\/a><\/li>\n\n\n\n<li><a>...<\/a><\/li>\n\n\n\n<li><a href='?page_no=51012'>51012<\/a><\/li>\n\n\n\n<li><a href='?page_no=51013'>51013<\/a><\/li>\n\n    \n\t\n\n<li >\n\t<a href='?page_no=24821'>Next<\/a>\n\t<\/li>\n\n\n    \n\n<li><a href='?page_no=51013'>Last &rsaquo;&rsaquo;<\/a><\/li>\n\n<\/ul>\n\n\n--><br \/>\n<\/body><\/p>\n","protected":false},"excerpt":{"rendered":"<p>La Habana, 25 feb (PL) La delegaci\u00f3n de las Fuerzas Armadas Revolucionarias de Colombia-Ej\u00e9rcito del Pueblo (FARC-EP) que participa aqu\u00ed en las negociaciones de paz con el Gobierno colombiano, expres\u00f3 que un acuerdo pol\u00edtico nacional ser\u00e1 garante de paz. En desarrollo de sus diez propuestas m\u00ednimas sobre Derechos integrales de las v\u00edctimas para la paz [&hellip;]<\/p>\n","protected":false},"author":3,"featured_media":0,"comment_status":"open","ping_status":"open","sticky":false,"template":"","format":"standard","meta":{"footnotes":""},"categories":[23],"tags":[],"class_list":["post-255175","post","type-post","status-publish","format-standard","hentry","category-internacional"],"_links":{"self":[{"href":"https:\/\/diariodominicano.com\/index.php?rest_route=\/wp\/v2\/posts\/255175","targetHints":{"allow":["GET"]}}],"collection":[{"href":"https:\/\/diariodominicano.com\/index.php?rest_route=\/wp\/v2\/posts"}],"about":[{"href":"https:\/\/diariodominicano.com\/index.php?rest_route=\/wp\/v2\/types\/post"}],"author":[{"embeddable":true,"href":"https:\/\/diariodominicano.com\/index.php?rest_route=\/wp\/v2\/users\/3"}],"replies":[{"embeddable":true,"href":"https:\/\/diariodominicano.com\/index.php?rest_route=%2Fwp%2Fv2%2Fcomments&post=255175"}],"version-history":[{"count":0,"href":"https:\/\/diariodominicano.com\/index.php?rest_route=\/wp\/v2\/posts\/255175\/revisions"}],"wp:attachment":[{"href":"https:\/\/diariodominicano.com\/index.php?rest_route=%2Fwp%2Fv2%2Fmedia&parent=255175"}],"wp:term":[{"taxonomy":"category","embeddable":true,"href":"https:\/\/diariodominicano.com\/index.php?rest_route=%2Fwp%2Fv2%2Fcategories&post=255175"},{"taxonomy":"post_tag","embeddable":true,"href":"https:\/\/diariodominicano.com\/index.php?rest_route=%2Fwp%2Fv2%2Ftags&post=255175"}],"curies":[{"name":"wp","href":"https:\/\/api.w.org\/{rel}","templated":true}]}}