{"id":255173,"date":"2015-02-25T14:04:53","date_gmt":"2015-02-25T14:04:53","guid":{"rendered":"http:\/\/diariodominicano.ddns.net\/?p=255173"},"modified":"2015-02-25T14:04:53","modified_gmt":"2015-02-25T14:04:53","slug":"intensas-nevadas-en-afganistan-provocan-mas-de-100-muertes","status":"publish","type":"post","link":"https:\/\/diariodominicano.com\/?p=255173","title":{"rendered":"&#13;&#13;Intensas nevadas en Afganist\u00e1n provocan m\u00e1s de 100 muertes"},"content":{"rendered":"<p><body><\/p>\n<p><img decoding=\"async\" src=\"img3\/afganistan-avalancha.jpg\" \/>  <\/p>\n<p><span class=\"text1noticias\">\t\t<\/span><\/p>\n<p><span class=\"text1noticias\">  <\/span><\/p>\n<\/p>\n<p><span class=\"text1noticias\">Kabul, 25 feb (PL) A m\u00e1s de un centenar ascendi\u00f3 el n\u00famero de muertos en las afganas provincias de Panjshir, Laghman y Bamiyan, como consecuencia de aludes causados por intensas nevadas, informaron organismos humanitarios.<\/span><\/p>\n<\/p>\n<p><span class=\"text1noticias\">El representante de la Media Luna Roja, Abdul Rahman, dijo a medios de prensa que la cifra de v\u00edctimas podr\u00eda ser a\u00fan mayor debido a que persisten las avalanchas de nieve en demarcaciones norte\u00f1as de este pa\u00eds centroasi\u00e1tico.<\/span><\/p>\n<\/p>\n<p><span class=\"text1noticias\">Las ventiscas y copiosas lluvias da\u00f1aron tambi\u00e9n a cientos de vivivendas y obstruyeron carreteras en las \u00faltimas horas, afirm\u00f3, por su parte, el m\u00e1ximo responsable de la Autoridad de Manejo de Desastres Naturales, Mohammad Daem Kakar.<\/span><\/p>\n<\/p>\n<p><span class=\"text1noticias\">En la nororiental provincia afgana de Panjshir y otros sitios grupos de socorristas laboran de forma intensa para rescatar a personas en riesgo en medio de las adversas condiciones climatol\u00f3gicas.<\/span><\/p>\n<h6> 2015-02-25 14:04:53 <\/h6>\n<p><!--\n<link rel=\"stylesheet\" href=\"css\/bootstrap.min.css\">\n\n\n<ul class=\"pagination\">\n\t    \n\t\n\n<li >\n\t<a href='?page_no=24817'>Previous<\/a>\n\t<\/li>\n\n\n       \n    \n\n<li><a href='?page_no=1'>1<\/a><\/li>\n\n\n\n<li><a href='?page_no=2'>2<\/a><\/li>\n\n\n\n<li><a>...<\/a><\/li>\n\n\n\n<li><a href='?page_no=24816'>24816<\/a><\/li>\n\n\n\n<li><a href='?page_no=24817'>24817<\/a><\/li>\n\n\n\n<li class='active'><a>24818<\/a><\/li>\n\n\n\n<li><a href='?page_no=24819'>24819<\/a><\/li>\n\n\n\n<li><a href='?page_no=24820'>24820<\/a><\/li>\n\n\n\n<li><a>...<\/a><\/li>\n\n\n\n<li><a href='?page_no=51012'>51012<\/a><\/li>\n\n\n\n<li><a href='?page_no=51013'>51013<\/a><\/li>\n\n    \n\t\n\n<li >\n\t<a href='?page_no=24819'>Next<\/a>\n\t<\/li>\n\n\n    \n\n<li><a href='?page_no=51013'>Last &rsaquo;&rsaquo;<\/a><\/li>\n\n<\/ul>\n\n\n--><br \/>\n<\/body><\/p>\n","protected":false},"excerpt":{"rendered":"<p>Kabul, 25 feb (PL) A m\u00e1s de un centenar ascendi\u00f3 el n\u00famero de muertos en las afganas provincias de Panjshir, Laghman y Bamiyan, como consecuencia de aludes causados por intensas nevadas, informaron organismos humanitarios. El representante de la Media Luna Roja, Abdul Rahman, dijo a medios de prensa que la cifra de v\u00edctimas podr\u00eda ser [&hellip;]<\/p>\n","protected":false},"author":3,"featured_media":0,"comment_status":"open","ping_status":"open","sticky":false,"template":"","format":"standard","meta":{"footnotes":""},"categories":[23],"tags":[],"class_list":["post-255173","post","type-post","status-publish","format-standard","hentry","category-internacional"],"_links":{"self":[{"href":"https:\/\/diariodominicano.com\/index.php?rest_route=\/wp\/v2\/posts\/255173","targetHints":{"allow":["GET"]}}],"collection":[{"href":"https:\/\/diariodominicano.com\/index.php?rest_route=\/wp\/v2\/posts"}],"about":[{"href":"https:\/\/diariodominicano.com\/index.php?rest_route=\/wp\/v2\/types\/post"}],"author":[{"embeddable":true,"href":"https:\/\/diariodominicano.com\/index.php?rest_route=\/wp\/v2\/users\/3"}],"replies":[{"embeddable":true,"href":"https:\/\/diariodominicano.com\/index.php?rest_route=%2Fwp%2Fv2%2Fcomments&post=255173"}],"version-history":[{"count":0,"href":"https:\/\/diariodominicano.com\/index.php?rest_route=\/wp\/v2\/posts\/255173\/revisions"}],"wp:attachment":[{"href":"https:\/\/diariodominicano.com\/index.php?rest_route=%2Fwp%2Fv2%2Fmedia&parent=255173"}],"wp:term":[{"taxonomy":"category","embeddable":true,"href":"https:\/\/diariodominicano.com\/index.php?rest_route=%2Fwp%2Fv2%2Fcategories&post=255173"},{"taxonomy":"post_tag","embeddable":true,"href":"https:\/\/diariodominicano.com\/index.php?rest_route=%2Fwp%2Fv2%2Ftags&post=255173"}],"curies":[{"name":"wp","href":"https:\/\/api.w.org\/{rel}","templated":true}]}}