{"id":255165,"date":"2015-02-26T14:31:44","date_gmt":"2015-02-26T14:31:44","guid":{"rendered":"http:\/\/diariodominicano.ddns.net\/?p=255165"},"modified":"2015-02-26T14:31:44","modified_gmt":"2015-02-26T14:31:44","slug":"rechazo-juez-denuncia-contra-presidenta-argentina","status":"publish","type":"post","link":"https:\/\/diariodominicano.com\/?p=255165","title":{"rendered":"&#13;Rechaz\u00f3 juez denuncia contra presidenta argentina"},"content":{"rendered":"<p><body><\/p>\n<p><img decoding=\"async\" src=\"img3\/daniel-rafecas.jpg\" \/>  <\/p>\n<p><span class=\"text1noticias\">\t\t<\/span><\/p>\n<\/p>\n<p><span class=\"text1noticias\">  <\/span><\/p>\n<\/p>\n<p><span class=\"text1noticias\">Buenos Aires, 26 feb (PL) El juez Daniel Rafecas rechaz\u00f3 hoy la denuncia contra la presidenta argentina, Cristina Fern\u00e1ndez, por encubrimiento que formul\u00f3 ante su juzgado el fiscal Gerardo Pollicita, quien retom\u00f3 la lanzada por su difunto colega Alberto Nisman.<\/span><\/p>\n<\/p>\n<p><span class=\"text1noticias\">En su fallo, el magistrado considero que no \u00abhay un solo elemento de prueba, siquiera indiciario, que apunte a la actual Jefa de Estado\u00bb.<\/span><\/p>\n<\/p>\n<p><span class=\"text1noticias\">Pollicita imput\u00f3 a la Presidenta y al Canciller de encubrir a Ir\u00e1n a cambio de petr\u00f3leo, al negociar un Memorando de Entendimiento, por su presunta participaci\u00f3n en el atentado en 1994 a la asociaci\u00f3n jud\u00eda AMIA.<\/span><\/p>\n<\/p>\n<p><span class=\"text1noticias\">Esa fue la ins\u00f3lita denuncia que lanz\u00f3 Nisman el pasado 12 de enero, la cual sirvi\u00f3 a la oposici\u00f3n para lanzar una voraz ofensiva contra el Gobierno, antes de aparecer muerto tres d\u00edas despu\u00e9s lo cual ech\u00f3 aun mucha m\u00e1s le\u00f1a al fuego pol\u00edtico.<\/span><\/p>\n<\/p>\n<p><span class=\"text1noticias\">\u00abEl magistrado entendi\u00f3 que no est\u00e1n dadas las m\u00ednimas condiciones para iniciar una investigaci\u00f3n penal a partir de lo presentado por el fiscal\u00bb escribi\u00f3 en su cuenta de Twitter la directora de comunicaci\u00f3n de la Corte Suprema argentina, Mar\u00eda Bourdin.<\/span><\/p>\n<\/p>\n<p><span class=\"text1noticias\">\u00abRafecas dijo que ninguna de las dos hip\u00f3tesis de delito del fiscal Pollicita en su requerimiento se sostienen m\u00ednimamente\u00bb agreg\u00f3 Bourdin.<\/span><\/p>\n<\/p>\n<p><span class=\"text1noticias\">Ese fiscal impuls\u00f3 la acci\u00f3n penal en la denuncia contra el Gobierno y hab\u00eda solicitado que se abra la investigaci\u00f3n para comprobar si la hip\u00f3tesis delictiva ten\u00eda o no sustento.<\/span><\/p>\n<\/p>\n<p><span class=\"text1noticias\">Su acci\u00f3n, enarbolada en la campa\u00f1a antigubernamental por los sectores opositores, fue considerada una muestra m\u00e1s de las maniobras de golpe blando que viene lanzando una porci\u00f3n opositora del Poder Judicial.<\/span><\/p>\n<\/p>\n<p><span class=\"text1noticias\">Pollicita imput\u00f3 tambi\u00e9n por el delito de encubrimiento al canciller H\u00e9ctor Timerman, el diputado Andr\u00e9s Larroque, los dirigentes sociales Luis D&#8217;El\u00eda, Fernando Esteche y Jorge Khalil, adem\u00e1s del exfiscal H\u00e9ctor Yrimia y el supuesto \u00abesp\u00eda\u00bb Ram\u00f3n Allan H\u00e9ctor Bogado.<\/span><\/p>\n<\/p>\n<p><span class=\"text1noticias\">El dictamen de Rafecas precisa que \u00abno hay un solo elemento de prueba, siquiera indiciario, que apunte a la actual Jefa de Estado respecto -aunque sea- a una instigaci\u00f3n o preparaci\u00f3n (no punible) del grav\u00edsimo delito de encubrimiento por el cual fuera no s\u00f3lo denunciada sino tambi\u00e9n su declaraci\u00f3n indagatoria requerida\u00bb.<\/span><\/p>\n<\/p>\n<p><span class=\"text1noticias\">El juez recalca en su veredicto que no existi\u00f3 delito alguno en ninguna de las dos hip\u00f3tesis planteadas por el fiscal Pollicita en su requerimiento de instrucci\u00f3n.<\/span><\/p>\n<\/p>\n<p><span class=\"text1noticias\">La decisi\u00f3n del magistrado cay\u00f3 como un balde agua de fr\u00eda sobre los grupos concentrados de poder econ\u00f3mico y medi\u00e1tico que esperaban utilizar la denuncia como arma para prolongar el ataque al Gobierno en un a\u00f1o electoral.<\/span><\/p>\n<\/p>\n<p><span class=\"text1noticias\">El pr\u00f3ximo octubre se definir\u00e1 cual fuerza pol\u00edtica conducir\u00e1 el pa\u00eds en los pr\u00f3ximos cuatro a\u00f1os. Ya comienzan a escucharse voces desde la oposici\u00f3n de cr\u00edtica al juez Rafecas.<\/span><\/p>\n<\/p>\n<h6> 2015-02-26 14:31:44 <\/h6>\n<p><!--\n<link rel=\"stylesheet\" href=\"css\/bootstrap.min.css\">\n\n\n<ul class=\"pagination\">\n\t    \n\t\n\n<li >\n\t<a href='?page_no=24809'>Previous<\/a>\n\t<\/li>\n\n\n       \n    \n\n<li><a href='?page_no=1'>1<\/a><\/li>\n\n\n\n<li><a href='?page_no=2'>2<\/a><\/li>\n\n\n\n<li><a>...<\/a><\/li>\n\n\n\n<li><a href='?page_no=24808'>24808<\/a><\/li>\n\n\n\n<li><a href='?page_no=24809'>24809<\/a><\/li>\n\n\n\n<li class='active'><a>24810<\/a><\/li>\n\n\n\n<li><a href='?page_no=24811'>24811<\/a><\/li>\n\n\n\n<li><a href='?page_no=24812'>24812<\/a><\/li>\n\n\n\n<li><a>...<\/a><\/li>\n\n\n\n<li><a href='?page_no=51012'>51012<\/a><\/li>\n\n\n\n<li><a href='?page_no=51013'>51013<\/a><\/li>\n\n    \n\t\n\n<li >\n\t<a href='?page_no=24811'>Next<\/a>\n\t<\/li>\n\n\n    \n\n<li><a href='?page_no=51013'>Last &rsaquo;&rsaquo;<\/a><\/li>\n\n<\/ul>\n\n\n--><br \/>\n<\/body><\/p>\n","protected":false},"excerpt":{"rendered":"<p>Buenos Aires, 26 feb (PL) El juez Daniel Rafecas rechaz\u00f3 hoy la denuncia contra la presidenta argentina, Cristina Fern\u00e1ndez, por encubrimiento que formul\u00f3 ante su juzgado el fiscal Gerardo Pollicita, quien retom\u00f3 la lanzada por su difunto colega Alberto Nisman. En su fallo, el magistrado considero que no \u00abhay un solo elemento de prueba, siquiera [&hellip;]<\/p>\n","protected":false},"author":3,"featured_media":0,"comment_status":"open","ping_status":"open","sticky":false,"template":"","format":"standard","meta":{"footnotes":""},"categories":[23],"tags":[],"class_list":["post-255165","post","type-post","status-publish","format-standard","hentry","category-internacional"],"_links":{"self":[{"href":"https:\/\/diariodominicano.com\/index.php?rest_route=\/wp\/v2\/posts\/255165","targetHints":{"allow":["GET"]}}],"collection":[{"href":"https:\/\/diariodominicano.com\/index.php?rest_route=\/wp\/v2\/posts"}],"about":[{"href":"https:\/\/diariodominicano.com\/index.php?rest_route=\/wp\/v2\/types\/post"}],"author":[{"embeddable":true,"href":"https:\/\/diariodominicano.com\/index.php?rest_route=\/wp\/v2\/users\/3"}],"replies":[{"embeddable":true,"href":"https:\/\/diariodominicano.com\/index.php?rest_route=%2Fwp%2Fv2%2Fcomments&post=255165"}],"version-history":[{"count":0,"href":"https:\/\/diariodominicano.com\/index.php?rest_route=\/wp\/v2\/posts\/255165\/revisions"}],"wp:attachment":[{"href":"https:\/\/diariodominicano.com\/index.php?rest_route=%2Fwp%2Fv2%2Fmedia&parent=255165"}],"wp:term":[{"taxonomy":"category","embeddable":true,"href":"https:\/\/diariodominicano.com\/index.php?rest_route=%2Fwp%2Fv2%2Fcategories&post=255165"},{"taxonomy":"post_tag","embeddable":true,"href":"https:\/\/diariodominicano.com\/index.php?rest_route=%2Fwp%2Fv2%2Ftags&post=255165"}],"curies":[{"name":"wp","href":"https:\/\/api.w.org\/{rel}","templated":true}]}}