{"id":255160,"date":"2015-02-27T00:12:36","date_gmt":"2015-02-27T00:12:36","guid":{"rendered":"http:\/\/diariodominicano.ddns.net\/?p=255160"},"modified":"2015-02-27T00:12:36","modified_gmt":"2015-02-27T00:12:36","slug":"haiti-anuncia-nueva-estrategia-contra-detenciones-preventivas-prolongadas","status":"publish","type":"post","link":"https:\/\/diariodominicano.com\/?p=255160","title":{"rendered":"Hait\u00ed anuncia nueva estrategia contra detenciones preventivas prolongadas"},"content":{"rendered":"<p><body><\/p>\n<p><span class=\"text1noticias\">Hait\u00ed, 27 feb (Xinhua).- El Gobierno de Hait\u00ed anunci\u00f3 la ejecuci\u00f3n de una nueva estrategia para enfrentar las detenciones preventivas prolongadas en las c\u00e1rceles del pa\u00eds, donde s\u00f3lo poco m\u00e1s de un tercio de la poblaci\u00f3n carcelaria ha sido condenada.<\/span><\/p>\n<p><span class=\"text1noticias\"> <\/span><\/p>\n<p><span class=\"text1noticias\">El ministro de Justicia, Pierre Richard Casimir, dijo que el n\u00famero de tribunales en los juzgados de Puerto Pr\u00edncipe ser\u00e1 aumentado para agilizar la revisi\u00f3n de los expedientes, sobre todo en esta ciudad donde el 89 por ciento de los presos en la Penitenciar\u00eda Nacional se encuentran en prisi\u00f3n preventiva prolongada.<\/span><\/p>\n<p><span class=\"text1noticias\"> <\/span><\/p>\n<p><span class=\"text1noticias\">Casimir tambi\u00e9n pidi\u00f3 a los jueces intensificar su trabajo para conocer los casos pendientes, y se comprometi\u00f3 a involucrarse personalmente en la ejecuci\u00f3n del programa y visitar las instalaciones carcelarias para \u00abentender mejor la situaci\u00f3n\u00bb.<\/span><\/p>\n<p><span class=\"text1noticias\"> <\/span><\/p>\n<p><span class=\"text1noticias\">El funcionario anunci\u00f3 adem\u00e1s acciones para evitar el hacinamiento en las prisiones, e inst\u00f3 a los comisarios del gobierno (fiscales) a no pasar casos menores a los jueces de instrucci\u00f3n.<\/span><\/p>\n<p><span class=\"text1noticias\"> <\/span><\/p>\n<p><span class=\"text1noticias\">\u00abAlgunos delitos requieren s\u00f3lo de una simple cita\u00bb, dijo Casimir.<\/span><\/p>\n<p><span class=\"text1noticias\"> <\/span><\/p>\n<p><span class=\"text1noticias\">La ONU inform\u00f3 a finales del a\u00f1o pasado que la poblaci\u00f3n carcelaria de Hait\u00ed creci\u00f3 de 1.600 reclusos a 10.500 en los \u00faltimos 20 a\u00f1os, lapso en el que \u00abse han introducido iniciativas, pero ninguna ha tenido un profundo impacto\u00bb en el pa\u00eds.<\/span><\/p>\n<p><span class=\"text1noticias\"> <\/span><\/p>\n<p><span class=\"text1noticias\"> Giuseppe Calandruccio, representante del Alto Comisionado de los Derechos Humanos en Hait\u00ed, dijo en esa oportunidad que desde la llegada de la Misi\u00f3n de la ONU para la Estabilizaci\u00f3n de este pa\u00eds (Minustah), a la fecha, \u00abel n\u00famero de reclusos ha aumentado seis veces m\u00e1s r\u00e1pido que la poblaci\u00f3n total haitiana\u00bb.<\/span><\/p>\n<p><span class=\"text1noticias\"> <\/span><\/p>\n<p><span class=\"text1noticias\">En Hait\u00ed, solamente el 30,3 por ciento de las personas que guardan prisi\u00f3n en las c\u00e1rceles de Hait\u00ed ha sido condenada, seg\u00fan la Polic\u00eda Nacional, lo que equivale a 2.734 juzgadas en los tribunales de<\/span>l pa\u00eds.<\/p>\n<h6> 2015-02-27 00:12:36 <\/h6>\n<p><!--\n<link rel=\"stylesheet\" href=\"css\/bootstrap.min.css\">\n\n\n<ul class=\"pagination\">\n\t    \n\t\n\n<li >\n\t<a href='?page_no=24804'>Previous<\/a>\n\t<\/li>\n\n\n       \n    \n\n<li><a href='?page_no=1'>1<\/a><\/li>\n\n\n\n<li><a href='?page_no=2'>2<\/a><\/li>\n\n\n\n<li><a>...<\/a><\/li>\n\n\n\n<li><a href='?page_no=24803'>24803<\/a><\/li>\n\n\n\n<li><a href='?page_no=24804'>24804<\/a><\/li>\n\n\n\n<li class='active'><a>24805<\/a><\/li>\n\n\n\n<li><a href='?page_no=24806'>24806<\/a><\/li>\n\n\n\n<li><a href='?page_no=24807'>24807<\/a><\/li>\n\n\n\n<li><a>...<\/a><\/li>\n\n\n\n<li><a href='?page_no=51012'>51012<\/a><\/li>\n\n\n\n<li><a href='?page_no=51013'>51013<\/a><\/li>\n\n    \n\t\n\n<li >\n\t<a href='?page_no=24806'>Next<\/a>\n\t<\/li>\n\n\n    \n\n<li><a href='?page_no=51013'>Last &rsaquo;&rsaquo;<\/a><\/li>\n\n<\/ul>\n\n\n--><br \/>\n<\/body><\/p>\n","protected":false},"excerpt":{"rendered":"<p>Hait\u00ed, 27 feb (Xinhua).- El Gobierno de Hait\u00ed anunci\u00f3 la ejecuci\u00f3n de una nueva estrategia para enfrentar las detenciones preventivas prolongadas en las c\u00e1rceles del pa\u00eds, donde s\u00f3lo poco m\u00e1s de un tercio de la poblaci\u00f3n carcelaria ha sido condenada. El ministro de Justicia, Pierre Richard Casimir, dijo que el n\u00famero de tribunales en los [&hellip;]<\/p>\n","protected":false},"author":3,"featured_media":0,"comment_status":"open","ping_status":"open","sticky":false,"template":"","format":"standard","meta":{"footnotes":""},"categories":[23],"tags":[],"class_list":["post-255160","post","type-post","status-publish","format-standard","hentry","category-internacional"],"_links":{"self":[{"href":"https:\/\/diariodominicano.com\/index.php?rest_route=\/wp\/v2\/posts\/255160","targetHints":{"allow":["GET"]}}],"collection":[{"href":"https:\/\/diariodominicano.com\/index.php?rest_route=\/wp\/v2\/posts"}],"about":[{"href":"https:\/\/diariodominicano.com\/index.php?rest_route=\/wp\/v2\/types\/post"}],"author":[{"embeddable":true,"href":"https:\/\/diariodominicano.com\/index.php?rest_route=\/wp\/v2\/users\/3"}],"replies":[{"embeddable":true,"href":"https:\/\/diariodominicano.com\/index.php?rest_route=%2Fwp%2Fv2%2Fcomments&post=255160"}],"version-history":[{"count":0,"href":"https:\/\/diariodominicano.com\/index.php?rest_route=\/wp\/v2\/posts\/255160\/revisions"}],"wp:attachment":[{"href":"https:\/\/diariodominicano.com\/index.php?rest_route=%2Fwp%2Fv2%2Fmedia&parent=255160"}],"wp:term":[{"taxonomy":"category","embeddable":true,"href":"https:\/\/diariodominicano.com\/index.php?rest_route=%2Fwp%2Fv2%2Fcategories&post=255160"},{"taxonomy":"post_tag","embeddable":true,"href":"https:\/\/diariodominicano.com\/index.php?rest_route=%2Fwp%2Fv2%2Ftags&post=255160"}],"curies":[{"name":"wp","href":"https:\/\/api.w.org\/{rel}","templated":true}]}}