{"id":255159,"date":"2015-02-27T10:29:44","date_gmt":"2015-02-27T10:29:44","guid":{"rendered":"http:\/\/diariodominicano.ddns.net\/?p=255159"},"modified":"2015-02-27T10:29:44","modified_gmt":"2015-02-27T10:29:44","slug":"caricom-agradece-ayuda-de-venezuela-comunidad-pide-cese-embargo-a-cuba","status":"publish","type":"post","link":"https:\/\/diariodominicano.com\/?p=255159","title":{"rendered":"Caricom agradece ayuda de Venezuela; comunidad pide cese embargo a Cuba"},"content":{"rendered":"<p><body><\/p>\n<p><img decoding=\"async\" src=\"img3\/caricon 2.jpg\" \/>  <\/p>\n<p>Nassau, 27 febrero.- La Comunidad del Caribe (Caricom), formada en su mayor\u00eda por peque\u00f1as islas antillanas, agradeci\u00f3 ayer a Venezuela su apoyo econ\u00f3mico, as\u00ed como a China y Taiw\u00e1n, y pidi\u00f3 el fin del embargo a Cuba, pese a la amenaza que ello puede suponer para su industria tur\u00edstica.<\/p>\n<\/p>\n<p>Los quince pa\u00edses que forman Caricom iniciaron ayer en Bahamas una cumbre de mandatarios en la que se preve\u00eda que afloraran asuntos como la tensa relaci\u00f3n con Rep\u00fablica Dominicana y la reciente decisi\u00f3n unilateral de Jamaica de despenalizar la marihuana.<\/p>\n<\/p>\n<p>Sin embargo, ninguna alusi\u00f3n a esos temas se hizo durante los discursos que formaron parte de las ponencias y reuniones del d\u00eda.<\/p>\n<\/p>\n<p> Lo que s\u00ed se col\u00f3 fue una menci\u00f3n a Venezuela por parte del primer ministro de Antigua y Barbuda, Gaston Browne.<\/p>\n<\/p>\n<p>En su calidad de presidente saliente de Caricom, Browne expres\u00f3 su agradecimiento a ese pa\u00eds, de cuya energ\u00eda se nutre gran parte de los quince pa\u00edses de Caricom, en su mayor\u00eda peque\u00f1as econom\u00edas insulares angl\u00f3fonas y franc\u00f3fonas.<\/p>\n<\/p>\n<p>Durante su discurso en el primer d\u00eda de reuniones de la cumbre anual de Caricom, que termina este viernes, el mandatario record\u00f3 que Venezuela es un gran colaborador de las Antillas Menores y dijo que eso la regi\u00f3n no lo olvidar\u00e1.<\/p>\n<\/p>\n<p>En los \u00faltimos tiempos,  la ca\u00edda del precio del petr\u00f3leo y la reducci\u00f3n del apoyo de Venezuela a Petrocaribe ha generado temores en la regi\u00f3n, que depende sobremanera del suministro venezolano y de sus ventajosos precios.<\/p>\n<\/p>\n<p>Igualmente,  agradeci\u00f3 a China y Taiw\u00e1n las constantes inversiones que est\u00e1n realizando en la regi\u00f3n y critic\u00f3 que el resto de la comunidad internacional no tenga un trato preferencial con las Antillas y olvide que no cuentan con los mismos recursos, poblaci\u00f3n, tierra y riquezas que EE.UU. o la Uni\u00f3n Europea.<\/p>\n<h6> 2015-02-27 10:29:44 <\/h6>\n<p><!--\n<link rel=\"stylesheet\" href=\"css\/bootstrap.min.css\">\n\n\n<ul class=\"pagination\">\n\t    \n\t\n\n<li >\n\t<a href='?page_no=24803'>Previous<\/a>\n\t<\/li>\n\n\n       \n    \n\n<li><a href='?page_no=1'>1<\/a><\/li>\n\n\n\n<li><a href='?page_no=2'>2<\/a><\/li>\n\n\n\n<li><a>...<\/a><\/li>\n\n\n\n<li><a href='?page_no=24802'>24802<\/a><\/li>\n\n\n\n<li><a href='?page_no=24803'>24803<\/a><\/li>\n\n\n\n<li class='active'><a>24804<\/a><\/li>\n\n\n\n<li><a href='?page_no=24805'>24805<\/a><\/li>\n\n\n\n<li><a href='?page_no=24806'>24806<\/a><\/li>\n\n\n\n<li><a>...<\/a><\/li>\n\n\n\n<li><a href='?page_no=51012'>51012<\/a><\/li>\n\n\n\n<li><a href='?page_no=51013'>51013<\/a><\/li>\n\n    \n\t\n\n<li >\n\t<a href='?page_no=24805'>Next<\/a>\n\t<\/li>\n\n\n    \n\n<li><a href='?page_no=51013'>Last &rsaquo;&rsaquo;<\/a><\/li>\n\n<\/ul>\n\n\n--><br \/>\n<\/body><\/p>\n","protected":false},"excerpt":{"rendered":"<p>Nassau, 27 febrero.- La Comunidad del Caribe (Caricom), formada en su mayor\u00eda por peque\u00f1as islas antillanas, agradeci\u00f3 ayer a Venezuela su apoyo econ\u00f3mico, as\u00ed como a China y Taiw\u00e1n, y pidi\u00f3 el fin del embargo a Cuba, pese a la amenaza que ello puede suponer para su industria tur\u00edstica. Los quince pa\u00edses que forman Caricom [&hellip;]<\/p>\n","protected":false},"author":3,"featured_media":0,"comment_status":"open","ping_status":"open","sticky":false,"template":"","format":"standard","meta":{"footnotes":""},"categories":[23],"tags":[],"class_list":["post-255159","post","type-post","status-publish","format-standard","hentry","category-internacional"],"_links":{"self":[{"href":"https:\/\/diariodominicano.com\/index.php?rest_route=\/wp\/v2\/posts\/255159","targetHints":{"allow":["GET"]}}],"collection":[{"href":"https:\/\/diariodominicano.com\/index.php?rest_route=\/wp\/v2\/posts"}],"about":[{"href":"https:\/\/diariodominicano.com\/index.php?rest_route=\/wp\/v2\/types\/post"}],"author":[{"embeddable":true,"href":"https:\/\/diariodominicano.com\/index.php?rest_route=\/wp\/v2\/users\/3"}],"replies":[{"embeddable":true,"href":"https:\/\/diariodominicano.com\/index.php?rest_route=%2Fwp%2Fv2%2Fcomments&post=255159"}],"version-history":[{"count":0,"href":"https:\/\/diariodominicano.com\/index.php?rest_route=\/wp\/v2\/posts\/255159\/revisions"}],"wp:attachment":[{"href":"https:\/\/diariodominicano.com\/index.php?rest_route=%2Fwp%2Fv2%2Fmedia&parent=255159"}],"wp:term":[{"taxonomy":"category","embeddable":true,"href":"https:\/\/diariodominicano.com\/index.php?rest_route=%2Fwp%2Fv2%2Fcategories&post=255159"},{"taxonomy":"post_tag","embeddable":true,"href":"https:\/\/diariodominicano.com\/index.php?rest_route=%2Fwp%2Fv2%2Ftags&post=255159"}],"curies":[{"name":"wp","href":"https:\/\/api.w.org\/{rel}","templated":true}]}}