{"id":255158,"date":"2015-02-27T12:48:27","date_gmt":"2015-02-27T12:48:27","guid":{"rendered":"http:\/\/diariodominicano.ddns.net\/?p=255158"},"modified":"2015-02-27T12:48:27","modified_gmt":"2015-02-27T12:48:27","slug":"evo-morales-acusa-a-ee-uu-de-querer-derrocar-a-nicolas-maduro","status":"publish","type":"post","link":"https:\/\/diariodominicano.com\/?p=255158","title":{"rendered":"Evo Morales acusa a EE.UU. de querer derrocar a Nicol\u00e1s Maduro"},"content":{"rendered":"<p><body><\/p>\n<p><img decoding=\"async\" src=\"img3\/evo 2.jpg\" \/>  <\/p>\n<p>Paz, Bolivia 27 febrero (PL) El presidente boliviano, Evo Morales, acus\u00f3 hoy al gobierno de Estados Unidos de estar detr\u00e1s de las acciones para intentar derrocar al gobierno constitucional de Nicol\u00e1s Maduro en Venezuela.<\/p>\n<\/p>\n<p>Morales rememor\u00f3 los intentos de Washington, en los \u00faltimos a\u00f1os, por acabar con el proceso revolucionario en Venezuela, entre ellos el golpe de Estado de 2002 contra el entonces mandatario Hugo Ch\u00e1vez.<\/p>\n<\/p>\n<p>Primero hubo un intento de golpe de Estado y luego una agresi\u00f3n econ\u00f3mica, porque durante dos meses pararon los trabajadores de Petr\u00f3leos de Venezuela (Pdvsa), record\u00f3 el dignatario, quien enfatiz\u00f3 que en aquella ocasi\u00f3n se arrepintieron de no haber asesinado a Ch\u00e1vez, a quien tuvieron en sus manos como reh\u00e9n.<\/p>\n<\/p>\n<p>Esta vez, despu\u00e9s de una agresi\u00f3n pol\u00edtica, vino una agresi\u00f3n econ\u00f3mica, pero me comuniqu\u00e9 ayer con el embajador en Caracas y me dijo que Caracas est\u00e1 tranquila y que solo en T\u00e1chira hab\u00eda alguna manifestaci\u00f3n, coment\u00f3 Morales en conferencia de prensa desde el Palacio de Gobierno.<\/p>\n<\/p>\n<p>Morales recalc\u00f3, sin embargo, que \u00abel tema de Venezuela es m\u00e1s medi\u00e1tico. Ustedes recordar\u00e1n c\u00f3mo usaron los medios de comunicaci\u00f3n para invadir a Libia. Ahora en Libia no hay gobierno, hay pobreza, se llevan el petr\u00f3leo y abandonan al pa\u00eds a su suerte\u00bb.<\/p>\n<\/p>\n<p>\u00abLa primera meta de Estados Unidos es derrocar a Nicol\u00e1s Maduro (&#8230;) por eso intentan dividir, pero olvidan que en Latinoam\u00e9rica, en las Fuerzas Armadas de los diferentes pa\u00edses, hay un profundo sentido antiimperialista\u00bb, insisti\u00f3.<\/p>\n<\/p>\n<p>Seg\u00fan el l\u00edder ind\u00edgena, la intenci\u00f3n de Washington \u00abes dividirnos para dominarnos pol\u00edticamente, para luego dominarnos econ\u00f3micamente\u00bb.<\/p>\n<\/p>\n<p>En Bolivia las Fuerzas Armadas no est\u00e1n molestas. Cuidan las principales empresas estrat\u00e9gicas del Estado, record\u00f3 Morales, quien explic\u00f3 la reducci\u00f3n en sus fuerzas de seguridad personal en casi la mitad de los efectivos.<\/p>\n<h6> 2015-02-27 12:48:27 <\/h6>\n<p><!--\n<link rel=\"stylesheet\" href=\"css\/bootstrap.min.css\">\n\n\n<ul class=\"pagination\">\n\t    \n\t\n\n<li >\n\t<a href='?page_no=24802'>Previous<\/a>\n\t<\/li>\n\n\n       \n    \n\n<li><a href='?page_no=1'>1<\/a><\/li>\n\n\n\n<li><a href='?page_no=2'>2<\/a><\/li>\n\n\n\n<li><a>...<\/a><\/li>\n\n\n\n<li><a href='?page_no=24801'>24801<\/a><\/li>\n\n\n\n<li><a href='?page_no=24802'>24802<\/a><\/li>\n\n\n\n<li class='active'><a>24803<\/a><\/li>\n\n\n\n<li><a href='?page_no=24804'>24804<\/a><\/li>\n\n\n\n<li><a href='?page_no=24805'>24805<\/a><\/li>\n\n\n\n<li><a>...<\/a><\/li>\n\n\n\n<li><a href='?page_no=51012'>51012<\/a><\/li>\n\n\n\n<li><a href='?page_no=51013'>51013<\/a><\/li>\n\n    \n\t\n\n<li >\n\t<a href='?page_no=24804'>Next<\/a>\n\t<\/li>\n\n\n    \n\n<li><a href='?page_no=51013'>Last &rsaquo;&rsaquo;<\/a><\/li>\n\n<\/ul>\n\n\n--><br \/>\n<\/body><\/p>\n","protected":false},"excerpt":{"rendered":"<p>Paz, Bolivia 27 febrero (PL) El presidente boliviano, Evo Morales, acus\u00f3 hoy al gobierno de Estados Unidos de estar detr\u00e1s de las acciones para intentar derrocar al gobierno constitucional de Nicol\u00e1s Maduro en Venezuela. Morales rememor\u00f3 los intentos de Washington, en los \u00faltimos a\u00f1os, por acabar con el proceso revolucionario en Venezuela, entre ellos el [&hellip;]<\/p>\n","protected":false},"author":3,"featured_media":0,"comment_status":"open","ping_status":"open","sticky":false,"template":"","format":"standard","meta":{"footnotes":""},"categories":[23],"tags":[],"class_list":["post-255158","post","type-post","status-publish","format-standard","hentry","category-internacional"],"_links":{"self":[{"href":"https:\/\/diariodominicano.com\/index.php?rest_route=\/wp\/v2\/posts\/255158","targetHints":{"allow":["GET"]}}],"collection":[{"href":"https:\/\/diariodominicano.com\/index.php?rest_route=\/wp\/v2\/posts"}],"about":[{"href":"https:\/\/diariodominicano.com\/index.php?rest_route=\/wp\/v2\/types\/post"}],"author":[{"embeddable":true,"href":"https:\/\/diariodominicano.com\/index.php?rest_route=\/wp\/v2\/users\/3"}],"replies":[{"embeddable":true,"href":"https:\/\/diariodominicano.com\/index.php?rest_route=%2Fwp%2Fv2%2Fcomments&post=255158"}],"version-history":[{"count":0,"href":"https:\/\/diariodominicano.com\/index.php?rest_route=\/wp\/v2\/posts\/255158\/revisions"}],"wp:attachment":[{"href":"https:\/\/diariodominicano.com\/index.php?rest_route=%2Fwp%2Fv2%2Fmedia&parent=255158"}],"wp:term":[{"taxonomy":"category","embeddable":true,"href":"https:\/\/diariodominicano.com\/index.php?rest_route=%2Fwp%2Fv2%2Fcategories&post=255158"},{"taxonomy":"post_tag","embeddable":true,"href":"https:\/\/diariodominicano.com\/index.php?rest_route=%2Fwp%2Fv2%2Ftags&post=255158"}],"curies":[{"name":"wp","href":"https:\/\/api.w.org\/{rel}","templated":true}]}}