{"id":255157,"date":"2015-02-27T12:52:31","date_gmt":"2015-02-27T12:52:31","guid":{"rendered":"http:\/\/diariodominicano.ddns.net\/?p=255157"},"modified":"2015-02-27T12:52:31","modified_gmt":"2015-02-27T12:52:31","slug":"ban-ki-moon-insta-a-incorporar-mas-mujeres-a-toma-de-decisiones","status":"publish","type":"post","link":"https:\/\/diariodominicano.com\/?p=255157","title":{"rendered":"Ban Ki-moon insta a incorporar m\u00e1s mujeres a toma de decisiones"},"content":{"rendered":"<p><body><\/p>\n<p><img decoding=\"async\" src=\"img3\/ban 2.jpg\" \/>  <\/p>\n<p>Santiago de Chile, 27 febrero (PL) El Secretario General de las Naciones Unidas, Ban Ki-moon, llam\u00f3 hoy aqu\u00ed a incorporar m\u00e1s mujeres en la toma de decisiones.<\/p>\n<\/p>\n<p>Durante la inauguraci\u00f3n de la cumbre \u00abLas mujeres en el poder y la toma de decisiones\u00bb junto a la presidenta chilena, Michelle Bachelet, y la directora de ONU Mujeres, Phumzile Mlambo-Ngcuka, la autoridad se\u00f1al\u00f3 la urgencia.<\/p>\n<\/p>\n<p>Las mujeres han quebrado todos los tejados de vidrio y las barreras, no podemos avanzar en derechos humanos si no resolvemos el problema de la violencia. Los hombres debemos cambiar la mentalidad, dijo.<\/p>\n<\/p>\n<p>En este mundo ning\u00fan pa\u00eds tiene una completa igualdad de g\u00e9nero, agreg\u00f3. Ban, felicit\u00f3 a Latinoam\u00e9rica por la cantidad de mujeres en el Parlamento y en las jefaturas de Estados.<\/p>\n<\/p>\n<p>Por su parte, la gobernante chilena celebr\u00f3 los avances a 20 a\u00f1os de la Plataforma de acci\u00f3n de Beijing, el empoderamiento logrado por las f\u00e9minas, los logros en educaci\u00f3n y salud, pero se\u00f1al\u00f3 que resta mucho por hacer.<\/p>\n<\/p>\n<p>Mencion\u00f3 que seg\u00fan cifras oficiales, solo se redujeron las desigualdades en un cuatro por ciento en los \u00faltimos nueve a\u00f1os.<\/p>\n<\/p>\n<p>En la medida en que el poder se reparta equitativamente ser\u00e1 m\u00e1s leg\u00edtimo el sistema pol\u00edtico y el orden institucional de nuestras sociedades, refiri\u00f3.<\/p>\n<\/p>\n<p>Bachelet expres\u00f3 asimismo que es inaceptable la violencia, un flagelo que constituye un gran reto para el mundo entero.<\/p>\n<\/p>\n<p>A su turno, la directora ejecutiva de ONU Mujeres manifest\u00f3 que evidencia suficiente demuestra que el mundo es mejor cuando hay diversidad de g\u00e9nero en el liderazgo.<\/p>\n<\/p>\n<p>Los pa\u00edses liderados por mujeres han demostrado progresos importantes y han impulsado el cambio, apunt\u00f3.<\/p>\n<\/p>\n<p>Mlambo-Ngcuka, llam\u00f3 a la participaci\u00f3n 50-50 para el a\u00f1o 2030.<\/p>\n<\/p>\n<p>A inicios de la inauguraci\u00f3n del evento, la exsecretaria de Estado estadounidense Hillary Clinton y la canciller alemana \u00c1ngela Merkel, enviaron un mensaje donde reconocieron mejoras despu\u00e9s de 20 a\u00f1os de la declaraci\u00f3n.<\/p>\n<\/p>\n<p>A esta magna cita, asisten mujeres l\u00edderes de todos los sectores -p\u00fablico y privado- para analizar los logros alcanzados desde la declaraci\u00f3n y Plataforma de acci\u00f3n de Beijing.<\/p>\n<\/p>\n<p>Las f\u00e9minas dialogar\u00e1n durante dos d\u00edas en el Centro Cultural Estaci\u00f3n Mapocho de esta capital sobre los logros alcanzados y los cambios constatados con las mujeres en puestos de liderazgo.<\/p>\n<\/p>\n<p>Considerar\u00e1n adem\u00e1s lo que falta por hacer en lo relativo a la Plataforma de acci\u00f3n de Beijing; el acceso equitativo de las mujeres y su plena participaci\u00f3n en las estructuras de poder y la toma de decisiones.<\/p>\n<\/p>\n<p>Asisten a este encuentro, la presidenta de Lituania, Dalia Grybauskait\u00e9, la vicepresidenta de Costa Rica, Ana Helena Chac\u00f3n y la exprimera ministra de Senegal, Amirata Toure.<\/p>\n<\/p>\n<p>Tambi\u00e9n, la Directora Ejecutiva del Programa Mundial de Alimentos de la ONU, Ertharin Cousin; la Secretaria Ejecutiva de Comisi\u00f3n Econ\u00f3mica para Am\u00e9rica Latina y el Caribe, Alicia B\u00e1rcena, y Winnie Byanyima, Directora de Oxfam International.<\/p>\n<\/p>\n<p>Asimismo, participan, la directora de G\u00e9nero del Banco Mundial, Caren Grown, la premio Nobel de la Paz en 2011 Leymah Gbowee, la ministra de G\u00e9nero de Trinidad y Tobago, Stacy Roopnarine, y la titular argentina de Desarrollo Social, Alicia Kirchner.<\/p>\n<\/p>\n<p>Muy esperadas igualmente, la ex ministra espa\u00f1ola de Defensa Carme Chac\u00f3n, la directora del Centro Nacional de Educaci\u00f3n Sexual de Cuba, Mariela Castro, la fundadora y directora Ejecutiva de Chirapaq, Tarcila Rivera, entre otras personalidades nacionales e internacionales.<\/p>\n<\/p>\n<p>Se prev\u00e9 que de este suceso emane un documento con recomendaciones dirigidas a la pr\u00f3xima sesi\u00f3n de la Comisi\u00f3n de la Condici\u00f3n Jur\u00eddica y Social de la Mujer (CSW 59), la cual se efectuar\u00e1 del 9 al 20 de marzo en Nueva York.<\/p>\n<\/p>\n<p>La CSW 59 se centrar\u00e1 en la revisi\u00f3n de los avances y retos de la Declaraci\u00f3n de Beijing y su Plataforma de Acci\u00f3n a 20 a\u00f1os de su adopci\u00f3n por los Estados Miembros de las Naciones Unidas, seg\u00fan inform\u00f3 el gobierno de Chile.<\/p>\n<h6> 2015-02-27 12:52:31 <\/h6>\n<p><!--\n<link rel=\"stylesheet\" href=\"css\/bootstrap.min.css\">\n\n\n<ul class=\"pagination\">\n\t    \n\t\n\n<li >\n\t<a href='?page_no=24801'>Previous<\/a>\n\t<\/li>\n\n\n       \n    \n\n<li><a href='?page_no=1'>1<\/a><\/li>\n\n\n\n<li><a href='?page_no=2'>2<\/a><\/li>\n\n\n\n<li><a>...<\/a><\/li>\n\n\n\n<li><a href='?page_no=24800'>24800<\/a><\/li>\n\n\n\n<li><a href='?page_no=24801'>24801<\/a><\/li>\n\n\n\n<li class='active'><a>24802<\/a><\/li>\n\n\n\n<li><a href='?page_no=24803'>24803<\/a><\/li>\n\n\n\n<li><a href='?page_no=24804'>24804<\/a><\/li>\n\n\n\n<li><a>...<\/a><\/li>\n\n\n\n<li><a href='?page_no=51012'>51012<\/a><\/li>\n\n\n\n<li><a href='?page_no=51013'>51013<\/a><\/li>\n\n    \n\t\n\n<li >\n\t<a href='?page_no=24803'>Next<\/a>\n\t<\/li>\n\n\n    \n\n<li><a href='?page_no=51013'>Last &rsaquo;&rsaquo;<\/a><\/li>\n\n<\/ul>\n\n\n--><br \/>\n<\/body><\/p>\n","protected":false},"excerpt":{"rendered":"<p>Santiago de Chile, 27 febrero (PL) El Secretario General de las Naciones Unidas, Ban Ki-moon, llam\u00f3 hoy aqu\u00ed a incorporar m\u00e1s mujeres en la toma de decisiones. Durante la inauguraci\u00f3n de la cumbre \u00abLas mujeres en el poder y la toma de decisiones\u00bb junto a la presidenta chilena, Michelle Bachelet, y la directora de ONU [&hellip;]<\/p>\n","protected":false},"author":3,"featured_media":0,"comment_status":"open","ping_status":"open","sticky":false,"template":"","format":"standard","meta":{"footnotes":""},"categories":[23],"tags":[],"class_list":["post-255157","post","type-post","status-publish","format-standard","hentry","category-internacional"],"_links":{"self":[{"href":"https:\/\/diariodominicano.com\/index.php?rest_route=\/wp\/v2\/posts\/255157","targetHints":{"allow":["GET"]}}],"collection":[{"href":"https:\/\/diariodominicano.com\/index.php?rest_route=\/wp\/v2\/posts"}],"about":[{"href":"https:\/\/diariodominicano.com\/index.php?rest_route=\/wp\/v2\/types\/post"}],"author":[{"embeddable":true,"href":"https:\/\/diariodominicano.com\/index.php?rest_route=\/wp\/v2\/users\/3"}],"replies":[{"embeddable":true,"href":"https:\/\/diariodominicano.com\/index.php?rest_route=%2Fwp%2Fv2%2Fcomments&post=255157"}],"version-history":[{"count":0,"href":"https:\/\/diariodominicano.com\/index.php?rest_route=\/wp\/v2\/posts\/255157\/revisions"}],"wp:attachment":[{"href":"https:\/\/diariodominicano.com\/index.php?rest_route=%2Fwp%2Fv2%2Fmedia&parent=255157"}],"wp:term":[{"taxonomy":"category","embeddable":true,"href":"https:\/\/diariodominicano.com\/index.php?rest_route=%2Fwp%2Fv2%2Fcategories&post=255157"},{"taxonomy":"post_tag","embeddable":true,"href":"https:\/\/diariodominicano.com\/index.php?rest_route=%2Fwp%2Fv2%2Ftags&post=255157"}],"curies":[{"name":"wp","href":"https:\/\/api.w.org\/{rel}","templated":true}]}}