{"id":255155,"date":"2015-02-27T21:33:57","date_gmt":"2015-02-27T21:33:57","guid":{"rendered":"http:\/\/diariodominicano.ddns.net\/?p=255155"},"modified":"2015-02-27T21:33:57","modified_gmt":"2015-02-27T21:33:57","slug":"limitaciones-obligan-a-haiti-a-renunciar-a-sede-de-asamblea-de-la-oea","status":"publish","type":"post","link":"https:\/\/diariodominicano.com\/?p=255155","title":{"rendered":"Limitaciones obligan a Hait\u00ed a renunciar a sede de asamblea de la OEA"},"content":{"rendered":"<p><body><\/p>\n<p><img decoding=\"async\" src=\"img3\/ONU.jpg\" \/>  <\/p>\n<p><span class=\"text1noticias\">Hait\u00ed, 27 feb (Xinhua) &#8212; Limitaciones de tipo \u00abecon\u00f3mico y log\u00edstico\u00bb obligaron a Hait\u00ed a renunciar a ser sede este a\u00f1o de la XLV Asamblea General de la Organizaci\u00f3n de los Estados Americanos (OEA), inform\u00f3 hoy el organismo.<\/span><\/p>\n<p><span class=\"text1noticias\"> <\/span><\/p>\n<p><span class=\"text1noticias\">Un comunicado difundido por la OEA se\u00f1al\u00f3 que la decisi\u00f3n de Hait\u00ed fue comunicada por el canciller haitiano Duly Brutus, a trav\u00e9s de una carta enviada al chileno Jos\u00e9 Miguel Insulza, secretario general de la organizaci\u00f3n con sede en Washington.<\/span><\/p>\n<p><span class=\"text1noticias\"> <\/span><\/p>\n<p><span class=\"text1noticias\">\u00abHa sido una decisi\u00f3n dif\u00edcil para el Gobierno de Hait\u00ed, porque quer\u00edamos recibirles 20 a\u00f1os despu\u00e9s de la primera vez en Hait\u00ed. Existen razones de fuerza mayor que nos han obligado a tomar esta decisi\u00f3n\u00bb, dijo el representante permanente de Hait\u00ed ante la OEA, Bocchit Edmond, durante una sesi\u00f3n del consejo que tom\u00f3 nota hoy de la notificaci\u00f3n.<\/span><\/p>\n<p><span class=\"text1noticias\"> <\/span><\/p>\n<p><span class=\"text1noticias\">El comunicado agreg\u00f3 que la presidenta del consejo permanente de la OEA y representante de Surinam, Niermala Badrising, inform\u00f3 a los representantes de la situaci\u00f3n, y report\u00f3 que el debate sobre la nueva sede formar\u00e1 parte de la agenda de la pr\u00f3xima reuni\u00f3n del organismo.<\/span><\/p>\n<p><span class=\"text1noticias\"> <\/span><\/p>\n<p><span class=\"text1noticias\">Insulza dijo que la situaci\u00f3n provocada por la decisi\u00f3n de Hait\u00ed \u00abest\u00e1 prevista tanto en la Carta de la OEA como en las reglas de la Asamblea General\u00bb, que indican que \u00absi no se puede llevar a cabo en el lugar previamente elegido, deber\u00eda de realizarse en la sede de la organizaci\u00f3n\u00bb, a menos que alg\u00fan otro Estado miembro ofrezca acoger el evento con tres meses de antelaci<\/span>\u00f3n. <\/p>\n<h6> 2015-02-27 21:33:57 <\/h6>\n<p><!--\n<link rel=\"stylesheet\" href=\"css\/bootstrap.min.css\">\n\n\n<ul class=\"pagination\">\n\t    \n\t\n\n<li >\n\t<a href='?page_no=24799'>Previous<\/a>\n\t<\/li>\n\n\n       \n    \n\n<li><a href='?page_no=1'>1<\/a><\/li>\n\n\n\n<li><a href='?page_no=2'>2<\/a><\/li>\n\n\n\n<li><a>...<\/a><\/li>\n\n\n\n<li><a href='?page_no=24798'>24798<\/a><\/li>\n\n\n\n<li><a href='?page_no=24799'>24799<\/a><\/li>\n\n\n\n<li class='active'><a>24800<\/a><\/li>\n\n\n\n<li><a href='?page_no=24801'>24801<\/a><\/li>\n\n\n\n<li><a href='?page_no=24802'>24802<\/a><\/li>\n\n\n\n<li><a>...<\/a><\/li>\n\n\n\n<li><a href='?page_no=51012'>51012<\/a><\/li>\n\n\n\n<li><a href='?page_no=51013'>51013<\/a><\/li>\n\n    \n\t\n\n<li >\n\t<a href='?page_no=24801'>Next<\/a>\n\t<\/li>\n\n\n    \n\n<li><a href='?page_no=51013'>Last &rsaquo;&rsaquo;<\/a><\/li>\n\n<\/ul>\n\n\n--><br \/>\n<\/body><\/p>\n","protected":false},"excerpt":{"rendered":"<p>Hait\u00ed, 27 feb (Xinhua) &#8212; Limitaciones de tipo \u00abecon\u00f3mico y log\u00edstico\u00bb obligaron a Hait\u00ed a renunciar a ser sede este a\u00f1o de la XLV Asamblea General de la Organizaci\u00f3n de los Estados Americanos (OEA), inform\u00f3 hoy el organismo. Un comunicado difundido por la OEA se\u00f1al\u00f3 que la decisi\u00f3n de Hait\u00ed fue comunicada por el canciller [&hellip;]<\/p>\n","protected":false},"author":3,"featured_media":0,"comment_status":"open","ping_status":"open","sticky":false,"template":"","format":"standard","meta":{"footnotes":""},"categories":[23],"tags":[],"class_list":["post-255155","post","type-post","status-publish","format-standard","hentry","category-internacional"],"_links":{"self":[{"href":"https:\/\/diariodominicano.com\/index.php?rest_route=\/wp\/v2\/posts\/255155","targetHints":{"allow":["GET"]}}],"collection":[{"href":"https:\/\/diariodominicano.com\/index.php?rest_route=\/wp\/v2\/posts"}],"about":[{"href":"https:\/\/diariodominicano.com\/index.php?rest_route=\/wp\/v2\/types\/post"}],"author":[{"embeddable":true,"href":"https:\/\/diariodominicano.com\/index.php?rest_route=\/wp\/v2\/users\/3"}],"replies":[{"embeddable":true,"href":"https:\/\/diariodominicano.com\/index.php?rest_route=%2Fwp%2Fv2%2Fcomments&post=255155"}],"version-history":[{"count":0,"href":"https:\/\/diariodominicano.com\/index.php?rest_route=\/wp\/v2\/posts\/255155\/revisions"}],"wp:attachment":[{"href":"https:\/\/diariodominicano.com\/index.php?rest_route=%2Fwp%2Fv2%2Fmedia&parent=255155"}],"wp:term":[{"taxonomy":"category","embeddable":true,"href":"https:\/\/diariodominicano.com\/index.php?rest_route=%2Fwp%2Fv2%2Fcategories&post=255155"},{"taxonomy":"post_tag","embeddable":true,"href":"https:\/\/diariodominicano.com\/index.php?rest_route=%2Fwp%2Fv2%2Ftags&post=255155"}],"curies":[{"name":"wp","href":"https:\/\/api.w.org\/{rel}","templated":true}]}}