{"id":255154,"date":"2015-02-27T21:53:40","date_gmt":"2015-02-27T21:53:40","guid":{"rendered":"http:\/\/diariodominicano.ddns.net\/?p=255154"},"modified":"2015-02-27T21:53:40","modified_gmt":"2015-02-27T21:53:40","slug":"chile-recuerda-quinto-aniversario-de-terremoto-de-2010","status":"publish","type":"post","link":"https:\/\/diariodominicano.com\/?p=255154","title":{"rendered":"Chile recuerda quinto aniversario de terremoto de 2010"},"content":{"rendered":"<p><body><\/p>\n<p><img decoding=\"async\" src=\"img3\/chile.jpg\" \/>  <\/p>\n<p><span class=\"text1noticias\">SANTIAGO, 27 feb (Xinhua) &#8212; Chile recuerda este 27 de febrero el quinto aniversario del terremoto de magnitud 8,8 grados en la escala Richter ocurrido en 2010, el quinto m\u00e1s fuerte en la historia del pa\u00eds, por lo que los chilenos se preguntan si la naci\u00f3n est\u00e1 mejor preparada.<\/span><\/p>\n<p><span class=\"text1noticias\"> <\/span><\/p>\n<p><span class=\"text1noticias\">Lo cierto es que el pa\u00eds sudamericano es uno de los m\u00e1s s\u00edsmicos del mundo y como muestra de ello, en 1960 se registr\u00f3 el mayor sismo a nivel mundial con magnitud de 9,5 grados que afect\u00f3 la provincia central de Valdivia.<\/span><\/p>\n<p><span class=\"text1noticias\"> <\/span><\/p>\n<p><span class=\"text1noticias\">La Oficina Nacional de Emergencia de Chile cuenta en la actualidad con mayor experiencia que hace cinco a\u00f1os para enfrentar cat\u00e1strofes, adem\u00e1s de que se ha fortalecido con la adquisici\u00f3n de nuevos sism\u00f3grafos.<\/span><\/p>\n<p><span class=\"text1noticias\"> <\/span><\/p>\n<p><span class=\"text1noticias\">El \u00faltimo sismo importante registrado el 1 de abril de 2014 al norte del pa\u00eds, comprob\u00f3 que Chile ha perfeccionado el manejo de las emergencias y la protecci\u00f3n civil, a trav\u00e9s de la reducci\u00f3n de riesgos y mayor rapidez y eficiencia en las respuestas ciudadanas.<\/span><\/p>\n<p><span class=\"text1noticias\"> <\/span><\/p>\n<p><span class=\"text1noticias\">El terremoto del 27 de febrero del 2010 ocurri\u00f3 11 d\u00edas antes de que la presidenta Michelle Bachelet dejara su primer mandato (2006-2010), a quien le sucedi\u00f3 Sebasti\u00e1n Pi\u00f1era (2010-2014), cuyo gobierno se encarg\u00f3 de la reconstrucci\u00f3n en las seis regiones afectadas.<\/span><\/p>\n<p><span class=\"text1noticias\"> <\/span><\/p>\n<p><span class=\"text1noticias\"> Antes de entregar la banda presidencial a Bachelet, reelegida en enero de 2013, Pi\u00f1era entreg\u00f3 un informe sobre los trabajos de reconstrucci\u00f3n durante sus cuatro a\u00f1os de mandato.<\/span><\/p>\n<p><span class=\"text1noticias\"> <\/span><\/p>\n<p><span class=\"text1noticias\">Seg\u00fan el documento oficial, el terremoto dej\u00f3 526 muertos, 25 desaparecidos y unos 800.000 damnificados, adem\u00e1s de da\u00f1os materiales por 30.000 millones de d\u00f3lares.<\/span><\/p>\n<p><span class=\"text1noticias\"> <\/span><\/p>\n<p><span class=\"text1noticias\">El sismo de hace cinco a\u00f1os afect\u00f3 m\u00e1s de 50 ciudades y 900 comunidades rurales, as\u00ed como la destrucci\u00f3n de 220.000 viviendas.<\/span><\/p>\n<p><span class=\"text1noticias\">Para enfrentar la recuperaci\u00f3n del pa\u00eds, el gobierno de Pi\u00f1era plante\u00f3 un programa dividido en tres etapas: la emergencia inmediata, la emergencia invernal y la reconstrucci\u00f3n.<\/span><\/p>\n<p><span class=\"text1noticias\"> <\/span><\/p>\n<p><span class=\"text1noticias\">En 2014, la reconstrucci\u00f3n del pa\u00eds llegaba al 97 por ciento, con progresos significativos en carreteras, puertos y aeropuertos, adem\u00e1s de nuevas viviendas, centros de salud y planteles educativos.<\/span><\/p>\n<p><span class=\"text1noticias\"> <\/span><\/p>\n<p><span class=\"text1noticias\">Se concluyeron 2.353 proyectos de infraestructura en escuelas, en beneficio de 943.000 alumnos.<\/span><\/p>\n<p><span class=\"text1noticias\"> <\/span><\/p>\n<p><span class=\"text1noticias\">En materia de vivienda, la reconstrucci\u00f3n alcanz\u00f3 hasta febrero del a\u00f1o pasado el 90 por ciento, con beneficio para 880.000 personas.<\/span><\/p>\n<p><span class=\"text1noticias\"> <\/span><\/p>\n<p><span class=\"text1noticias\">En cuanto a carreteras, puentes y caminos, la operatividad se restableci\u00f3 en los casi 2.500 puntos da\u00f1ados.<\/span><\/p>\n<p><span class=\"text1noticias\"> <\/span><\/p>\n<p><span class=\"text1noticias\">En el \u00e1rea de la salud, se construyeron nueve hospitales, se repararon otros ocho y se acondicionaron 207 centros de atenci\u00f3n primaria, con lo que 1,9 millones de usuarios resultaron beneficiados.<\/span><\/p>\n<p><span class=\"text1noticias\"> <\/span><\/p>\n<p><span class=\"text1noticias\">En enero pasado, el nuevo gobierno inform\u00f3 de un avance del 82 por ciento en las obras de reconstrucci\u00f3n por el sismo de 2010, a diferencia del 90 por ciento informado por la administraci\u00f3n que le antecedi\u00f3.<\/span><\/p>\n<p><span class=\"text1noticias\"> <\/span><\/p>\n<p><span class=\"text1noticias\">La actual delegada para la reconstrucci\u00f3n, Paula Fortes, dio a conocer que en el sector de la vivienda se fijaron 240.000 unidades, lo que significa que hay 39.212 familias pendientes, porque el gobierno anterior fij\u00f3 220.000 subsidios estatales para adquirir casas.<\/span><\/p>\n<p><span class=\"text1noticias\"> <\/span><\/p>\n<p><span class=\"text1noticias\">La presidenta Bachelet dijo que, en general, los datos son similares y destac\u00f3 que \u00abel gobierno anterior hizo un esfuerzo grande, pero nosotros tenemos la tarea de terminar la reconstrucci\u00f3n\u00bb.<\/span><\/p>\n<p><span class=\"text1noticias\"> <\/span><\/p>\n<p><span class=\"text1noticias\">La funcionaria indic\u00f3 que \u00abla primera gran conclusi\u00f3n, es que debemos entender la reconstrucci\u00f3n como un proceso complejo, que debe considerar diferentes factores al momento de llevarse adelante\u00bb.<\/span><\/p>\n<p><span class=\"text1noticias\"> <\/span><\/p>\n<p><span class=\"text1noticias\">Manifest\u00f3 que se inicia una nueva etapa con planes espec\u00edficos que permitir\u00e1n concluir de manera efectiva la reconstrucci\u00f3n pendiente.<\/span><\/p>\n<p><span class=\"text1noticias\"> <\/span><\/p>\n<p><span class=\"text1noticias\">Se pronunci\u00f3 no s\u00f3lo por recuperar lo que se perdi\u00f3 materialmente por el sismo, sino sobre todo construir un nuevo futuro para miles de familias.<\/span><\/p>\n<p><span class=\"text1noticias\"> <\/span><\/p>\n<p><span class=\"text1noticias\">Bachelet plante\u00f3 lo anterior como eje para los siguientes tres a\u00f1os de gesti\u00f3n y concluir as\u00ed las obras por los da\u00f1os del sismo del 27 de febrero del 2010.<\/span><\/p>\n<p><span class=\"text1noticias\"> <\/span><\/p>\n<p><span class=\"text1noticias\">\u00abEstos planes nos permitir\u00e1n dar seguimiento a la tarea de reconstrucci\u00f3n\u00bb, dijo.<\/span><\/p>\n<p><span class=\"text1noticias\"> <\/span><\/p>\n<p><span class=\"text1noticias\">Afirm\u00f3 que estas tareas dejan \u00abimportantes aprendizajes, que como Estado debemos asumir e incorporar a nuestras pol\u00edticas p\u00fablicas\u00bb.<\/span><\/p>\n<p><span class=\"text1noticias\"> <\/span><\/p>\n<p><span class=\"text1noticias\">\u00abComo es el sello de nuestra gesti\u00f3n, esta es una propuesta que fue construida desde los territorios, con las personas, los vecinos y vecinas, que luchan d\u00eda a d\u00eda por recomponer sus vidas, salir adelante y enfrentar los nuevos desaf\u00edos\u00bb, <\/span>expres\u00f3 la mandataria.<\/p>\n<h6> 2015-02-27 21:53:40 <\/h6>\n<p><!--\n<link rel=\"stylesheet\" href=\"css\/bootstrap.min.css\">\n\n\n<ul class=\"pagination\">\n\t    \n\t\n\n<li >\n\t<a href='?page_no=24798'>Previous<\/a>\n\t<\/li>\n\n\n       \n    \n\n<li><a href='?page_no=1'>1<\/a><\/li>\n\n\n\n<li><a href='?page_no=2'>2<\/a><\/li>\n\n\n\n<li><a>...<\/a><\/li>\n\n\n\n<li><a href='?page_no=24797'>24797<\/a><\/li>\n\n\n\n<li><a href='?page_no=24798'>24798<\/a><\/li>\n\n\n\n<li class='active'><a>24799<\/a><\/li>\n\n\n\n<li><a href='?page_no=24800'>24800<\/a><\/li>\n\n\n\n<li><a href='?page_no=24801'>24801<\/a><\/li>\n\n\n\n<li><a>...<\/a><\/li>\n\n\n\n<li><a href='?page_no=51012'>51012<\/a><\/li>\n\n\n\n<li><a href='?page_no=51013'>51013<\/a><\/li>\n\n    \n\t\n\n<li >\n\t<a href='?page_no=24800'>Next<\/a>\n\t<\/li>\n\n\n    \n\n<li><a href='?page_no=51013'>Last &rsaquo;&rsaquo;<\/a><\/li>\n\n<\/ul>\n\n\n--><br \/>\n<\/body><\/p>\n","protected":false},"excerpt":{"rendered":"<p>SANTIAGO, 27 feb (Xinhua) &#8212; Chile recuerda este 27 de febrero el quinto aniversario del terremoto de magnitud 8,8 grados en la escala Richter ocurrido en 2010, el quinto m\u00e1s fuerte en la historia del pa\u00eds, por lo que los chilenos se preguntan si la naci\u00f3n est\u00e1 mejor preparada. Lo cierto es que el pa\u00eds [&hellip;]<\/p>\n","protected":false},"author":3,"featured_media":0,"comment_status":"open","ping_status":"open","sticky":false,"template":"","format":"standard","meta":{"footnotes":""},"categories":[23],"tags":[],"class_list":["post-255154","post","type-post","status-publish","format-standard","hentry","category-internacional"],"_links":{"self":[{"href":"https:\/\/diariodominicano.com\/index.php?rest_route=\/wp\/v2\/posts\/255154","targetHints":{"allow":["GET"]}}],"collection":[{"href":"https:\/\/diariodominicano.com\/index.php?rest_route=\/wp\/v2\/posts"}],"about":[{"href":"https:\/\/diariodominicano.com\/index.php?rest_route=\/wp\/v2\/types\/post"}],"author":[{"embeddable":true,"href":"https:\/\/diariodominicano.com\/index.php?rest_route=\/wp\/v2\/users\/3"}],"replies":[{"embeddable":true,"href":"https:\/\/diariodominicano.com\/index.php?rest_route=%2Fwp%2Fv2%2Fcomments&post=255154"}],"version-history":[{"count":0,"href":"https:\/\/diariodominicano.com\/index.php?rest_route=\/wp\/v2\/posts\/255154\/revisions"}],"wp:attachment":[{"href":"https:\/\/diariodominicano.com\/index.php?rest_route=%2Fwp%2Fv2%2Fmedia&parent=255154"}],"wp:term":[{"taxonomy":"category","embeddable":true,"href":"https:\/\/diariodominicano.com\/index.php?rest_route=%2Fwp%2Fv2%2Fcategories&post=255154"},{"taxonomy":"post_tag","embeddable":true,"href":"https:\/\/diariodominicano.com\/index.php?rest_route=%2Fwp%2Fv2%2Ftags&post=255154"}],"curies":[{"name":"wp","href":"https:\/\/api.w.org\/{rel}","templated":true}]}}