{"id":255153,"date":"2015-02-27T22:04:39","date_gmt":"2015-02-27T22:04:39","guid":{"rendered":"http:\/\/diariodominicano.ddns.net\/?p=255153"},"modified":"2015-02-27T22:04:39","modified_gmt":"2015-02-27T22:04:39","slug":"si-las-mujeres-toman-el-poder-la-igualdad-social-se-acelera-dice-cepal","status":"publish","type":"post","link":"https:\/\/diariodominicano.com\/?p=255153","title":{"rendered":"Si las mujeres toman el poder, la igualdad social se acelera, dice CEPAL"},"content":{"rendered":"<p><body><\/p>\n<p><span class=\"text1noticias\">SANTIAGO, 27 feb (Xinhua) &#8212; Cuando las mujeres toman el poder, la igualdad social se acelera, dijo la secretaria ejecutiva de la Comisi\u00f3n Econ\u00f3mica para Am\u00e9rica Latina y el Caribe (CEPAL), Alicia B\u00e1rcena.<\/span><\/p>\n<p><span class=\"text1noticias\"> <\/span><\/p>\n<p><span class=\"text1noticias\">La funcionaria intervino en el evento de alto nivel \u00abLas mujeres en el poder y en la toma de decisiones: construyendo un mundo diferente\u00bb, organizada por la ONU Mujeres.<\/span><\/p>\n<p><span class=\"text1noticias\"> <\/span><\/p>\n<p><span class=\"text1noticias\">\u00abPor lo tanto, lo que estamos discutiendo aqu\u00ed es un pacto generacional y de g\u00e9nero y tenemos la oportunidad de liberar a las nuevas generaciones del flagelo y la pobreza, as\u00ed como la desigualdad y de la crisis silenciosa, que es el cambio clim\u00e1tico\u00bb, asegur\u00f3.<\/span><\/p>\n<p><span class=\"text1noticias\"> <\/span><\/p>\n<p><span class=\"text1noticias\">A su juicio, de lo que trata es que \u00ablas mujeres ocupen puestos de decisi\u00f3n y liderazgo, cuando ahora millones de mujeres trabajan sin salario, y que participen en el mercado<\/span><\/p>\n<p><span class=\"text1noticias\"> <\/span><\/p>\n<p><span class=\"text1noticias\">Esta conferencia es auspiciada por ONU Mujeres y el gobierno de la presidenta Michelle Bachelet, quien hasta el 2013 fue jefa de esa instituci\u00f3n de la ONU, participando delegadas de m\u00e1s de 60 pa\u00edses.<\/span><\/p>\n<p><span class=\"text1noticias\"> <\/span><\/p>\n<p><span class=\"text1noticias\">El secretario general Ban Ki-moon pronunci\u00f3 un discurso en el que destac\u00f3 la necesidad de avanzar en las propuestas aprobadas en la Conferencia de la Mujer, celebrada en 1995, a fin de que las mujeres en todo el mundo puedan lograr la igualdad de g\u00e9nero, a favor de las familias.<\/span><\/p>\n<p><span class=\"text1noticias\"> <\/span><\/p>\n<p><span class=\"text1noticias\">B\u00e1rcena precis\u00f3 que \u00abtenemos la obligaci\u00f3n \u00e9tica y pol\u00edtica de abrir las puertas para que las mujeres puedan ejercer plenamente sus libertades\u00bb.<\/span><\/p>\n<p><span class=\"text1noticias\"> <\/span><\/p>\n<p><span class=\"text1noticias\">Dijo que en los \u00faltimos 20 a\u00f1os la estructura laboral ha avanzado poco a nivel internacional, y \u00ablo que tenemos que lograr es que los costos de la participaci\u00f3n laboral no tiene que ser asumido por las mujeres y tiene que ser costeado por la sociedad en su conjunto\u00bb.<\/span><\/p>\n<p><span class=\"text1noticias\"> <\/span><\/p>\n<p><span class=\"text1noticias\">La alta funcionaria de las Naciones Unidas aclar\u00f3 que, en el fondo, \u00abse trata de cambiar a fondo la estructura econ\u00f3mica de nuestros pa\u00edses\u00bb, explicando que \u00absi las mujeres tuvieran los mismos salarios que los hombres, la pobreza caer\u00eda entre y 12 puntos porcentuales en Argentina y Uruguay y entre 1 y 2 en El Salvador y Nicaragua\u00bb.<\/span><\/p>\n<p><span class=\"text1noticias\"> <\/span><\/p>\n<p><span class=\"text1noticias\">Dijo que hombres y mujeres pueden crear un sistema m\u00e1s justo para avanzar socialmente con la eliminaci\u00f3n de la pobreza e incrementar la igualdad de g\u00e9nero. Se\u00f1al\u00f3 que el 40 por ciento de las mujeres trabaja como asalariada y 10 por ciento en el servicio dom\u00e9stico.<\/span><\/p>\n<p><span class=\"text1noticias\"> <\/span><\/p>\n<p><span class=\"text1noticias\">Explic\u00f3 que \u00abponer la igualdad en la agenda de los gobiernos significa una ruptura con el paradigma prevaleciente, con el paradigma del poder, y ese es el problema que hoy las mujeres estamos reclamando\u00bb, agregando que las mujeres han logrado cambios institucionales, jur\u00eddicos y legales, \u00abpero queremos la real igualdad entre hombres y mujeres\u00bb.<\/span><\/p>\n<p><span class=\"text1noticias\"> <\/span><\/p>\n<p><span class=\"text1noticias\">Subray\u00f3 que cuando una mujer entra en la pol\u00edtica, cambia la mujer; cuando las mujeres entramos en la pol\u00edtica, cambia la pol\u00edtica\u00bb, citando una frase de la presidenta Michelle Bachelet.<\/span><\/p>\n<p><span class=\"text1noticias\"> <\/span><\/p>\n<p><span class=\"text1noticias\">Record\u00f3 que, a juicio de la CEPAL, los desaf\u00edos de las mujeres en el mundo son: 1) La autonom\u00eda f\u00edsica, que significa tener los derechos reproductivos; 2) Dejar de la lado el embarazo adolescente, sobre todo en Am\u00e9rica Latina, donde la sociedad se est\u00e1 reproduciendo en los m\u00e1s j\u00f3venes, m\u00e1s pobres, que no tienen derecho a la salud ni a la educaci\u00f3n, y 3) Romper el silencio estad\u00edstico y desagregar a todos los hombres y mujeres para conocer de qu\u00e9 tama\u00f1o son las brechas sociales.<\/span><\/p>\n<p><span class=\"text1noticias\"> <\/span><\/p>\n<p><span class=\"text1noticias\">Respecto a la autonom\u00eda econ\u00f3mica, que es una de las m\u00e1s importantes, seg\u00fan B\u00e1rcena, las mujeres deben ejercer el derecho a la tierra, a los activos, al cr\u00e9dito, al financiamiento y, sobre todo, al ingreso econ\u00f3mico. Aclar\u00f3 que \u00abno se trata de desplazar a los hombres\u00bb.<\/span><\/p>\n<p><span class=\"text1noticias\"> <\/span><\/p>\n<p><span class=\"text1noticias\">Resalt\u00f3 que \u00aben Am\u00e9rica Latina, 1 de cada 3 mujeres no tiene ingresos propios, en contraste con 1 de cada 10 hombres, que se encuentran en la misma condici\u00f3n\u00bb.<\/span><\/p>\n<p><span class=\"text1noticias\"> <\/span><\/p>\n<p><span class=\"text1noticias\">El evento de ONU Mujeres concluir\u00e1 ma\u00f1ana s\u00e1bado, esper\u00e1ndose que se apruebe un documento que ratifique la necesidad de cumplir las resoluciones adoptadas en la Conferencia de la Mujer, celebrada en B<\/span>eijing en 1995.<\/p>\n<h6> 2015-02-27 22:04:39 <\/h6>\n<p><!--\n<link rel=\"stylesheet\" href=\"css\/bootstrap.min.css\">\n\n\n<ul class=\"pagination\">\n\t    \n\t\n\n<li >\n\t<a href='?page_no=24797'>Previous<\/a>\n\t<\/li>\n\n\n       \n    \n\n<li><a href='?page_no=1'>1<\/a><\/li>\n\n\n\n<li><a href='?page_no=2'>2<\/a><\/li>\n\n\n\n<li><a>...<\/a><\/li>\n\n\n\n<li><a href='?page_no=24796'>24796<\/a><\/li>\n\n\n\n<li><a href='?page_no=24797'>24797<\/a><\/li>\n\n\n\n<li class='active'><a>24798<\/a><\/li>\n\n\n\n<li><a href='?page_no=24799'>24799<\/a><\/li>\n\n\n\n<li><a href='?page_no=24800'>24800<\/a><\/li>\n\n\n\n<li><a>...<\/a><\/li>\n\n\n\n<li><a href='?page_no=51012'>51012<\/a><\/li>\n\n\n\n<li><a href='?page_no=51013'>51013<\/a><\/li>\n\n    \n\t\n\n<li >\n\t<a href='?page_no=24799'>Next<\/a>\n\t<\/li>\n\n\n    \n\n<li><a href='?page_no=51013'>Last &rsaquo;&rsaquo;<\/a><\/li>\n\n<\/ul>\n\n\n--><br \/>\n<\/body><\/p>\n","protected":false},"excerpt":{"rendered":"<p>SANTIAGO, 27 feb (Xinhua) &#8212; Cuando las mujeres toman el poder, la igualdad social se acelera, dijo la secretaria ejecutiva de la Comisi\u00f3n Econ\u00f3mica para Am\u00e9rica Latina y el Caribe (CEPAL), Alicia B\u00e1rcena. La funcionaria intervino en el evento de alto nivel \u00abLas mujeres en el poder y en la toma de decisiones: construyendo un [&hellip;]<\/p>\n","protected":false},"author":3,"featured_media":0,"comment_status":"open","ping_status":"open","sticky":false,"template":"","format":"standard","meta":{"footnotes":""},"categories":[23],"tags":[],"class_list":["post-255153","post","type-post","status-publish","format-standard","hentry","category-internacional"],"_links":{"self":[{"href":"https:\/\/diariodominicano.com\/index.php?rest_route=\/wp\/v2\/posts\/255153","targetHints":{"allow":["GET"]}}],"collection":[{"href":"https:\/\/diariodominicano.com\/index.php?rest_route=\/wp\/v2\/posts"}],"about":[{"href":"https:\/\/diariodominicano.com\/index.php?rest_route=\/wp\/v2\/types\/post"}],"author":[{"embeddable":true,"href":"https:\/\/diariodominicano.com\/index.php?rest_route=\/wp\/v2\/users\/3"}],"replies":[{"embeddable":true,"href":"https:\/\/diariodominicano.com\/index.php?rest_route=%2Fwp%2Fv2%2Fcomments&post=255153"}],"version-history":[{"count":0,"href":"https:\/\/diariodominicano.com\/index.php?rest_route=\/wp\/v2\/posts\/255153\/revisions"}],"wp:attachment":[{"href":"https:\/\/diariodominicano.com\/index.php?rest_route=%2Fwp%2Fv2%2Fmedia&parent=255153"}],"wp:term":[{"taxonomy":"category","embeddable":true,"href":"https:\/\/diariodominicano.com\/index.php?rest_route=%2Fwp%2Fv2%2Fcategories&post=255153"},{"taxonomy":"post_tag","embeddable":true,"href":"https:\/\/diariodominicano.com\/index.php?rest_route=%2Fwp%2Fv2%2Ftags&post=255153"}],"curies":[{"name":"wp","href":"https:\/\/api.w.org\/{rel}","templated":true}]}}