{"id":255152,"date":"2015-02-27T23:26:18","date_gmt":"2015-02-27T23:26:18","guid":{"rendered":"http:\/\/diariodominicano.ddns.net\/?p=255152"},"modified":"2015-02-27T23:26:18","modified_gmt":"2015-02-27T23:26:18","slug":"canciller-de-haiti-reconoce-enfriamiento-de-relaciones-con-republica-dominicana","status":"publish","type":"post","link":"https:\/\/diariodominicano.com\/?p=255152","title":{"rendered":"Canciller de Hait\u00ed reconoce enfriamiento de relaciones con Rep\u00fablica Dominicana"},"content":{"rendered":"<p><body><\/p>\n<p><img decoding=\"async\" src=\"img3\/Brutusa.jpg\" \/><br \/><img decoding=\"async\" src=\"img3\/colarw3.jpeg\" \/><br \/><img decoding=\"async\" src=\"img3\/quema de bandera.jpeg\" \/>  <\/p>\n<p><span class=\"text1noticias\">Haiti, 27 feb (Xinhua) &#8212; El ministro haitiano de Relaciones Exteriores, Pierre Duly Brutus, reconoci\u00f3 que la reciente muerte de un inmigrante haitiano en Rep\u00fablica Dominicana ha llevado a un enfriamiento en las relaciones con su pa\u00eds, pero asegur\u00f3 que Hait\u00ed no entrar\u00e1 en un \u00abtira y jala\u00bb con las autoridades dominicanas \u00abporque este problema puede ser resuelto\u00bb.<\/span><\/p>\n<p><span class=\"text1noticias\"> <\/span><\/p>\n<p><span class=\"text1noticias\">\u00abSomos dos pueblos; no queremos seguir la l\u00f3gica de la confrontaci\u00f3n o adoptar un comportamiento de entrar en guerra\u00bb, dijo Brutus, durante una conferencia de prensa realizada este viernes en la oficina del primer ministro.<\/span><\/p>\n<p><span class=\"text1noticias\"> <\/span><\/p>\n<p><span class=\"text1noticias\">El gobierno dominicano llam\u00f3 esta semana a consulta a su embajador en Hait\u00ed y envi\u00f3 una nota de protesta a las autoridades haitianas por los ataques lanzados este mi\u00e9rcoles al consulado de Rep\u00fablica Dominicana durante una manifestaci\u00f3n en Puerto Pr\u00edncipe, y por las acusaciones de racismo y xenofobia contra este pa\u00eds supuestamente en perjuicio de inmigrantes haitianos.<\/span><\/p>\n<p><span class=\"text1noticias\"> <\/span><\/p>\n<p><span class=\"text1noticias\">La marcha, saludada por el gobierno haitiano, fue convocada para condenar la muerte del haitiano Jean Claude Harry, de 23 a\u00f1os, cuyo cuerpo fue hallado el 11 de este mes colgando de un \u00e1rbol frente al principal hospital p\u00fablico de la ciudad de Santiago, 155 kil\u00f3metros al norte de Santo Domingo, hecho que llev\u00f3 tambi\u00e9n a Hait\u00ed a convocar a su embajador y a protestar contra las autoridades dominicanas.<\/span><\/p>\n<p><span class=\"text1noticias\"> <\/span><\/p>\n<p><span class=\"text1noticias\">Brutus sostuvo que la agresi\u00f3n sufrida por Harry fue \u00abun acto racista\u00bb, pese a que el gobierno haitiano no ha dado por sentado oficialmente que en el crimen hayan participado dominicanos.<\/span><\/p>\n<p><span class=\"text1noticias\"> <\/span><\/p>\n<p><span class=\"text1noticias\">En Santo Domingo, entre tanto, el ministro de Interior, Jos\u00e9 Fadul, dijo este viernes que la polic\u00eda, que involucr\u00f3 al principio a dos haitianos en la muerte del inmigrante, est\u00e1 manejando ahora la \u00abtesis de un suicidio\u00bb.<\/span><\/p>\n<p><span class=\"text1noticias\"> <\/span><\/p>\n<p><span class=\"text1noticias\">\u00abEl hecho es lamentable, como han ocurrido otros, como han ocurrido muchos cr\u00edmenes horrendos, pero hay una presunci\u00f3n de que posiblemente \u00e9l mismo se ahorc\u00f3, se est\u00e1 estudiando y esa hip\u00f3tesis tiene mucha credibilidad\u00bb, dijo Fadul.<\/span><\/p>\n<p><span class=\"text1noticias\"> <\/span><\/p>\n<p><span class=\"text1noticias\">La situaci\u00f3n ha abierto las puertas a una nueva crisis diplom\u00e1tica entre los dos pa\u00edses, que hace dos a\u00f1os enfrentaron una situaci\u00f3n similar por altercados por diferendos de tipo comercial y por una sentencia sobre el derecho a la nacionalidad dominicana que afect\u00f3 a miles de inmigrantes haitianos y a sus descendientes nacidos en territorio dominicano.<\/span><\/p>\n<p><span class=\"text1noticias\"> <\/span><\/p>\n<p><span class=\"text1noticias\">\u00abEl gobierno haitiano dar\u00e1 una respuesta adecuada (a la nota de protesta dominicana) dentro de unos pocos d\u00edas\u00bb, dijo hoy el canciller haitiano, y agreg\u00f3 que t\u00e9cnicos de la Secretar\u00eda de Relaciones Exteriores analizan el contenido de la comunicaci\u00f3n.<\/span><\/p>\n<p><span class=\"text1noticias\">Brutus agreg\u00f3 que con relaci\u00f3n a los incidentes en el consulado de Rep\u00fablica Dominicana, uno de los individuos que quitaron una bandera de ese pa\u00eds para sustituirla por la de Hait\u00ed ya estaba all\u00ed antes de la marcha, y que la ense\u00f1a que fue quemada por \u00abindividuos incontrolables\u00bb no era el que estaba en el techo del recinto.<\/span><\/p>\n<p><span class=\"text1noticias\"> <\/span><\/p>\n<p><span class=\"text1noticias\">El gobierno haitiano ya hab\u00eda condenado la \u00abviolaci\u00f3n y el desafortunado asalto\u00bb a la representaci\u00f3n diplom\u00e1tica dominicana realizado \u00abpor un peque\u00f1o grupo de personas malintencionadas que eludieron a los organizadores de la marcha pac\u00edfica\u00bb.<\/span><\/p>\n<\/p>\n<p><span class=\"text1noticias\">Ginette Cherubin, portavoz del movimiento que convoc\u00f3 a la manifestaci\u00f3n, dijo que se trat\u00f3 de un hecho \u00abmuy grave\u00bb y lament\u00f3 lo sucedido.<\/span><\/p>\n<p><span class=\"text1noticias\"> <\/span><\/p>\n<p><span class=\"text1noticias\">Tanto la embajada como el consulado dominicanos permanecen cerrados desde el d\u00eda del incidente y la celebraci\u00f3n del 171\u00ba aniversario de la independencia de Rep\u00fablica Dominicana, que tuvo programado celebrarse el 27 de febrero, fue cancelada el jueves en Puerto Pr\u00edncipe.<\/span><\/p>\n<p><span class=\"text1noticias\"> <\/span><\/p>\n<p><span class=\"text1noticias\">En Santo Domingo, en ocasi\u00f3n de la fecha, el presidente dominicano, Danilo Medina, acudi\u00f3 hoy al Congreso Nacional para presentar las memorias de su tercer a\u00f1o de gesti\u00f3n, donde reiter\u00f3 su advertencia a la comunidad internacional sobre el \u00abderecho soberano\u00bb que asiste a su pa\u00eds para aplicar su propia pol\u00edtica migratoria, que seg\u00fan defensores de los derechos humanos afecta a miles de inmigrantes haitianos y a sus descendientes nacidos en Rep\u00fablica Dominicana.<\/span><\/p>\n<p><span class=\"text1noticias\"> <\/span><\/p>\n<p><span class=\"text1noticias\">Medina tambi\u00e9n advirti\u00f3 que una vez concluida a mediados de este a\u00f1o la ejecuci\u00f3n de los procesos de regularizaci\u00f3n que lleva a cabo su gobierno \u00abno habr\u00e1 m\u00e1s pr\u00f3rrogas\u00bb, por lo que los extranjeros de cualquier nacionalidad que no se hayan regularizado estar\u00e1n sujetos a los procedimientos establecidos por la ley.<\/span><\/p>\n<p><span class=\"text1noticias\"> <\/span><\/p>\n<p><span class=\"text1noticias\">El gobernante, sin embargo, no se refiri\u00f3 en ning\u00fan momento a las tensiones que existen con Hait\u00ed.<\/span><\/p>\n<p><span class=\"text1noticias\"> <\/span><\/p>\n<p><span class=\"text1noticias\">Rep\u00fablica Dominicana, que comparte con Hait\u00ed la isla La Hispaniola, en el centro del Caribe, y una historia com\u00fan llena de fricciones, es tambi\u00e9n escenario eventual de incidentes entre la poblaci\u00f3n local y la comunidad haitiana radicad<\/span>a en el pa\u00eds. <\/p>\n<h6> 2015-02-27 23:26:18 <\/h6>\n<p><!--\n<link rel=\"stylesheet\" href=\"css\/bootstrap.min.css\">\n\n\n<ul class=\"pagination\">\n\t    \n\t\n\n<li >\n\t<a href='?page_no=24796'>Previous<\/a>\n\t<\/li>\n\n\n       \n    \n\n<li><a href='?page_no=1'>1<\/a><\/li>\n\n\n\n<li><a href='?page_no=2'>2<\/a><\/li>\n\n\n\n<li><a>...<\/a><\/li>\n\n\n\n<li><a href='?page_no=24795'>24795<\/a><\/li>\n\n\n\n<li><a href='?page_no=24796'>24796<\/a><\/li>\n\n\n\n<li class='active'><a>24797<\/a><\/li>\n\n\n\n<li><a href='?page_no=24798'>24798<\/a><\/li>\n\n\n\n<li><a href='?page_no=24799'>24799<\/a><\/li>\n\n\n\n<li><a>...<\/a><\/li>\n\n\n\n<li><a href='?page_no=51012'>51012<\/a><\/li>\n\n\n\n<li><a href='?page_no=51013'>51013<\/a><\/li>\n\n    \n\t\n\n<li >\n\t<a href='?page_no=24798'>Next<\/a>\n\t<\/li>\n\n\n    \n\n<li><a href='?page_no=51013'>Last &rsaquo;&rsaquo;<\/a><\/li>\n\n<\/ul>\n\n\n--><br \/>\n<\/body><\/p>\n","protected":false},"excerpt":{"rendered":"<p>Haiti, 27 feb (Xinhua) &#8212; El ministro haitiano de Relaciones Exteriores, Pierre Duly Brutus, reconoci\u00f3 que la reciente muerte de un inmigrante haitiano en Rep\u00fablica Dominicana ha llevado a un enfriamiento en las relaciones con su pa\u00eds, pero asegur\u00f3 que Hait\u00ed no entrar\u00e1 en un \u00abtira y jala\u00bb con las autoridades dominicanas \u00abporque este problema [&hellip;]<\/p>\n","protected":false},"author":3,"featured_media":0,"comment_status":"open","ping_status":"open","sticky":false,"template":"","format":"standard","meta":{"footnotes":""},"categories":[23],"tags":[],"class_list":["post-255152","post","type-post","status-publish","format-standard","hentry","category-internacional"],"_links":{"self":[{"href":"https:\/\/diariodominicano.com\/index.php?rest_route=\/wp\/v2\/posts\/255152","targetHints":{"allow":["GET"]}}],"collection":[{"href":"https:\/\/diariodominicano.com\/index.php?rest_route=\/wp\/v2\/posts"}],"about":[{"href":"https:\/\/diariodominicano.com\/index.php?rest_route=\/wp\/v2\/types\/post"}],"author":[{"embeddable":true,"href":"https:\/\/diariodominicano.com\/index.php?rest_route=\/wp\/v2\/users\/3"}],"replies":[{"embeddable":true,"href":"https:\/\/diariodominicano.com\/index.php?rest_route=%2Fwp%2Fv2%2Fcomments&post=255152"}],"version-history":[{"count":0,"href":"https:\/\/diariodominicano.com\/index.php?rest_route=\/wp\/v2\/posts\/255152\/revisions"}],"wp:attachment":[{"href":"https:\/\/diariodominicano.com\/index.php?rest_route=%2Fwp%2Fv2%2Fmedia&parent=255152"}],"wp:term":[{"taxonomy":"category","embeddable":true,"href":"https:\/\/diariodominicano.com\/index.php?rest_route=%2Fwp%2Fv2%2Fcategories&post=255152"},{"taxonomy":"post_tag","embeddable":true,"href":"https:\/\/diariodominicano.com\/index.php?rest_route=%2Fwp%2Fv2%2Ftags&post=255152"}],"curies":[{"name":"wp","href":"https:\/\/api.w.org\/{rel}","templated":true}]}}