{"id":255151,"date":"2015-02-27T23:49:20","date_gmt":"2015-02-27T23:49:20","guid":{"rendered":"http:\/\/diariodominicano.ddns.net\/?p=255151"},"modified":"2015-02-27T23:49:20","modified_gmt":"2015-02-27T23:49:20","slug":"la-despedida-de-mujica-el-presidente-austero-de-uruguay","status":"publish","type":"post","link":"https:\/\/diariodominicano.com\/?p=255151","title":{"rendered":"La despedida de Mujica, el presidente austero de Uruguay"},"content":{"rendered":"<p><body><\/p>\n<p><img decoding=\"async\" src=\"img3\/Mujicat.jpg\" \/>  <\/p>\n<p><span class=\"text1noticias\">  Por Gerardo Laborde<\/span><\/p>\n<p><span class=\"text1noticias\">MONTEVIDEO, 27 feb (Xinhua) &#8212; Con una mochila cargada de logros y debes sobre sus espaldas, seg\u00fan \u00e9l mismo ha reconocido, Jos\u00e9 Mujica se despide este domingo de la presidencia de Uruguay, cargo que desempe\u00f1\u00f3 con una austeridad que sorprendi\u00f3 al mundo.<\/span><\/p>\n<p><span class=\"text1noticias\">Los medios internacionales lo llamaron \u00abel presidente m\u00e1s pobre del mundo\u00bb, un mote del que \u00e9l renegaba.<\/span><\/p>\n<p><span class=\"text1noticias\">Pero no era exagerado.<\/span><\/p>\n<p><span class=\"text1noticias\">Desde que asumi\u00f3 en marzo de 2010 para encabezar el segundo gobierno del izquierdista Frente Amplio (FA), don\u00f3 el 90 por ciento de su sueldo para un plan de vivienda social y sigui\u00f3 viviendo en su modesta granja de las afueras de Montevideo.<\/span><\/p>\n<p><span class=\"text1noticias\">Despreci\u00f3 la se\u00f1orial residencia reservada para los mandatarios y se qued\u00f3 en su destartalada granja, recibiendo a periodistas y funcionarios en una de las tres habitaciones de pocos metros cuadrados, que sirve de comedor y escritorio.<\/span><\/p>\n<p><span class=\"text1noticias\">\u00abYo no soy pobre. Pobres son los que precisan mucho para vivir, esos son los verdaderos pobres, yo tengo lo suficiente\u00bb, afirm\u00f3 Mujica a Xinhua durante una entrevista en mayo de 2013.<\/span><\/p>\n<p><span class=\"text1noticias\">All\u00ed se reconoci\u00f3 \u00abaustero\u00bb, \u00absobrio\u00bb y \u00abliviano de equipaje\u00bb porque \u00abpara vivir no preciso m\u00e1s equipaje que eso. Peleo por la libertad y la libertad es tener tiempo para hacer lo que a uno le gusta\u00bb.<\/span><\/p>\n<p><span class=\"text1noticias\">Tambi\u00e9n se hizo famoso mundialmente como promotor de la legalizaci\u00f3n de la marihuana en un in\u00e9dito sistema de producci\u00f3n y distribuci\u00f3n bajo supervisi\u00f3n estatal, que todav\u00eda no se implementa totalmente.<\/span><\/p>\n<p><span class=\"text1noticias\">     LUCES Y SOMBRAS<\/span><\/p>\n<p><span class=\"text1noticias\">A los 79 a\u00f1os, el mandatario saliente reitera que no es afecto a los balances, aunque sus palabras dejan traslucir una evaluaci\u00f3n de su gesti\u00f3n.<\/span><\/p>\n<p><span class=\"text1noticias\">\u00abYo no soy almacenero, no hago balance porque no tengo nada que colocar en los estantes. Hicimos lo que pudimos\u00bb, admiti\u00f3 en una entrevista en el cierre de 2014.<\/span><\/p>\n<p><span class=\"text1noticias\">Es notorio que no pudo concretar las inversiones en infraestructura que el pa\u00eds requer\u00eda para evitar un apag\u00f3n log\u00edstico, luego de 11 a\u00f1os de alzas anuales consecutivas de la econom\u00eda con tasas superiores al promedio hist\u00f3rico.<\/span><\/p>\n<p><span class=\"text1noticias\">M\u00e1s all\u00e1 de las buenas intenciones, no pudo recuperar la deteriorada red de ferrocarril ni avanzar en la mejora de las rutas.<\/span><\/p>\n<p><span class=\"text1noticias\">Aunque logr\u00f3 apoyos, no consigui\u00f3 financiaci\u00f3n para el puerto de aguas profundas en el oc\u00e9ano Atl\u00e1ntico, que pretend\u00eda construir con el apoyo de los pa\u00edses de la regi\u00f3n.<\/span><\/p>\n<p><span class=\"text1noticias\">Otro desvelo de Mujica era una reforma de la educaci\u00f3n, bloqueada por los sindicatos y los partidos de oposici\u00f3n.<\/span><\/p>\n<p><span class=\"text1noticias\">\u00abUno llega a la presidencia con una cuota de idealizaci\u00f3n y despu\u00e9s la realidad lo golpea en el hocico\u00bb, reconoci\u00f3 esta semana al hablar de su malogrado poyecto.<\/span><\/p>\n<p><span class=\"text1noticias\">La prioridad era transformar el actual servicio secundario de formaci\u00f3n t\u00e9cnica en una universidad tecnol\u00f3gica y cient\u00edfica de alcance nacional, pero como premio consuelo debi\u00f3 conformarse con la creaci\u00f3n desde cero de una nueva universidad.<\/span><\/p>\n<p><span class=\"text1noticias\">Al citar los avances, hay consenso para afirmar que condujo un gobierno con un tim\u00f3n econ\u00f3mico responsable que permiti\u00f3 al pa\u00eds seguir creciendo a tasas superiores al 3 por ciento.<\/span><\/p>\n<p><span class=\"text1noticias\">Durante su mandato, la pobreza baj\u00f3 a un 11,5 por ciento (medida por ingresos) y el desempleo hasta 6,6 por ciento.<\/span><\/p>\n<p><span class=\"text1noticias\">Al mismo tiempo, el gobierno apost\u00f3 por pol\u00edticas de diversificaci\u00f3n de la matriz energ\u00e9tica a trav\u00e9s de la instalaci\u00f3n de parques e\u00f3licos y la construcci\u00f3n de una planta regasificadora.<\/span><\/p>\n<p><span class=\"text1noticias\">Una cultura de di\u00e1logo permanente con la oposici\u00f3n fue otro sello de su mandato, aunque a veces hubo chispazos en esa relaci\u00f3n.<\/span><\/p>\n<p><span class=\"text1noticias\">El v\u00ednculo con Argentina, adem\u00e1s, fue recuperado por Mujica luego de cinco a\u00f1os de virtual congelamiento a ra\u00edz de un litigio ambiental.<\/span><\/p>\n<p><span class=\"text1noticias\">M\u00e1s all\u00e1 de lo hecho o no, luego de cederle la presidencia a Tabar\u00e9 V\u00e1zquez, quien gobern\u00f3 para el FA entre 2005 y 2010, Mujica no piensa jubilarse y aprovechar\u00e1 la popularidad del 65 por ciento con la que se retira.<\/span><\/p>\n<p><span class=\"text1noticias\">El mandatario saliente fue electo senador en las elecciones de octubre pasado.<\/span><\/p>\n<p><span class=\"text1noticias\">\u00abSi el cuerpo me responde no hay ni jubilaci\u00f3n ni licencia. Pero no porque est\u00e9 en el Senado, mi adicci\u00f3n es la militancia. Empec\u00e9 a militar cuando ten\u00eda 14 a\u00f1os y ahora ya no puedo parar\u00bb, declar\u00f3 a la radio Oc\u00e9ano FM.<\/span><\/p>\n<p><span class=\"text1noticias\">Lejos de extra\u00f1ar la responsabilidad de la jefatura de Estado, el volver al llano ser\u00e1 un alivio para Mujica: \u00abEs como cuando te pon\u00e9s un par de zapatos nuevos y te lo sacas. \u00a1Qu\u00e9 alivio!\u00bb<\/span><\/p>\n<h6> 2015-02-27 23:49:20 <\/h6>\n<p><!--\n<link rel=\"stylesheet\" href=\"css\/bootstrap.min.css\">\n\n\n<ul class=\"pagination\">\n\t    \n\t\n\n<li >\n\t<a href='?page_no=24795'>Previous<\/a>\n\t<\/li>\n\n\n       \n    \n\n<li><a href='?page_no=1'>1<\/a><\/li>\n\n\n\n<li><a href='?page_no=2'>2<\/a><\/li>\n\n\n\n<li><a>...<\/a><\/li>\n\n\n\n<li><a href='?page_no=24794'>24794<\/a><\/li>\n\n\n\n<li><a href='?page_no=24795'>24795<\/a><\/li>\n\n\n\n<li class='active'><a>24796<\/a><\/li>\n\n\n\n<li><a href='?page_no=24797'>24797<\/a><\/li>\n\n\n\n<li><a href='?page_no=24798'>24798<\/a><\/li>\n\n\n\n<li><a>...<\/a><\/li>\n\n\n\n<li><a href='?page_no=51012'>51012<\/a><\/li>\n\n\n\n<li><a href='?page_no=51013'>51013<\/a><\/li>\n\n    \n\t\n\n<li >\n\t<a href='?page_no=24797'>Next<\/a>\n\t<\/li>\n\n\n    \n\n<li><a href='?page_no=51013'>Last &rsaquo;&rsaquo;<\/a><\/li>\n\n<\/ul>\n\n\n--><br \/>\n<\/body><\/p>\n","protected":false},"excerpt":{"rendered":"<p>Por Gerardo Laborde MONTEVIDEO, 27 feb (Xinhua) &#8212; Con una mochila cargada de logros y debes sobre sus espaldas, seg\u00fan \u00e9l mismo ha reconocido, Jos\u00e9 Mujica se despide este domingo de la presidencia de Uruguay, cargo que desempe\u00f1\u00f3 con una austeridad que sorprendi\u00f3 al mundo. Los medios internacionales lo llamaron \u00abel presidente m\u00e1s pobre del [&hellip;]<\/p>\n","protected":false},"author":3,"featured_media":0,"comment_status":"open","ping_status":"open","sticky":false,"template":"","format":"standard","meta":{"footnotes":""},"categories":[23],"tags":[],"class_list":["post-255151","post","type-post","status-publish","format-standard","hentry","category-internacional"],"_links":{"self":[{"href":"https:\/\/diariodominicano.com\/index.php?rest_route=\/wp\/v2\/posts\/255151","targetHints":{"allow":["GET"]}}],"collection":[{"href":"https:\/\/diariodominicano.com\/index.php?rest_route=\/wp\/v2\/posts"}],"about":[{"href":"https:\/\/diariodominicano.com\/index.php?rest_route=\/wp\/v2\/types\/post"}],"author":[{"embeddable":true,"href":"https:\/\/diariodominicano.com\/index.php?rest_route=\/wp\/v2\/users\/3"}],"replies":[{"embeddable":true,"href":"https:\/\/diariodominicano.com\/index.php?rest_route=%2Fwp%2Fv2%2Fcomments&post=255151"}],"version-history":[{"count":0,"href":"https:\/\/diariodominicano.com\/index.php?rest_route=\/wp\/v2\/posts\/255151\/revisions"}],"wp:attachment":[{"href":"https:\/\/diariodominicano.com\/index.php?rest_route=%2Fwp%2Fv2%2Fmedia&parent=255151"}],"wp:term":[{"taxonomy":"category","embeddable":true,"href":"https:\/\/diariodominicano.com\/index.php?rest_route=%2Fwp%2Fv2%2Fcategories&post=255151"},{"taxonomy":"post_tag","embeddable":true,"href":"https:\/\/diariodominicano.com\/index.php?rest_route=%2Fwp%2Fv2%2Ftags&post=255151"}],"curies":[{"name":"wp","href":"https:\/\/api.w.org\/{rel}","templated":true}]}}