{"id":255150,"date":"2015-02-28T10:01:12","date_gmt":"2015-02-28T10:01:12","guid":{"rendered":"http:\/\/diariodominicano.ddns.net\/?p=255150"},"modified":"2015-02-28T10:01:12","modified_gmt":"2015-02-28T10:01:12","slug":"secretario-de-estado-dice-eeuu-no-negociara-sobre-posibilidad-de-sacar-cuba-de-lista-terrorismo","status":"publish","type":"post","link":"https:\/\/diariodominicano.com\/?p=255150","title":{"rendered":"Secretario de Estado dice  EEUU no negociar\u00e1 sobre posibilidad de sacar Cuba de lista terrorismo&#13;"},"content":{"rendered":"<p><body><\/p>\n<p><img decoding=\"async\" src=\"img3\/kerry 2.jpg\" \/>  <\/p>\n<p>Secretario de Estado dice  EEUU no negociar\u00e1 sobre posibilidad de sacar Cuba de lista terrorismo<\/p>\n<\/p>\n<p>Washington, 27 feb (EFE).- El secretario de Estado de EE.UU., John Kerry, dijo hoy que la delegaci\u00f3n estadounidense en las conversaciones con Cuba no negociar\u00e1 sobre la posibilidad de sacar a la isla de la lista de pa\u00edses patrocinadores del terrorismo que elabora Washington, porque ese proceso debe resolverse por separado.<\/p>\n<\/p>\n<p>Kerry se pronunci\u00f3 as\u00ed poco despu\u00e9s de que comenzara en la capital estadounidense, en el Departamento de Estado, la segunda ronda de negociaci\u00f3n entre EE.UU. y Cuba para el restablecimiento de sus relaciones diplom\u00e1ticas, rotas desde 1961.<\/p>\n<\/p>\n<p>\u00abEstas son negociaciones normales relacionadas con el movimiento de diplom\u00e1ticos, acceso, viajes, cosas diferentes, un proceso muy t\u00e9cnico\u00bb, dijo Kerry en una conferencia de prensa junto a la presidenta de Liberia, Ellen Johnson Sirleaf.<\/p>\n<\/p>\n<p>\u00abLa designaci\u00f3n como Estado patrocinador del terrorismo es un proceso separado. No es una negociaci\u00f3n\u00bb, a\u00f1adi\u00f3.<\/p>\n<\/p>\n<p>Cuba integra, desde 1982, la lista de Estados patrocinadores del terrorismo que elabora anualmente el Departamento de Estado, lo que supone la imposici\u00f3n de sanciones como la prohibici\u00f3n de la venta y exportaci\u00f3n de armas, prohibici\u00f3n de ayuda econ\u00f3mica y restricciones a las transacciones financieras entre ciudadanos.<\/p>\n<\/p>\n<p>El Gobierno cubano asegura que no hay razones para permanecer en esa lista y est\u00e1 previsto que la delegaci\u00f3n cubana que asiste hoy a las negociaciones insista en condicionar su salida de esa categor\u00eda a la reapertura de embajadas en las respectivas capitales.<\/p>\n<\/p>\n<p>Sin embargo, Kerry subray\u00f3 que el proceso para eliminar a un pa\u00eds de la lista, que ya est\u00e1 en curso en el Departamento de Estado, \u00abes una evaluaci\u00f3n que se hace bajo una serie de requisitos muy estrictos exigidos por el Congreso, y tiene que hacerse por separado\u00bb.<\/p>\n<\/p>\n<p>El proceso de retirada requiere una notificaci\u00f3n formal del presidente de EE.UU., Barack Obama, al Congreso, que tiene desde entonces 45 d\u00edas para estudiar la idea.<\/p>\n<\/p>\n<p>Antes de llegar a esa notificaci\u00f3n, EE.UU. debe alcanzar la conclusi\u00f3n de que \u00abdurante los \u00faltimos seis meses, el pa\u00eds en cuesti\u00f3n no se ha implicado en el apoyo, asistencia o complicidad de actos terroristas internacionales\u00bb, explic\u00f3 hoy Kerry.<\/p>\n<\/p>\n<p>Adem\u00e1s, es necesario contar con un compromiso del Gobierno en cuesti\u00f3n de que no tiene intenci\u00f3n de involucrarse o apoyar el terrorismo en el futuro.<\/p>\n<\/p>\n<p>\u00abEsta evaluaci\u00f3n se har\u00e1 de la forma apropiada, y no habr\u00e1 ninguna acci\u00f3n respecto a la lista hasta que se complete la evaluaci\u00f3n\u00bb, subray\u00f3 el jefe de la diplomacia estadounidense.<\/p>\n<\/p>\n<p>Las razones de EE.UU. para mantener hasta ahora a Cuba en la lista -en la que comparte espacio \u00fanicamente con Ir\u00e1n, Sud\u00e1n y Siria- son su presunta acogida de miembros de la organizaci\u00f3n terrorista vasca ETA y de las Fuerzas Armadas Revolucionarias de Colombia (FARC), adem\u00e1s de algunos fugitivos de la justicia estadounidense<\/p>\n<h6> 2015-02-28 10:01:12 <\/h6>\n<p><!--\n<link rel=\"stylesheet\" href=\"css\/bootstrap.min.css\">\n\n\n<ul class=\"pagination\">\n\t    \n\t\n\n<li >\n\t<a href='?page_no=24794'>Previous<\/a>\n\t<\/li>\n\n\n       \n    \n\n<li><a href='?page_no=1'>1<\/a><\/li>\n\n\n\n<li><a href='?page_no=2'>2<\/a><\/li>\n\n\n\n<li><a>...<\/a><\/li>\n\n\n\n<li><a href='?page_no=24793'>24793<\/a><\/li>\n\n\n\n<li><a href='?page_no=24794'>24794<\/a><\/li>\n\n\n\n<li class='active'><a>24795<\/a><\/li>\n\n\n\n<li><a href='?page_no=24796'>24796<\/a><\/li>\n\n\n\n<li><a href='?page_no=24797'>24797<\/a><\/li>\n\n\n\n<li><a>...<\/a><\/li>\n\n\n\n<li><a href='?page_no=51012'>51012<\/a><\/li>\n\n\n\n<li><a href='?page_no=51013'>51013<\/a><\/li>\n\n    \n\t\n\n<li >\n\t<a href='?page_no=24796'>Next<\/a>\n\t<\/li>\n\n\n    \n\n<li><a href='?page_no=51013'>Last &rsaquo;&rsaquo;<\/a><\/li>\n\n<\/ul>\n\n\n--><br \/>\n<\/body><\/p>\n","protected":false},"excerpt":{"rendered":"<p>Secretario de Estado dice EEUU no negociar\u00e1 sobre posibilidad de sacar Cuba de lista terrorismo Washington, 27 feb (EFE).- El secretario de Estado de EE.UU., John Kerry, dijo hoy que la delegaci\u00f3n estadounidense en las conversaciones con Cuba no negociar\u00e1 sobre la posibilidad de sacar a la isla de la lista de pa\u00edses patrocinadores del [&hellip;]<\/p>\n","protected":false},"author":3,"featured_media":0,"comment_status":"open","ping_status":"open","sticky":false,"template":"","format":"standard","meta":{"footnotes":""},"categories":[23],"tags":[],"class_list":["post-255150","post","type-post","status-publish","format-standard","hentry","category-internacional"],"_links":{"self":[{"href":"https:\/\/diariodominicano.com\/index.php?rest_route=\/wp\/v2\/posts\/255150","targetHints":{"allow":["GET"]}}],"collection":[{"href":"https:\/\/diariodominicano.com\/index.php?rest_route=\/wp\/v2\/posts"}],"about":[{"href":"https:\/\/diariodominicano.com\/index.php?rest_route=\/wp\/v2\/types\/post"}],"author":[{"embeddable":true,"href":"https:\/\/diariodominicano.com\/index.php?rest_route=\/wp\/v2\/users\/3"}],"replies":[{"embeddable":true,"href":"https:\/\/diariodominicano.com\/index.php?rest_route=%2Fwp%2Fv2%2Fcomments&post=255150"}],"version-history":[{"count":0,"href":"https:\/\/diariodominicano.com\/index.php?rest_route=\/wp\/v2\/posts\/255150\/revisions"}],"wp:attachment":[{"href":"https:\/\/diariodominicano.com\/index.php?rest_route=%2Fwp%2Fv2%2Fmedia&parent=255150"}],"wp:term":[{"taxonomy":"category","embeddable":true,"href":"https:\/\/diariodominicano.com\/index.php?rest_route=%2Fwp%2Fv2%2Fcategories&post=255150"},{"taxonomy":"post_tag","embeddable":true,"href":"https:\/\/diariodominicano.com\/index.php?rest_route=%2Fwp%2Fv2%2Ftags&post=255150"}],"curies":[{"name":"wp","href":"https:\/\/api.w.org\/{rel}","templated":true}]}}