{"id":255149,"date":"2015-02-28T10:06:44","date_gmt":"2015-02-28T10:06:44","guid":{"rendered":"http:\/\/diariodominicano.ddns.net\/?p=255149"},"modified":"2015-02-28T10:06:44","modified_gmt":"2015-02-28T10:06:44","slug":"dominicanos-en-ny-valoran-positivamente-discurso-del-presidente-medina","status":"publish","type":"post","link":"https:\/\/diariodominicano.com\/?p=255149","title":{"rendered":"Dominicanos en NY valoran positivamente discurso del presidente Medina"},"content":{"rendered":"<p><body><\/p>\n<p><img decoding=\"async\" src=\"img3\/criollos 2.jpg\" \/>  <\/p>\n<p>Nueva York 28 febrero.- La mayor\u00eda de los dominicanos consultados este viernes en los sectores de Washington Heights e Inwood, en esta ciudad, valoraron positivamente el discurso pronunciado ante la Asamblea Nacional por el presidente Danilo Medina, al considerar que en tan solo 30 meses de gobierno ha logrado avances incalculables para bienestar de la mayor\u00eda de los dominicanos, restablecer la confianza, recuperar la fe en el pa\u00eds y establecer que su obra es modelo a seguir por las fuerzas pol\u00edticas que aspiran a gobernar la naci\u00f3n caribe\u00f1a.<\/p>\n<\/p>\n<p>Durante un recorrido la tarde de este viernes por calles y establecimientos p\u00fablicos de los dos vecindarios donde reside la mayor cantidad de dominicanos en todo el mundo, con m\u00e1s de 300 mil criollos, a veintenas de ellos se le inquiri\u00f3 su parecer sobre el discurso presidencial.<\/p>\n<\/p>\n<p>Al analista period\u00edstico, Jos\u00e9 Alduey Sierra, le llena de orgullo haber escuchado del presidente Medina decir \u00ablos pobres no son malapagas\u00bb, y con su forma de gobernar ha recuperado la fe en el destino nacional, adem\u00e1s su obra es modelo a seguir por las fuerzas pol\u00edticas que aspiran gobernar a quisqueyana. \u00abY si \u00e9l hubiese combinado su accionar con el castigo a la corrupci\u00f3n del pasado gobierno de Leonel Fern\u00e1ndez, hoy tuviera mucho m\u00e1s lleno de gloria\u00bb.<\/p>\n<\/p>\n<p>Mientras que Sigfredo Rojas, un empleado de un supermercado, manifest\u00f3 que este presidente s\u00ed est\u00e1 combatiendo verdaderamente la pobreza, d\u00e1ndoles oportunidad a los pobres con el cr\u00e9dito, a las asociaciones y federaciones de todo el pa\u00eds proporcion\u00e1ndole pr\u00e9stamos blandos para que impulsen proyectos productivos de manera colectiva, y los mismos se pueden ver a nivel nacional.<\/p>\n<\/p>\n<p>Para el reconocido y carism\u00e1tico dirigente del Partido de la Liberaci\u00f3n Dominicana (PLD) Luis Lithgow, el mandatario ha cumplido con lo que ha prometido, y sus logros en tan solo 30 meses han sido tan beneficioso para la mayor\u00eda del pueblo, que el mismo pueblo, voluntariamente, est\u00e1 pidiendo cuatro a\u00f1os m\u00e1s, para que pueda hacer mucho m\u00e1s de lo que ha hecho. \u00abEs decir, la gente est\u00e1 pidiendo la reelecci\u00f3n para que Medina pueda consolidar lo logrado, seguir impulsando los grandes cambios hacia delante, sin flaquear, sin aflojar el paso, porque falta mucho por construir, por crear y conquistar, como bien lo dijera el presidente, quien fuera aplaudido 93 veces durante su discurso.<\/p>\n<\/p>\n<p>El reconocido periodista William Jim\u00e9nez lo calific\u00f3 como muy esperanzador. \u00abEl presidente puso de manifiesto su lado humano y su sentir a favor de la clase m\u00e1s despose\u00edda, detallando una gesti\u00f3n cargada de profundas transformaciones sociales. Un gran discurso, donde destaca las obras de su gesti\u00f3n en bien del pueblo dominicano; con estad\u00edsticas precisas que hablan de lo favorable que han sido para el pa\u00eds, y dejando de lado cualquier ambici\u00f3n pol\u00edtica que no sea en beneficio de la gente. Fue una pieza muy conciliadora, pero muy firme a la hora de tratar la soberan\u00eda del pa\u00eds y su pol\u00edtica migratoria\u00bb.<\/p>\n<\/p>\n<p>Por su parte, el presidente del Comit\u00e9 del Dominicano en el Exterior (Codex), M\u00e1ximo Padilla, manifest\u00f3 que el presidente Medina recobra la confianza en el pa\u00eds con un discurso nacionalista de acuerdo a la \u00e9poca.<\/p>\n<\/p>\n<p>La joven empleada privada, \u00dardanla M. Rodr\u00edguez, se mostr\u00f3 convencida de que cuatro a\u00f1os son muy pocos para el presidente Medina concluir su obra de gobierno, porque ella viene d\u00e1ndole seguimiento, a trav\u00e9s de la prensa y el contacto con sus familiares en el pa\u00eds, de todo lo que ha estado haciendo, y espera que se le apruebe la reelecci\u00f3n.<\/p>\n<\/p>\n<p>Jeffrey Jerez, tambi\u00e9n empleado privado, sostuvo que el gobierno de Danilo es m\u00e1s de lo mismo, porque no ha metido preso a los corruptos, aunque aplaude la transparencia de su gobierno, espera que saque los haitianos del pa\u00eds.<\/p>\n<\/p>\n<p>Asimismo fueron entrevistados en las avenidas Saint Nicholas, Broadway, Audubon, \u00c1msterdam, Nagle, Sherman, Dyckman y las calles 181, 204 y 207; Juan Maldonado Matos, Andr\u00e9s Antonio Mej\u00eda, Juana Rivera de Santos, Altagracia Urbaez Medina, Dolores Rosario de Beltr\u00e9, Ram\u00f3n Antonio Su\u00e1rez, William Liberato, Danilo Contreras, Sumergida Amparo de N\u00fa\u00f1ez, Alberto Santos, Juan de Dios Sim\u00e9, Sim\u00f3n Valenzuela, los esposos Antolyn y Anita Morrobel, Wilfredo Marmolejos, Alejandro Savi\u00f1on D\u00edaz, Josefina Encarnaci\u00f3n, Hansel Rivas, Modesto Cortorreal Ortiz, Miladys de Espaillat y decenas de criollos m\u00e1s.<\/p>\n<\/p>\n<p>La mayor\u00eda de todos ellos consideraron la pieza oratoria del presidente como positiva tambi\u00e9n, a excepci\u00f3n de unos siete u ocho de los encuestados que afirmaron que no creen en las tantas bonanzas presentada por el mandata<\/p>\n<h6> 2015-02-28 10:06:44 <\/h6>\n<p><!--\n<link rel=\"stylesheet\" href=\"css\/bootstrap.min.css\">\n\n\n<ul class=\"pagination\">\n\t    \n\t\n\n<li >\n\t<a href='?page_no=24793'>Previous<\/a>\n\t<\/li>\n\n\n       \n    \n\n<li><a href='?page_no=1'>1<\/a><\/li>\n\n\n\n<li><a href='?page_no=2'>2<\/a><\/li>\n\n\n\n<li><a>...<\/a><\/li>\n\n\n\n<li><a href='?page_no=24792'>24792<\/a><\/li>\n\n\n\n<li><a href='?page_no=24793'>24793<\/a><\/li>\n\n\n\n<li class='active'><a>24794<\/a><\/li>\n\n\n\n<li><a href='?page_no=24795'>24795<\/a><\/li>\n\n\n\n<li><a href='?page_no=24796'>24796<\/a><\/li>\n\n\n\n<li><a>...<\/a><\/li>\n\n\n\n<li><a href='?page_no=51012'>51012<\/a><\/li>\n\n\n\n<li><a href='?page_no=51013'>51013<\/a><\/li>\n\n    \n\t\n\n<li >\n\t<a href='?page_no=24795'>Next<\/a>\n\t<\/li>\n\n\n    \n\n<li><a href='?page_no=51013'>Last &rsaquo;&rsaquo;<\/a><\/li>\n\n<\/ul>\n\n\n--><br \/>\n<\/body><\/p>\n","protected":false},"excerpt":{"rendered":"<p>Nueva York 28 febrero.- La mayor\u00eda de los dominicanos consultados este viernes en los sectores de Washington Heights e Inwood, en esta ciudad, valoraron positivamente el discurso pronunciado ante la Asamblea Nacional por el presidente Danilo Medina, al considerar que en tan solo 30 meses de gobierno ha logrado avances incalculables para bienestar de la [&hellip;]<\/p>\n","protected":false},"author":3,"featured_media":0,"comment_status":"open","ping_status":"open","sticky":false,"template":"","format":"standard","meta":{"footnotes":""},"categories":[23],"tags":[],"class_list":["post-255149","post","type-post","status-publish","format-standard","hentry","category-internacional"],"_links":{"self":[{"href":"https:\/\/diariodominicano.com\/index.php?rest_route=\/wp\/v2\/posts\/255149","targetHints":{"allow":["GET"]}}],"collection":[{"href":"https:\/\/diariodominicano.com\/index.php?rest_route=\/wp\/v2\/posts"}],"about":[{"href":"https:\/\/diariodominicano.com\/index.php?rest_route=\/wp\/v2\/types\/post"}],"author":[{"embeddable":true,"href":"https:\/\/diariodominicano.com\/index.php?rest_route=\/wp\/v2\/users\/3"}],"replies":[{"embeddable":true,"href":"https:\/\/diariodominicano.com\/index.php?rest_route=%2Fwp%2Fv2%2Fcomments&post=255149"}],"version-history":[{"count":0,"href":"https:\/\/diariodominicano.com\/index.php?rest_route=\/wp\/v2\/posts\/255149\/revisions"}],"wp:attachment":[{"href":"https:\/\/diariodominicano.com\/index.php?rest_route=%2Fwp%2Fv2%2Fmedia&parent=255149"}],"wp:term":[{"taxonomy":"category","embeddable":true,"href":"https:\/\/diariodominicano.com\/index.php?rest_route=%2Fwp%2Fv2%2Fcategories&post=255149"},{"taxonomy":"post_tag","embeddable":true,"href":"https:\/\/diariodominicano.com\/index.php?rest_route=%2Fwp%2Fv2%2Ftags&post=255149"}],"curies":[{"name":"wp","href":"https:\/\/api.w.org\/{rel}","templated":true}]}}