{"id":255148,"date":"2015-02-28T10:55:16","date_gmt":"2015-02-28T10:55:16","guid":{"rendered":"http:\/\/diariodominicano.ddns.net\/?p=255148"},"modified":"2015-02-28T10:55:16","modified_gmt":"2015-02-28T10:55:16","slug":"argentina-anuncia-fuerte-recorte-de-tropas-en-haiti-y-enciende-debate-regional","status":"publish","type":"post","link":"https:\/\/diariodominicano.com\/?p=255148","title":{"rendered":"Argentina anuncia fuerte recorte de tropas en Hait\u00ed y enciende debate regional&#13;"},"content":{"rendered":"<p><body><\/p>\n<p><img decoding=\"async\" src=\"img3\/azules 2.jpg\" \/>  <\/p>\n<p>Buenos Airers, Argentina 28 febrero.- En una noticia que, seg\u00fan la prensa local, sorprendi\u00f3 a las Fuerzas Armadas argentinas, el ministro de Defensa de ese pa\u00eds, Agust\u00edn Rossi, anunci\u00f3 una dr\u00e1stica reducci\u00f3n de sus tropas en Hait\u00ed. <\/p>\n<\/p>\n<p>El repliegue de los cascos azules, que se iniciar\u00e1 a partir de abril, alimenta as\u00ed el debate iniciado en otros pa\u00edses de la regi\u00f3n -como Brasil, Uruguay y Chile- donde se discute el posible retiro de sus efectivos de la Misi\u00f3n de Estabilizaci\u00f3n de las Naciones Unidas en Hait\u00ed (Minustah).<\/p>\n<\/p>\n<p>\u00abEstamos orgullosos y satisfechos por las tareas realizadas por los 12.600 hombres y mujeres que durante estos 10 a\u00f1os participaron en 20 misiones ininterrumpidas\u00bb, afirm\u00f3 el ministro de Defensa argentino, quien lleg\u00f3 el martes a Hait\u00ed para despedir en nombre del gobierno al \u00faltimo contingente de cascos azules.<\/p>\n<\/p>\n<p>Rossi lament\u00f3 la resoluci\u00f3n del Consejo de Seguridad de la ONU, en octubre pasado, en la que se  redujo la cantidad de efectivos autorizados en la misi\u00f3n de 5.021 soldados a 2.370, a partir de junio. Rossi calific\u00f3 la medida de \u00ababrupta disminuci\u00f3n\u00bb.<\/p>\n<\/p>\n<p>As\u00ed, de los actuales 561 efectivos argentinos de la Minustah, s\u00f3lo permanecer\u00e1n cerca de 70 efectivos, principalmente m\u00e9dicos y enfermeros, del hospital reubicable que la Fuerza A\u00e9rea tiene instalado en Puerto Pr\u00edncipe. El comandante del Contingente Argentino en Hait\u00ed, coronel Eduardo P\u00e9rez Bacchi, dijo que Gonaives, la ciudad que est\u00e1 a cargo de los cascos azules transandinos y una de las m\u00e1s conflictivas del pa\u00eds, despu\u00e9s de abril  quedar\u00e1 bajo custodia de la Polic\u00eda Nacional de Hait\u00ed (PNH), que est\u00e1 en plena formaci\u00f3n, con \u00abuna unidad de polic\u00eda de Jordania, como apoyo\u00bb.<\/p>\n<\/p>\n<p>Chile es el cuarto pa\u00eds de la regi\u00f3n con mayor presencia militar en Hait\u00ed, despu\u00e9s de Brasil, Uruguay y Argentina. Actualmente nuestro pa\u00eds tiene 415 efectivos en terreno. Fuentes del Ministerio de Defensa dijeron a La Tercera que Chile se encuentra analizando constantemente el despliegue de misiones de paz en el mundo, en especial el de la Minustah, donde Chile ha mantenido su presencia por una d\u00e9cada.<\/p>\n<\/p>\n<p>Seg\u00fan esas fuentes, la idea de la misi\u00f3n en Hait\u00ed -seg\u00fan el \u00faltimo requerimiento que la ONU efectu\u00f3 a sus pa\u00edses miembros- es que a fines de 2016 se termine con la operaci\u00f3n en esa regi\u00f3n. Esto depender\u00e1 del cumplimiento de los requisitos democr\u00e1ticos de ese pa\u00eds, a\u00f1adieron.<\/p>\n<\/p>\n<p>En ese sentido, el ministro de Justicia y Seguridad P\u00fablica de Hait\u00ed, Pierre Richard Casimir, pidi\u00f3 el mes pasado al Consejo de Seguridad \u00abno reducir\u00bb el n\u00famero de efectivos de la Minustah durante este a\u00f1o electoral. Los haitianos han estado esperando por nuevas elecciones durante tres a\u00f1os. Desde enero el Presidente Michel Martelly ha estado gobernando por decreto tras disolver el Congreso, lo que ha motivado violentas protestas. Adem\u00e1s la tasa de homicidios se duplic\u00f3 entre 2007 y 2012, seg\u00fan un informe de la ONU.<\/p>\n<\/p>\n<p>El mes pasado, Uruguay anunci\u00f3 el retiro de sus tropas, pero \u00aben forma progresiva y coordinada\u00bb, seg\u00fan precis\u00f3 el ministro de Defensa de ese pa\u00eds, Eleuterio Fern\u00e1ndez Huidobro, aclarando as\u00ed las declaraciones del futuro canciller Rodolfo Nin Novoa, quien hab\u00eda dicho que la decisi\u00f3n \u00abest\u00e1 tomada\u00bb.<\/p>\n<\/p>\n<p>Por su parte, la Secretar\u00eda de Prensa del Ministerio de Defensa de Brasil se\u00f1al\u00f3 a La Tercera que ese pa\u00eds \u00abno va a hacer reducciones dr\u00e1sticas en su personal militar que act\u00faa en la Minustah\u00bb. \u00abBrasil tiene un compromiso de largo plazo con Hait\u00ed\u00bb, agreg\u00f3. Actualmente Brasil cuenta con 1.343 efectivos.<\/p>\n<\/p>\n<p>As\u00ed, de los actuales 561 efectivos argentinos de la Minustah, s\u00f3lo permanecer\u00e1n cerca de 70 efectivos, principalmente m\u00e9dicos y enfermeros, del hospital reubicable que la Fuerza A\u00e9rea tiene instalado en Puerto Pr\u00edncipe. El comandante del Contingente Argentino en Hait\u00ed, coronel Eduardo P\u00e9rez Bacchi, dijo que Gonaives, la ciudad que est\u00e1 a cargo de los cascos azules transandinos y una de las m\u00e1s conflictivas del pa\u00eds, despu\u00e9s de abril  quedar\u00e1 bajo custodia de la Polic\u00eda Nacional de Hait\u00ed (PNH), que est\u00e1 en plena formaci\u00f3n, con \u00abuna unidad de polic\u00eda de Jordania, como apoyo\u00bb.<\/p>\n<\/p>\n<p>Chile es el cuarto pa\u00eds de la regi\u00f3n con mayor presencia militar en Hait\u00ed, despu\u00e9s de Brasil, Uruguay y Argentina. Actualmente nuestro pa\u00eds tiene 415 efectivos en terreno. Fuentes del Ministerio de Defensa dijeron a La Tercera que Chile se encuentra analizando constantemente el despliegue de misiones de paz en el mundo, en especial el de la Minustah, donde Chile ha mantenido su presencia por una d\u00e9cada.<\/p>\n<\/p>\n<p>Seg\u00fan esas fuentes, la idea de la misi\u00f3n en Hait\u00ed -seg\u00fan el \u00faltimo requerimiento que la ONU efectu\u00f3 a sus pa\u00edses miembros- es que a fines de 2016 se termine con la operaci\u00f3n en esa regi\u00f3n. Esto depender\u00e1 del cumplimiento de los requisitos democr\u00e1ticos de ese pa\u00eds, a\u00f1adieron.<\/p>\n<\/p>\n<p>En ese sentido, el ministro de Justicia y Seguridad P\u00fablica de Hait\u00ed, Pierre Richard Casimir, pidi\u00f3 el mes pasado al Consejo de Seguridad \u00abno reducir\u00bb el n\u00famero de efectivos de la Minustah durante este a\u00f1o electoral. Los haitianos han estado esperando por nuevas elecciones durante tres a\u00f1os. Desde enero el Presidente Michel Martelly ha estado gobernando por decreto tras disolver el Congreso, lo que ha motivado violentas protestas. Adem\u00e1s la tasa de homicidios se duplic\u00f3 entre 2007 y 2012, seg\u00fan un informe de la ONU.<\/p>\n<\/p>\n<p>El mes pasado, Uruguay anunci\u00f3 el retiro de sus tropas, pero \u00aben forma progresiva y coordinada\u00bb, seg\u00fan precis\u00f3 el ministro de Defensa de ese pa\u00eds, Eleuterio Fern\u00e1ndez Huidobro, aclarando as\u00ed las declaraciones del futuro canciller Rodolfo Nin Novoa, quien hab\u00eda dicho que la decisi\u00f3n \u00abest\u00e1 tomada\u00bb.<\/p>\n<\/p>\n<p>Por su parte, la Secretar\u00eda de Prensa del Ministerio de Defensa de Brasil se\u00f1al\u00f3 a La Tercera que ese pa\u00eds \u00abno va a hacer reducciones dr\u00e1sticas en su personal militar que act\u00faa en la Minustah\u00bb. \u00abBrasil tiene un compromiso de largo plazo con Hait\u00ed\u00bb, agreg\u00f3. Actualmente Brasil cuenta con 1.343 efectivos.<\/p>\n<\/p>\n<p>Me Gusta 0 Twitear 3 Compartir 0 Compartir<\/p>\n<h6> 2015-02-28 10:55:16 <\/h6>\n<p><!--\n<link rel=\"stylesheet\" href=\"css\/bootstrap.min.css\">\n\n\n<ul class=\"pagination\">\n\t    \n\t\n\n<li >\n\t<a href='?page_no=24792'>Previous<\/a>\n\t<\/li>\n\n\n       \n    \n\n<li><a href='?page_no=1'>1<\/a><\/li>\n\n\n\n<li><a href='?page_no=2'>2<\/a><\/li>\n\n\n\n<li><a>...<\/a><\/li>\n\n\n\n<li><a href='?page_no=24791'>24791<\/a><\/li>\n\n\n\n<li><a href='?page_no=24792'>24792<\/a><\/li>\n\n\n\n<li class='active'><a>24793<\/a><\/li>\n\n\n\n<li><a href='?page_no=24794'>24794<\/a><\/li>\n\n\n\n<li><a href='?page_no=24795'>24795<\/a><\/li>\n\n\n\n<li><a>...<\/a><\/li>\n\n\n\n<li><a href='?page_no=51012'>51012<\/a><\/li>\n\n\n\n<li><a href='?page_no=51013'>51013<\/a><\/li>\n\n    \n\t\n\n<li >\n\t<a href='?page_no=24794'>Next<\/a>\n\t<\/li>\n\n\n    \n\n<li><a href='?page_no=51013'>Last &rsaquo;&rsaquo;<\/a><\/li>\n\n<\/ul>\n\n\n--><br \/>\n<\/body><\/p>\n","protected":false},"excerpt":{"rendered":"<p>Buenos Airers, Argentina 28 febrero.- En una noticia que, seg\u00fan la prensa local, sorprendi\u00f3 a las Fuerzas Armadas argentinas, el ministro de Defensa de ese pa\u00eds, Agust\u00edn Rossi, anunci\u00f3 una dr\u00e1stica reducci\u00f3n de sus tropas en Hait\u00ed. El repliegue de los cascos azules, que se iniciar\u00e1 a partir de abril, alimenta as\u00ed el debate iniciado [&hellip;]<\/p>\n","protected":false},"author":3,"featured_media":0,"comment_status":"open","ping_status":"open","sticky":false,"template":"","format":"standard","meta":{"footnotes":""},"categories":[23],"tags":[],"class_list":["post-255148","post","type-post","status-publish","format-standard","hentry","category-internacional"],"_links":{"self":[{"href":"https:\/\/diariodominicano.com\/index.php?rest_route=\/wp\/v2\/posts\/255148","targetHints":{"allow":["GET"]}}],"collection":[{"href":"https:\/\/diariodominicano.com\/index.php?rest_route=\/wp\/v2\/posts"}],"about":[{"href":"https:\/\/diariodominicano.com\/index.php?rest_route=\/wp\/v2\/types\/post"}],"author":[{"embeddable":true,"href":"https:\/\/diariodominicano.com\/index.php?rest_route=\/wp\/v2\/users\/3"}],"replies":[{"embeddable":true,"href":"https:\/\/diariodominicano.com\/index.php?rest_route=%2Fwp%2Fv2%2Fcomments&post=255148"}],"version-history":[{"count":0,"href":"https:\/\/diariodominicano.com\/index.php?rest_route=\/wp\/v2\/posts\/255148\/revisions"}],"wp:attachment":[{"href":"https:\/\/diariodominicano.com\/index.php?rest_route=%2Fwp%2Fv2%2Fmedia&parent=255148"}],"wp:term":[{"taxonomy":"category","embeddable":true,"href":"https:\/\/diariodominicano.com\/index.php?rest_route=%2Fwp%2Fv2%2Fcategories&post=255148"},{"taxonomy":"post_tag","embeddable":true,"href":"https:\/\/diariodominicano.com\/index.php?rest_route=%2Fwp%2Fv2%2Ftags&post=255148"}],"curies":[{"name":"wp","href":"https:\/\/api.w.org\/{rel}","templated":true}]}}