{"id":255147,"date":"2015-02-28T11:48:32","date_gmt":"2015-02-28T11:48:32","guid":{"rendered":"http:\/\/diariodominicano.ddns.net\/?p=255147"},"modified":"2015-02-28T11:48:32","modified_gmt":"2015-02-28T11:48:32","slug":"kim-jong-un-pide-a-sus-militares-que-esten-preparados-para-la-guerra","status":"publish","type":"post","link":"https:\/\/diariodominicano.com\/?p=255147","title":{"rendered":"Kim Jong-un pide a sus militares que est\u00e9n \u00abpreparados\u00bb para la guerra"},"content":{"rendered":"<p><body><\/p>\n<p><img decoding=\"async\" src=\"img3\/corea 2.jpg\" \/>  <\/p>\n<p>Se\u00fal, Corea 28 febrero .- El l\u00edder de Corea del Norte, Kim Jong-un, ha instado de nuevo a su Ej\u00e9rcito a estar \u00abtotalmente preparado\u00bb para la guerra con EEUU y sus aliados, indicaron hoy los medios norcoreanos. <\/p>\n<\/p>\n<p>\u00abLa imperante situaci\u00f3n en la que una gran guerra por la reunificaci\u00f3n nacional es inmediata requiere a todas las unidades del Ej\u00e9rcito estar completamente preparadas pol\u00edtica e ideol\u00f3gicamente\u00bb, asegur\u00f3 Kim durante una visita una nueva sala del Museo de la Guerra de Pyongyang.<\/p>\n<\/p>\n<p>Las palabras del l\u00edder recogidas hoy por la agencia estatal KCNA llegan despu\u00e9s de que Corea del Sur y EEUU confirmaran el inicio, el pr\u00f3ximo lunes, de dos de sus principales ejercicios militares conjuntos, Key Resolve y Foal Eagle.<\/p>\n<\/p>\n<p>Pyongyang ofreci\u00f3 el pasado 10 de enero suspender de manera temporal sus pruebas nucleares si las maniobras militares de los dos aliados eran canceladas este a\u00f1o, una propuesta que Washington y Se\u00fal rechazaron tajantemente.<\/p>\n<\/p>\n<p>Corea del Norte reacciona cada a\u00f1o con en\u00e9rgicas protestas y acciones a estos ejercicios a gran escala que considera \u00abun ensayo de invasi\u00f3n\u00bb de su pa\u00eds.<\/p>\n<\/p>\n<p>Seg\u00fan la KCNA, Kim visit\u00f3 una sala recientemente inaugurada del Museo de la Victoriosa Liberaci\u00f3n de la Patria, que contiene los registros de la Guerra de Corea de 1950-53 y alberga una estatua del fundador del pa\u00eds y abuelo del actual l\u00edder, Kim Il-sung.<\/p>\n<\/p>\n<p>En el recorrido por el museo, Kim estuvo acompa\u00f1ado por Hwang Pyong-so, director de la oficina pol\u00edtica general del Ej\u00e9rcito Popular de Corea, y Choe Ryong-hae, secretario del Partido de los Trabajadores, apunt\u00f3 hoy la KCNA, que no revel\u00f3 la fecha de la visita.<\/p>\n<\/p>\n<p>Se trata de la primera vez desde octubre que Hwang ha sido mencionado por delante de Choe en un medio estatal, dando a entender que se encuentra por encima en el r\u00e1nking de poder del r\u00e9gimen, lo que le convertir\u00eda en el segundo hombre m\u00e1s poderoso del pa\u00eds.<\/p>\n<\/p>\n<h6> 2015-02-28 11:48:32 <\/h6>\n<p><!--\n<link rel=\"stylesheet\" href=\"css\/bootstrap.min.css\">\n\n\n<ul class=\"pagination\">\n\t    \n\t\n\n<li >\n\t<a href='?page_no=24791'>Previous<\/a>\n\t<\/li>\n\n\n       \n    \n\n<li><a href='?page_no=1'>1<\/a><\/li>\n\n\n\n<li><a href='?page_no=2'>2<\/a><\/li>\n\n\n\n<li><a>...<\/a><\/li>\n\n\n\n<li><a href='?page_no=24790'>24790<\/a><\/li>\n\n\n\n<li><a href='?page_no=24791'>24791<\/a><\/li>\n\n\n\n<li class='active'><a>24792<\/a><\/li>\n\n\n\n<li><a href='?page_no=24793'>24793<\/a><\/li>\n\n\n\n<li><a href='?page_no=24794'>24794<\/a><\/li>\n\n\n\n<li><a>...<\/a><\/li>\n\n\n\n<li><a href='?page_no=51012'>51012<\/a><\/li>\n\n\n\n<li><a href='?page_no=51013'>51013<\/a><\/li>\n\n    \n\t\n\n<li >\n\t<a href='?page_no=24793'>Next<\/a>\n\t<\/li>\n\n\n    \n\n<li><a href='?page_no=51013'>Last &rsaquo;&rsaquo;<\/a><\/li>\n\n<\/ul>\n\n\n--><br \/>\n<\/body><\/p>\n","protected":false},"excerpt":{"rendered":"<p>Se\u00fal, Corea 28 febrero .- El l\u00edder de Corea del Norte, Kim Jong-un, ha instado de nuevo a su Ej\u00e9rcito a estar \u00abtotalmente preparado\u00bb para la guerra con EEUU y sus aliados, indicaron hoy los medios norcoreanos. \u00abLa imperante situaci\u00f3n en la que una gran guerra por la reunificaci\u00f3n nacional es inmediata requiere a todas [&hellip;]<\/p>\n","protected":false},"author":3,"featured_media":0,"comment_status":"open","ping_status":"open","sticky":false,"template":"","format":"standard","meta":{"footnotes":""},"categories":[23],"tags":[],"class_list":["post-255147","post","type-post","status-publish","format-standard","hentry","category-internacional"],"_links":{"self":[{"href":"https:\/\/diariodominicano.com\/index.php?rest_route=\/wp\/v2\/posts\/255147","targetHints":{"allow":["GET"]}}],"collection":[{"href":"https:\/\/diariodominicano.com\/index.php?rest_route=\/wp\/v2\/posts"}],"about":[{"href":"https:\/\/diariodominicano.com\/index.php?rest_route=\/wp\/v2\/types\/post"}],"author":[{"embeddable":true,"href":"https:\/\/diariodominicano.com\/index.php?rest_route=\/wp\/v2\/users\/3"}],"replies":[{"embeddable":true,"href":"https:\/\/diariodominicano.com\/index.php?rest_route=%2Fwp%2Fv2%2Fcomments&post=255147"}],"version-history":[{"count":0,"href":"https:\/\/diariodominicano.com\/index.php?rest_route=\/wp\/v2\/posts\/255147\/revisions"}],"wp:attachment":[{"href":"https:\/\/diariodominicano.com\/index.php?rest_route=%2Fwp%2Fv2%2Fmedia&parent=255147"}],"wp:term":[{"taxonomy":"category","embeddable":true,"href":"https:\/\/diariodominicano.com\/index.php?rest_route=%2Fwp%2Fv2%2Fcategories&post=255147"},{"taxonomy":"post_tag","embeddable":true,"href":"https:\/\/diariodominicano.com\/index.php?rest_route=%2Fwp%2Fv2%2Ftags&post=255147"}],"curies":[{"name":"wp","href":"https:\/\/api.w.org\/{rel}","templated":true}]}}