{"id":255146,"date":"2015-02-28T13:36:29","date_gmt":"2015-02-28T13:36:29","guid":{"rendered":"http:\/\/diariodominicano.ddns.net\/?p=255146"},"modified":"2015-02-28T13:36:29","modified_gmt":"2015-02-28T13:36:29","slug":"jose-mujica-aclamado-y-aplaudido-por-su-pueblo-en-su-despedida-como-presidente","status":"publish","type":"post","link":"https:\/\/diariodominicano.com\/?p=255146","title":{"rendered":"Jos\u00e9 Mujica, aclamado y aplaudido por su pueblo en su despedida como presidente"},"content":{"rendered":"<p><body><\/p>\n<p><img decoding=\"async\" src=\"img3\/mu 5.jpg\" \/><br \/><img decoding=\"async\" src=\"img3\/mu 4.jpg\" \/><br \/><img decoding=\"async\" src=\"img3\/mu 3.jpg\" \/>  <\/p>\n<p>Montevideo, Uruguay 28 febrero. &#8211; Una multitud de personas acudi\u00f3 hoy a la Plaza de la Independencia de Montevideo para despedir entre alabanzas, c\u00e1nticos y aplausos al presidente de Uruguay, Jos\u00e9 Mujica, en su \u00faltimo acto oficial, el arriado del Pabell\u00f3n Nacional.<\/p>\n<\/p>\n<p>Esta ceremonia, tradicional y protocolaria, supone la entrega simb\u00f3lica al mandatario saliente de la bandera uruguaya que onde\u00f3 en la sede de la Presidencia durante toda la legislatura.<\/p>\n<\/p>\n<p>Acompa\u00f1ado por el presidente electo, Tabar\u00e9 V\u00e1zquez, que asumir\u00e1 el domingo, Mujica acudi\u00f3 al encuentro con su pueblo para darle las gracias por su apoyo a la vez que cientos de personas mostraron su reconocimiento al mandatario con constantes c\u00e1nticos y v\u00edtores.<\/p>\n<\/p>\n<p>\u00abQuerido pueblo, gracias, gracias por tus abrazos, cr\u00edticas, cari\u00f1o y, sobre todo, gracias por tu hondo compa\u00f1erismo cada una de las veces que me sent\u00ed solo en el medio de la Presidencia\u00bb, dijo el mandatario en su discurso.<\/p>\n<\/p>\n<p>\u00abNo dudes que si tuviera dos vidas las gastar\u00eda enteras para ayudar a tus luchas, porque es la forma m\u00e1s grandiosa de querer la vida que he podido encontrar a lo largo de mis casi 80 a\u00f1os\u00bb, continu\u00f3, haciendo llorar con sus palabras a muchos de los asistentes al acto.<\/p>\n<\/p>\n<p>Fueron los momentos m\u00e1s emotivos de un discurso en el que rememor\u00f3 su ni\u00f1ez y adolescencia y el devenir de Uruguay a lo largo de los a\u00f1os en paralelo a acontecimientos hist\u00f3ricos como la II Guerra Mundial o la contienda civil espa\u00f1ola.<\/p>\n<\/p>\n<p>Pero sobre todo, y como hab\u00eda anunciado previamente, quiso con sus palabras hacer que este acto de despedida fuese un homenaje a su pueblo.<\/p>\n<\/p>\n<p>\u00abCuando baje el estandarte tratar\u00e9 en lo posible de simbolizar un abrazo de agradecimiento a aquellos que nos acompa\u00f1en y una invitaci\u00f3n humilde a respaldar con toda la fuerza, por la suerte del pa\u00eds, al gobierno que viene\u00bb, hab\u00eda dicho horas antes en su alocuci\u00f3n en la emisora M24.<\/p>\n<\/p>\n<p>Antes de ofrecer sus palabras, y despu\u00e9s de pasar reconocimiento al cuerpo militar de Blandengues que form\u00f3 frente a la Torre Ejecutiva, Mujica recibi\u00f3 la bandera nacional de manos del jefe de la Casa Militar, el general Julio Mac\u00edas.<\/p>\n<\/p>\n<p>Hac\u00eda tiempo que por las redes sociales corr\u00edan diversos llamados para acudir en masa a despedir al \u00abPepe\u00bb, como se conoce popularmente a\u00fan presidente.<\/p>\n<\/p>\n<p>La ceremonia result\u00f3 multitudinaria y una nube de fot\u00f3grafos y camar\u00f3grafos rode\u00f3 a Mujica a en cada movimiento, a la vez que el p\u00fablico asistente, que port\u00f3 multitud de pancartas e incluso caretas con el rostro del exguerrillero tupamaro, core\u00f3 su nombre y ovacion\u00f3 su persona.<\/p>\n<\/p>\n<p>\u00abLo adoramos, lo recordamos y es un ejemplo para todo el Uruguay. Es un hombre \u00fanico\u00bb, dijo a Efe una se\u00f1ora que asisti\u00f3 a despedir a Mujica a la Plaza de la Independencia.<\/p>\n<\/p>\n<p>\u00abEl Pepe es un tipo sincero y el que no supo entender c\u00f3mo es el Pepe es porque no supo captar lo que \u00e9l quiso dar durante estos a\u00f1os\u00bb, coment\u00f3 otra mujer presente en el acto, a quien el discurso le result\u00f3 \u00abbrillante\u00bb. <\/p>\n<h6> 2015-02-28 13:36:29 <\/h6>\n<p><!--\n<link rel=\"stylesheet\" href=\"css\/bootstrap.min.css\">\n\n\n<ul class=\"pagination\">\n\t    \n\t\n\n<li >\n\t<a href='?page_no=24790'>Previous<\/a>\n\t<\/li>\n\n\n       \n    \n\n<li><a href='?page_no=1'>1<\/a><\/li>\n\n\n\n<li><a href='?page_no=2'>2<\/a><\/li>\n\n\n\n<li><a>...<\/a><\/li>\n\n\n\n<li><a href='?page_no=24789'>24789<\/a><\/li>\n\n\n\n<li><a href='?page_no=24790'>24790<\/a><\/li>\n\n\n\n<li class='active'><a>24791<\/a><\/li>\n\n\n\n<li><a href='?page_no=24792'>24792<\/a><\/li>\n\n\n\n<li><a href='?page_no=24793'>24793<\/a><\/li>\n\n\n\n<li><a>...<\/a><\/li>\n\n\n\n<li><a href='?page_no=51012'>51012<\/a><\/li>\n\n\n\n<li><a href='?page_no=51013'>51013<\/a><\/li>\n\n    \n\t\n\n<li >\n\t<a href='?page_no=24792'>Next<\/a>\n\t<\/li>\n\n\n    \n\n<li><a href='?page_no=51013'>Last &rsaquo;&rsaquo;<\/a><\/li>\n\n<\/ul>\n\n\n--><br \/>\n<\/body><\/p>\n","protected":false},"excerpt":{"rendered":"<p>Montevideo, Uruguay 28 febrero. &#8211; Una multitud de personas acudi\u00f3 hoy a la Plaza de la Independencia de Montevideo para despedir entre alabanzas, c\u00e1nticos y aplausos al presidente de Uruguay, Jos\u00e9 Mujica, en su \u00faltimo acto oficial, el arriado del Pabell\u00f3n Nacional. Esta ceremonia, tradicional y protocolaria, supone la entrega simb\u00f3lica al mandatario saliente de [&hellip;]<\/p>\n","protected":false},"author":3,"featured_media":0,"comment_status":"open","ping_status":"open","sticky":false,"template":"","format":"standard","meta":{"footnotes":""},"categories":[23],"tags":[],"class_list":["post-255146","post","type-post","status-publish","format-standard","hentry","category-internacional"],"_links":{"self":[{"href":"https:\/\/diariodominicano.com\/index.php?rest_route=\/wp\/v2\/posts\/255146","targetHints":{"allow":["GET"]}}],"collection":[{"href":"https:\/\/diariodominicano.com\/index.php?rest_route=\/wp\/v2\/posts"}],"about":[{"href":"https:\/\/diariodominicano.com\/index.php?rest_route=\/wp\/v2\/types\/post"}],"author":[{"embeddable":true,"href":"https:\/\/diariodominicano.com\/index.php?rest_route=\/wp\/v2\/users\/3"}],"replies":[{"embeddable":true,"href":"https:\/\/diariodominicano.com\/index.php?rest_route=%2Fwp%2Fv2%2Fcomments&post=255146"}],"version-history":[{"count":0,"href":"https:\/\/diariodominicano.com\/index.php?rest_route=\/wp\/v2\/posts\/255146\/revisions"}],"wp:attachment":[{"href":"https:\/\/diariodominicano.com\/index.php?rest_route=%2Fwp%2Fv2%2Fmedia&parent=255146"}],"wp:term":[{"taxonomy":"category","embeddable":true,"href":"https:\/\/diariodominicano.com\/index.php?rest_route=%2Fwp%2Fv2%2Fcategories&post=255146"},{"taxonomy":"post_tag","embeddable":true,"href":"https:\/\/diariodominicano.com\/index.php?rest_route=%2Fwp%2Fv2%2Ftags&post=255146"}],"curies":[{"name":"wp","href":"https:\/\/api.w.org\/{rel}","templated":true}]}}