{"id":255144,"date":"2015-02-28T16:21:29","date_gmt":"2015-02-28T16:21:29","guid":{"rendered":"http:\/\/diariodominicano.ddns.net\/?p=255144"},"modified":"2015-02-28T16:21:29","modified_gmt":"2015-02-28T16:21:29","slug":"expresidente-colombiano-uribe-lamenta-condena-de-sus-ex-colaboradores","status":"publish","type":"post","link":"https:\/\/diariodominicano.com\/?p=255144","title":{"rendered":"Expresidente colombiano Uribe lamenta condena de sus ex colaboradores &#13;"},"content":{"rendered":"<p><body><\/p>\n<p><span class=\"text1noticias\">     BOGOTA, 28 feb (Xinhua) &#8212; El expresidente y senador del Centro Democr\u00e1tico en Colombia, Alvaro Uribe, expres\u00f3 su tristeza por la condena de sus exfuncionarios Mar\u00eda del Pilar Hurtado y Bernardo Moreno y asegur\u00f3 que el martes se pronunciar\u00e1 ante la Corte Suprema de Justicia sobre este tema.<\/span><\/p>\n<\/p>\n<p><span class=\"text1noticias\">     En su cuenta en la red social Twitter, Uribe indic\u00f3 hoy que \u00abel martes, en versi\u00f3n ante Corte Suprema de Justicia me pronunciar\u00e9 sobre el dolor que me embarga. Competiremos internacional\/ con Colectivo de abogados Farc\u00bb.<\/span><\/p>\n<\/p>\n<p><span class=\"text1noticias\">     El viernes la ex directora del servicio secreto DAS Mar\u00eda del Pilar Hurtado y el ex secretario general de la Presidencia, Bernardo Moreno, fueron encontrados culpables de haber realizado espionaje ilegal durante el gobierno del entonces presidente Alvaro Uribe y el 5 de marzo se conocer\u00e1 el monto de la condena.<\/span><\/p>\n<\/p>\n<p><span class=\"text1noticias\">     La ex directora del servicio secreto fue encontrada culpable de cinco delitos: concierto para delinquir, violaci\u00f3n il\u00edcita de comunicaciones, abuso de funci\u00f3n p\u00fablica, prevaricato por acci\u00f3n y falsedad ideol\u00f3gica en documento p\u00fablico mientras que Moreno fue encontrado culpable por los delitos de de concierto para delinquir, violaci\u00f3n il\u00edcita de comunicaciones y abuso de funci\u00f3n p\u00fablica. <\/span><\/p>\n<p><span class=\"text1noticias\"><strong>Senador califica como avance de la justicia en Colombia <\/strong><\/span><\/p>\n<\/p>\n<p><span class=\"text1noticias\">Mientras que, El senador colombiano del Polo Democr\u00e1tico, Iv\u00e1n Cepeda, dijo hoy que la sentencia condenatoria contra la ex directora del DAS, Mar\u00eda del Pilar Hurtado, por el esc\u00e1ndalo de las interceptaciones ilegales durante el gobierno de Alvaro Uribe es<\/span> <span class=\"text1noticias\">un gran avance de la justicia de Colombia.<\/span><\/p>\n<\/p>\n<p><span class=\"text1noticias\">     Cepeda, una de las  v\u00edctimas de las llamadas \u00abChuzadas\u00bb celebr\u00f3 la decisi\u00f3n y confi\u00f3 en que \u00e9sta conlleve a que los implicados confiesen de quien o quienes recib\u00edan las \u00f3rdenes para realizar estos movimientos ilegales que afectaron la intimidad de pol\u00edticos de oposici\u00f3n, periodistas, entre otros.<\/span><\/p>\n<\/p>\n<p><span class=\"text1noticias\">     \u00abCreo que ha sido una decisi\u00f3n en justicia, en el caso de Mar\u00eda del Pilar Hurtado, hab\u00eda muchas y s\u00f3lidas evidencias es una nueva figura de la decisi\u00f3n que es condenada y esto muestra ya el car\u00e1cter sistem\u00e1tico de la empresa criminal que se mont\u00f3 en el (Departamento Administrativo de Seguridad) DAS\u00bb, se\u00f1al\u00f3.<\/span><\/p>\n<\/p>\n<p><span class=\"text1noticias\">     \u00abAhora por supuesto el asunto es que la se\u00f1ora Hurtado declare c\u00f3mo, en qu\u00e9 circunstancias de tiempo, modo y lugar recib\u00eda \u00f3rdenes en la Casa de Nari\u00f1o, como han declarado otros testigos  en todo este plan criminal que cost\u00f3 a muchos ciudadanos que se opusieron al r\u00e9gimen de Alvaro Uribe, por violaciones de derechos humanos, el haber perdido la tranquilidad y el sosiego\u00bb, agreg\u00f3.<\/span><\/p>\n<\/p>\n<p><span class=\"text1noticias\">     La Corte Suprema de Justicia de Colombia conden\u00f3 el viernes a la ex directora del servicio secreto (DAS) Mar\u00eda del Pilar Hurtado y Bernardo Moreno, ex secretario general de la Casa de Nari\u00f1o (sede de gobierno) tras haber sido encontrados culpables de haber realizado espionaje ilegal durante el gobierno del entonces presidente Alvaro Uribe. <\/span><\/p>\n<\/p>\n<h6> 2015-02-28 16:21:29 <\/h6>\n<p><!--\n<link rel=\"stylesheet\" href=\"css\/bootstrap.min.css\">\n\n\n<ul class=\"pagination\">\n\t    \n\t\n\n<li >\n\t<a href='?page_no=24788'>Previous<\/a>\n\t<\/li>\n\n\n       \n    \n\n<li><a href='?page_no=1'>1<\/a><\/li>\n\n\n\n<li><a href='?page_no=2'>2<\/a><\/li>\n\n\n\n<li><a>...<\/a><\/li>\n\n\n\n<li><a href='?page_no=24787'>24787<\/a><\/li>\n\n\n\n<li><a href='?page_no=24788'>24788<\/a><\/li>\n\n\n\n<li class='active'><a>24789<\/a><\/li>\n\n\n\n<li><a href='?page_no=24790'>24790<\/a><\/li>\n\n\n\n<li><a href='?page_no=24791'>24791<\/a><\/li>\n\n\n\n<li><a>...<\/a><\/li>\n\n\n\n<li><a href='?page_no=51012'>51012<\/a><\/li>\n\n\n\n<li><a href='?page_no=51013'>51013<\/a><\/li>\n\n    \n\t\n\n<li >\n\t<a href='?page_no=24790'>Next<\/a>\n\t<\/li>\n\n\n    \n\n<li><a href='?page_no=51013'>Last &rsaquo;&rsaquo;<\/a><\/li>\n\n<\/ul>\n\n\n--><br \/>\n<\/body><\/p>\n","protected":false},"excerpt":{"rendered":"<p>BOGOTA, 28 feb (Xinhua) &#8212; El expresidente y senador del Centro Democr\u00e1tico en Colombia, Alvaro Uribe, expres\u00f3 su tristeza por la condena de sus exfuncionarios Mar\u00eda del Pilar Hurtado y Bernardo Moreno y asegur\u00f3 que el martes se pronunciar\u00e1 ante la Corte Suprema de Justicia sobre este tema. En su cuenta en la red social [&hellip;]<\/p>\n","protected":false},"author":3,"featured_media":0,"comment_status":"open","ping_status":"open","sticky":false,"template":"","format":"standard","meta":{"footnotes":""},"categories":[23],"tags":[],"class_list":["post-255144","post","type-post","status-publish","format-standard","hentry","category-internacional"],"_links":{"self":[{"href":"https:\/\/diariodominicano.com\/index.php?rest_route=\/wp\/v2\/posts\/255144","targetHints":{"allow":["GET"]}}],"collection":[{"href":"https:\/\/diariodominicano.com\/index.php?rest_route=\/wp\/v2\/posts"}],"about":[{"href":"https:\/\/diariodominicano.com\/index.php?rest_route=\/wp\/v2\/types\/post"}],"author":[{"embeddable":true,"href":"https:\/\/diariodominicano.com\/index.php?rest_route=\/wp\/v2\/users\/3"}],"replies":[{"embeddable":true,"href":"https:\/\/diariodominicano.com\/index.php?rest_route=%2Fwp%2Fv2%2Fcomments&post=255144"}],"version-history":[{"count":0,"href":"https:\/\/diariodominicano.com\/index.php?rest_route=\/wp\/v2\/posts\/255144\/revisions"}],"wp:attachment":[{"href":"https:\/\/diariodominicano.com\/index.php?rest_route=%2Fwp%2Fv2%2Fmedia&parent=255144"}],"wp:term":[{"taxonomy":"category","embeddable":true,"href":"https:\/\/diariodominicano.com\/index.php?rest_route=%2Fwp%2Fv2%2Fcategories&post=255144"},{"taxonomy":"post_tag","embeddable":true,"href":"https:\/\/diariodominicano.com\/index.php?rest_route=%2Fwp%2Fv2%2Ftags&post=255144"}],"curies":[{"name":"wp","href":"https:\/\/api.w.org\/{rel}","templated":true}]}}