{"id":255143,"date":"2015-02-28T16:33:01","date_gmt":"2015-02-28T16:33:01","guid":{"rendered":"http:\/\/diariodominicano.ddns.net\/?p=255143"},"modified":"2015-02-28T16:33:01","modified_gmt":"2015-02-28T16:33:01","slug":"miles-de-venezolanos-marchan-en-apoyo-a-presidente-maduro","status":"publish","type":"post","link":"https:\/\/diariodominicano.com\/?p=255143","title":{"rendered":"Miles de venezolanos marchan en apoyo a presidente Maduro &#13;"},"content":{"rendered":"<p><body><\/p>\n<p><img decoding=\"async\" src=\"img3\/venezolanos.jpg\" \/>  <\/p>\n<p><span class=\"text1noticias\"> CARACAS, 28 feb (Xinhua) &#8212; Decenas de miles de venezolanos marcharon en Caracas en apoyo al presidente Nicol\u00e1s Maduro, en rechazo a las acciones injerencistas del gobierno de Estados Unidos y para reafirmar el car\u00e1cter antiimperialista de la Revoluci\u00f3n Bolivariana.<\/span><\/p>\n<\/p>\n<p><span class=\"text1noticias\">     En respuesta a la convocatoria lanzada hace unos d\u00edas por el jefe de Estado, los ciudadanos de la capital y de otras ciudades del pa\u00eds, marcharon este s\u00e1bado por las principales avenidas del este y del centro de Caracas.  <\/span><\/p>\n<\/p>\n<p><span class=\"text1noticias\">     Ni\u00f1os, j\u00f3venes, ancianos, hombres y mujeres de todas las edades y estratos sociales, portaron con j\u00fabilo los s\u00edmbolos patrios, levantaron sus voces esta jornada contra las pretensiones intervencionistas del gobierno estadounidense y demostraron su respaldo al proceso bolivariano iniciado hace 16 a\u00f1os por el fallecido l\u00edder Hugo Ch\u00e1vez.<\/span><\/p>\n<\/p>\n<p><span class=\"text1noticias\">     El vicepresidente ejecutivo, Jorge Arreaza, elogi\u00f3 la masiva asistencia de los venezolanos al acto, a su juicio, una manifestaci\u00f3n de la fortaleza y arraigo de los ideales socialistas enaltecidos por la Revoluci\u00f3n Bolivariana como principios irrenunciables de un modelo que ahora es \u00abinexpugnable\u00bb.<\/span><\/p>\n<\/p>\n<p><span class=\"text1noticias\">     \u00abEstamos d\u00e1ndole otra se\u00f1al al mundo y al imperio de la unidad del pueblo de (Sim\u00f3n) Bol\u00edvar y de Ch\u00e1vez. Somos independientes, soberanos y que sepan todos que aqu\u00ed nadie va a poder vulnerar nuestra independencia\u00bb, subray\u00f3 Arreaza.<\/span><\/p>\n<\/p>\n<p><span class=\"text1noticias\">     Gloria Rivero, una trabajadora caraque\u00f1a consultada por Xinhua en uno de los puntos de la concentraci\u00f3n, record\u00f3 que en los \u00faltimos meses la Casa Blanca arreci\u00f3 sus ataques contra Venezuela, a partir de la aplicaci\u00f3n de medidas unilaterales, intervenciones de marcado alcance injerencista y el financiamiento a un plan golpista promovido por la derecha radical.<\/span><\/p>\n<\/p>\n<p><span class=\"text1noticias\">     Otro residente de la capital venezolana, Carlos Manuel Su\u00e1rez, dijo \u00abaqu\u00ed estamos, rodilla en tierra unidos y con el apoyo del mundo entero que nos reivindica como vanguardia y como ejemplo de justicia, igualdad social y respeto a los derechos humanos de los venezolanos que han sido, por primera vez en la historia, reivindicados por el proceso revolucionario\u00bb.<\/span><\/p>\n<\/p>\n<p><span class=\"text1noticias\">     Por su parte, Mireya Bolet, militante del Partido Socialista Unido de Venezuela (PSUV), explic\u00f3 que otros de los motivos por los cuales la Revoluci\u00f3n Bolivariana y sus m\u00e1ximos dirigentes ostentan un mayoritario apoyo popular, es porque la calidad de vida de las grandes mayor\u00edas se ha elevado de manera notable.<\/span><\/p>\n<\/p>\n<p><span class=\"text1noticias\">     Un hecho que todos reconocen y nadie est\u00e1 dispuesto a perder, se\u00f1al\u00f3 que los venezolanos salieron a las calles de Caracas para defender las conquistas sociales alcanzadas y repudiar los intentos desestabilizadores de la oposici\u00f3n local al servicio de intereses econ\u00f3micos y geopol\u00edticos estadounidenses, seg\u00fan denuncias de las autoridades gubernamentales.<\/span><\/p>\n<\/p>\n<p><span class=\"text1noticias\">     \u00abEstamos aqu\u00ed en un acto de reafirmaci\u00f3n de la patria soberana. No podemos permitir que una potencia extranjera agreda a Venezuela, tenemos que defender el legado del comandante Ch\u00e1vez y la gesti\u00f3n del presidente de la Rep\u00fablica, Nicol\u00e1s Maduro\u00bb, agreg\u00f3 en declaraciones a los periodistas que cubrieron la concentraci\u00f3n.<\/span><\/p>\n<\/p>\n<p><span class=\"text1noticias\">     El diputado socialista Dar\u00edo Vivas, declar\u00f3 a Xinhua que \u00abaqu\u00ed no hay conspiraci\u00f3n que valga porque esta jornada hist\u00f3rica es una muestra de la conciencia que ha adquirido este pueblo combativo, socialista y chavista que est\u00e1 dispuesto a dar su propia vida por salvaguardar lo logrado en los \u00faltimos 16 a\u00f1os de Revoluci\u00f3n\u00bb.<\/span><\/p>\n<\/p>\n<p><span class=\"text1noticias\">     La concentraci\u00f3n fue motivo tambi\u00e9n para recordar el estallido social del 27 de febrero de 1989, m\u00e1s conocido como \u00abEl Caracazo\u00bb, cuando el pueblo de manera espont\u00e1nea desbord\u00f3 las calles en rechazo al paquete neoliberal impuesto por e<\/span>l <span class=\"text1noticias\">entonces presidente de derecha, Carlos Andr\u00e9s P\u00e9rez.<\/span><\/p>\n<\/p>\n<p><span class=\"text1noticias\">     La revuelta se torn\u00f3 en masacre cuando el mandatario suspendi\u00f3 las garant\u00edas constitucionales y sofoc\u00f3 las protestas con un despliegue militar sin precedentes, lo cual ocasion\u00f3 la muerte de unas 3.000 personas.<\/span><\/p>\n<\/p>\n<p><span class=\"text1noticias\">     En recuerdo de aquellos hechos y en contraste con las motivaciones que produjeron los sucesos de hace 26 a\u00f1os, los venezolanos se desplegaron este s\u00e1bado en Caracas con alegr\u00eda, convicci\u00f3n, firmeza y compromiso con el papel que les corresponde desempe\u00f1ar en esta nueva etapa.<\/span><\/p>\n<\/p>\n<p><span class=\"text1noticias\">     Al respecto Armando M\u00e1rquez, residente de la localidad de Guarenas, en el este de Caracas, afirm\u00f3 que \u00abese 27 de febrero fue el d\u00eda del despertar de un pueblo que estaba siendo pisoteado y sin propon\u00e9rselo demostr\u00f3 que en la unidad est\u00e1 la fuerza\u00bb.  <\/span><\/p>\n<\/p>\n<p><span class=\"text1noticias\">     En las redes sociales los venezolanos tambi\u00e9n manifestaron su \u00abrotundo e incondicional\u00bb respaldo al presidente Nicol\u00e1s Maduro y al proceso bolivariano, al posicionar en los primeros lugares del \u00abtrending topics\u00bb (tema del momento) nacional las etiquetas \u00abVzlaAntiImperialista\u00bb y  \u00ab28FMarchaPorLaPatria\u00bb en la red social de internet Twitter.<\/span><\/p>\n<\/p>\n<p><span class=\"text1noticias\">     Esta semana se registraron movilizaciones en varios estados del pa\u00eds por parte de distintos sectores de la sociedad, como trabajadores petroleros, mujeres y personas con discapacidad, para manifestar su ferviente apoyo al presidente Maduro, actual l\u00edder del proceso bolivariano.<\/span> Fin<\/p>\n<h6> 2015-02-28 16:33:01 <\/h6>\n<p><!--\n<link rel=\"stylesheet\" href=\"css\/bootstrap.min.css\">\n\n\n<ul class=\"pagination\">\n\t    \n\t\n\n<li >\n\t<a href='?page_no=24787'>Previous<\/a>\n\t<\/li>\n\n\n       \n    \n\n<li><a href='?page_no=1'>1<\/a><\/li>\n\n\n\n<li><a href='?page_no=2'>2<\/a><\/li>\n\n\n\n<li><a>...<\/a><\/li>\n\n\n\n<li><a href='?page_no=24786'>24786<\/a><\/li>\n\n\n\n<li><a href='?page_no=24787'>24787<\/a><\/li>\n\n\n\n<li class='active'><a>24788<\/a><\/li>\n\n\n\n<li><a href='?page_no=24789'>24789<\/a><\/li>\n\n\n\n<li><a href='?page_no=24790'>24790<\/a><\/li>\n\n\n\n<li><a>...<\/a><\/li>\n\n\n\n<li><a href='?page_no=51012'>51012<\/a><\/li>\n\n\n\n<li><a href='?page_no=51013'>51013<\/a><\/li>\n\n    \n\t\n\n<li >\n\t<a href='?page_no=24789'>Next<\/a>\n\t<\/li>\n\n\n    \n\n<li><a href='?page_no=51013'>Last &rsaquo;&rsaquo;<\/a><\/li>\n\n<\/ul>\n\n\n--><br \/>\n<\/body><\/p>\n","protected":false},"excerpt":{"rendered":"<p>CARACAS, 28 feb (Xinhua) &#8212; Decenas de miles de venezolanos marcharon en Caracas en apoyo al presidente Nicol\u00e1s Maduro, en rechazo a las acciones injerencistas del gobierno de Estados Unidos y para reafirmar el car\u00e1cter antiimperialista de la Revoluci\u00f3n Bolivariana. En respuesta a la convocatoria lanzada hace unos d\u00edas por el jefe de Estado, los [&hellip;]<\/p>\n","protected":false},"author":3,"featured_media":0,"comment_status":"open","ping_status":"open","sticky":false,"template":"","format":"standard","meta":{"footnotes":""},"categories":[23],"tags":[],"class_list":["post-255143","post","type-post","status-publish","format-standard","hentry","category-internacional"],"_links":{"self":[{"href":"https:\/\/diariodominicano.com\/index.php?rest_route=\/wp\/v2\/posts\/255143","targetHints":{"allow":["GET"]}}],"collection":[{"href":"https:\/\/diariodominicano.com\/index.php?rest_route=\/wp\/v2\/posts"}],"about":[{"href":"https:\/\/diariodominicano.com\/index.php?rest_route=\/wp\/v2\/types\/post"}],"author":[{"embeddable":true,"href":"https:\/\/diariodominicano.com\/index.php?rest_route=\/wp\/v2\/users\/3"}],"replies":[{"embeddable":true,"href":"https:\/\/diariodominicano.com\/index.php?rest_route=%2Fwp%2Fv2%2Fcomments&post=255143"}],"version-history":[{"count":0,"href":"https:\/\/diariodominicano.com\/index.php?rest_route=\/wp\/v2\/posts\/255143\/revisions"}],"wp:attachment":[{"href":"https:\/\/diariodominicano.com\/index.php?rest_route=%2Fwp%2Fv2%2Fmedia&parent=255143"}],"wp:term":[{"taxonomy":"category","embeddable":true,"href":"https:\/\/diariodominicano.com\/index.php?rest_route=%2Fwp%2Fv2%2Fcategories&post=255143"},{"taxonomy":"post_tag","embeddable":true,"href":"https:\/\/diariodominicano.com\/index.php?rest_route=%2Fwp%2Fv2%2Ftags&post=255143"}],"curies":[{"name":"wp","href":"https:\/\/api.w.org\/{rel}","templated":true}]}}