{"id":255142,"date":"2015-03-01T00:12:00","date_gmt":"2015-03-01T00:12:00","guid":{"rendered":"http:\/\/diariodominicano.ddns.net\/?p=255142"},"modified":"2015-03-01T00:12:00","modified_gmt":"2015-03-01T00:12:00","slug":"maduro-adopta-medidas-para-frenar-agresion-imperialista-de-esatados-unidos","status":"publish","type":"post","link":"https:\/\/diariodominicano.com\/?p=255142","title":{"rendered":"Maduro adopta medidas para frenar \u00abagresi\u00f3n imperialista\u00bb de Esatados Unidos"},"content":{"rendered":"<p><body><\/p>\n<p><img decoding=\"async\" src=\"img3\/ShowDataServlet.jpg\" \/>  <\/p>\n<p><span class=\"text1noticias\">CARACAS, 28 feb (Xinhua) &#8212; El presidente venezolano Nicol\u00e1s Maduro, anunci\u00f3 este s\u00e1bado un conjunto de medidas para frenar la \u00abagresi\u00f3n imperialista\u00bb desatada por el gobierno de Estados Unidos contra la estabilidad y democracia de la naci\u00f3n suramericana.<\/span><\/p>\n<p><span class=\"text1noticias\"> <\/span><\/p>\n<p><span class=\"text1noticias\">En cadena nacional de radio y televisi\u00f3n, el jefe de estado manifest\u00f3 que se hab\u00eda visto \u00abobligado\u00bb a adoptar tales disposiciones \u00abpara poner l\u00edmites legales, regularizar las relaciones con Estados Unidos y evitar la conspiraci\u00f3n\u00bb.<\/span><\/p>\n<p><span class=\"text1noticias\"> <\/span><\/p>\n<p><span class=\"text1noticias\">En este sentido Maduro indic\u00f3 haber ordenado a la canciller Delcy Rodr\u00edguez que proceda de inmediato y seg\u00fan contempla la Convenci\u00f3n de Viena en su art\u00edculo 11.1 a revisar, reducir y limitar el n\u00famero de funcionarios norteamericanos en Caracas.<\/span><\/p>\n<p><span class=\"text1noticias\">Tomando en consideraci\u00f3n que en el pa\u00eds latinoamericano est\u00e1n acreditados alrededor de 100 representantes estadounidenses, mientras que en la sede diplom\u00e1tica venezolana en Washington, s\u00f3lo hay 17 funcionarios.<\/span><\/p>\n<p><span class=\"text1noticias\"> <\/span><\/p>\n<p><span class=\"text1noticias\">\u00abHay que tener t\u00e9rminos igualitarios\u00bb, reflexion\u00f3 el presidente Maduro ante miles de ciudadanos que se movilizaron hoy en Caracas para repudiar las m\u00e1s recientes acciones injerencistas de Washington y reafirmar el car\u00e1cter antiimperialista de la Revoluci\u00f3n Bolivariana.<\/span><\/p>\n<p><span class=\"text1noticias\"> <\/span><\/p>\n<p><span class=\"text1noticias\">Asimismo inform\u00f3 haber indicado a la ministra de exteriores venezolana que proceda a notificar a todos los funcionarios de la embajada estadounidense en Venezuela que deben regirse por los art\u00edculos 41.1 y 41.2 de la Convenci\u00f3n de Viena sobre Relaciones Diplom\u00e1ticas de abril de 1964.<\/span><\/p>\n<p><span class=\"text1noticias\"> <\/span><\/p>\n<p><span class=\"text1noticias\">Los referidos convenios establecen que los diplom\u00e1ticos deben respetar las leyes y reglamentos del Estado receptor, al tiempo que \u00abest\u00e1n obligados a no inmiscuirse en los asuntos internos\u00bb del pa\u00eds donde se encuentren trabajando.<\/span><\/p>\n<p><span class=\"text1noticias\"> <\/span><\/p>\n<p><span class=\"text1noticias\">\u00abSe acabaron las reuniones conspirativas de esos funcionarios en Venezuela, toda reuni\u00f3n tiene que ser notificada y autorizada por el gobierno de Venezuela. Exigimos reciprocidad y respeto\u00bb, asever\u00f3.<\/span><\/p>\n<p><span class=\"text1noticias\"> <\/span><\/p>\n<p><span class=\"text1noticias\">En el marco de estas advertencias, el mandatario dijo poseer pruebas documentales y testimoniales de la implicaci\u00f3n directa de diplom\u00e1ticos norteamericanos en el intento de golpe de estado contra la Revoluci\u00f3n Bolivariana, desarticulado el pasado 12 de febrero que contemplaba el magnicidio y bombardeo de objetivos estrat\u00e9gicos en la capital.<\/span><\/p>\n<p><span class=\"text1noticias\"> <\/span><\/p>\n<p><span class=\"text1noticias\">En tercer lugar el mandatario manifest\u00f3 que se va a implantar un sistema de visado obligatorio para los ciudadanos norteamericanos que deseen viajar a Venezuela, los cuales deber\u00e1n pagar en d\u00f3lares la misma tarifa que aportan los locales interesados en visitar la naci\u00f3n norte\u00f1a, cuya tasa actualmente es de 1.008 bol\u00edvares.<\/span><\/p>\n<p><span class=\"text1noticias\"> <\/span><\/p>\n<p><span class=\"text1noticias\">\u00abEl que quiera venir siempre ser\u00e1 bienvenido, as\u00ed sea para hacer turismo, a participar en nuestra liga de b\u00e9isbol, de baloncesto, o actividades culturales y educativas, sepan siempre que tendr\u00e1n su visa. Pero debemos proteger a nuestro pueblo de la conspiraci\u00f3n y debemos defender la dignidad bolivariana frente al imperialismo\u00bb, apunt\u00f3.<\/span><\/p>\n<p><span class=\"text1noticias\"> <\/span><\/p>\n<p><span class=\"text1noticias\">En este sentido explic\u00f3 que esta medida se convertir\u00e1 en un \u00abarma diplom\u00e1tica\u00bb, pues en los \u00faltimos d\u00edas, las autoridades venezolanas han capturado a ciudadanos estadounidenses, quienes realizaban actividades encubiertas y de espionaje, con el objetivo de reclutar a personas para ejecutar actos desestabilizadores.<\/span><\/p>\n<p><span class=\"text1noticias\"> <\/span><\/p>\n<p><span class=\"text1noticias\">\u00abEn el T\u00e1chira (estado fronterizo con Colombia) capturamos a un piloto de avi\u00f3n estadounidense de origen latino con documentaci\u00f3n de todo tipo, tratando de captar gente en algunos caser\u00edos y pueblos de la zona para llevar a cabo acciones violentas. Ya est\u00e1 detenido y est\u00e1 habl\u00e1ndolo todo\u00bb, destac\u00f3 el jefe de estado.<\/span><\/p>\n<p><span class=\"text1noticias\"> <\/span><\/p>\n<p><span class=\"text1noticias\">Maduro a su vez transmiti\u00f3 al pueblo norteamericano su respeto y admiraci\u00f3n, al tiempo que les envi\u00f3 un mensaje de solidaridad especialmente a los afroamericanos, a los latinos, a los inmigrantes y a los trabajadores, quienes, asegur\u00f3, padecen discriminaci\u00f3n, explotaci\u00f3n y atropello.<\/span><\/p>\n<p><span class=\"text1noticias\"> <\/span><\/p>\n<p><span class=\"text1noticias\">or \u00faltimo el presidente Maduro reiter\u00f3 su rechazo a la Ley de Sanciones aprobada por el Congreso norteamericano en diciembre y enero pasados contra funcionarios pol\u00edticos, civiles y militares suramericanos por supuestas violaciones a los derechos humanos.<\/span><\/p>\n<p><span class=\"text1noticias\">Al respecto comunic\u00f3 que, en uso de sus facultades, decidi\u00f3 prohibir el otorgamiento de visas a un conjunto de ciudadanos estadounidenses vinculados con actividades, a su juicio, \u00abterroristas\u00bb.  <\/span><\/p>\n<p><span class=\"text1noticias\"> <\/span><\/p>\n<p><span class=\"text1noticias\">La denominada \u00abLista antiterrorista\u00bb va a ser encabezada por el ex presidente norteamericano, George Bush, el ex vicemandatario Dick Cheney, el ex director de la Agencia Central de Inteligencia (CIA), George Tenet, as\u00ed como a los senadores ultraderechistas Robert Men\u00e9ndez y Marco Rubio y a los congresistas Mario D\u00edaz- Balart e Ileana Ros-Lehtinen.<\/span><\/p>\n<p><span class=\"text1noticias\"> <\/span><\/p>\n<p><span class=\"text1noticias\">\u00abSon decisiones ajustadas a la Convenci\u00f3n de Viena, a la Constituci\u00f3n bolivariana, a la justicia, a la \u00e9tica internacional y a la conciencia revolucionaria del pueblo de Venezuela (&#8230;) Se acab\u00f3 el tiempo del imperialismo, ellos opinan de todo el mundo, se creen los polic\u00edas del mundo, por eso yo llamo a una rebeli\u00f3n mundial contra el imperialismo estadounidense\u00bb,<\/span> aclam\u00f3 Maduro.<\/p>\n<h6> 2015-03-01 00:12:00 <\/h6>\n<p><!--\n<link rel=\"stylesheet\" href=\"css\/bootstrap.min.css\">\n\n\n<ul class=\"pagination\">\n\t    \n\t\n\n<li >\n\t<a href='?page_no=24786'>Previous<\/a>\n\t<\/li>\n\n\n       \n    \n\n<li><a href='?page_no=1'>1<\/a><\/li>\n\n\n\n<li><a href='?page_no=2'>2<\/a><\/li>\n\n\n\n<li><a>...<\/a><\/li>\n\n\n\n<li><a href='?page_no=24785'>24785<\/a><\/li>\n\n\n\n<li><a href='?page_no=24786'>24786<\/a><\/li>\n\n\n\n<li class='active'><a>24787<\/a><\/li>\n\n\n\n<li><a href='?page_no=24788'>24788<\/a><\/li>\n\n\n\n<li><a href='?page_no=24789'>24789<\/a><\/li>\n\n\n\n<li><a>...<\/a><\/li>\n\n\n\n<li><a href='?page_no=51012'>51012<\/a><\/li>\n\n\n\n<li><a href='?page_no=51013'>51013<\/a><\/li>\n\n    \n\t\n\n<li >\n\t<a href='?page_no=24788'>Next<\/a>\n\t<\/li>\n\n\n    \n\n<li><a href='?page_no=51013'>Last &rsaquo;&rsaquo;<\/a><\/li>\n\n<\/ul>\n\n\n--><br \/>\n<\/body><\/p>\n","protected":false},"excerpt":{"rendered":"<p>CARACAS, 28 feb (Xinhua) &#8212; El presidente venezolano Nicol\u00e1s Maduro, anunci\u00f3 este s\u00e1bado un conjunto de medidas para frenar la \u00abagresi\u00f3n imperialista\u00bb desatada por el gobierno de Estados Unidos contra la estabilidad y democracia de la naci\u00f3n suramericana. En cadena nacional de radio y televisi\u00f3n, el jefe de estado manifest\u00f3 que se hab\u00eda visto \u00abobligado\u00bb [&hellip;]<\/p>\n","protected":false},"author":3,"featured_media":0,"comment_status":"open","ping_status":"open","sticky":false,"template":"","format":"standard","meta":{"footnotes":""},"categories":[23],"tags":[],"class_list":["post-255142","post","type-post","status-publish","format-standard","hentry","category-internacional"],"_links":{"self":[{"href":"https:\/\/diariodominicano.com\/index.php?rest_route=\/wp\/v2\/posts\/255142","targetHints":{"allow":["GET"]}}],"collection":[{"href":"https:\/\/diariodominicano.com\/index.php?rest_route=\/wp\/v2\/posts"}],"about":[{"href":"https:\/\/diariodominicano.com\/index.php?rest_route=\/wp\/v2\/types\/post"}],"author":[{"embeddable":true,"href":"https:\/\/diariodominicano.com\/index.php?rest_route=\/wp\/v2\/users\/3"}],"replies":[{"embeddable":true,"href":"https:\/\/diariodominicano.com\/index.php?rest_route=%2Fwp%2Fv2%2Fcomments&post=255142"}],"version-history":[{"count":0,"href":"https:\/\/diariodominicano.com\/index.php?rest_route=\/wp\/v2\/posts\/255142\/revisions"}],"wp:attachment":[{"href":"https:\/\/diariodominicano.com\/index.php?rest_route=%2Fwp%2Fv2%2Fmedia&parent=255142"}],"wp:term":[{"taxonomy":"category","embeddable":true,"href":"https:\/\/diariodominicano.com\/index.php?rest_route=%2Fwp%2Fv2%2Fcategories&post=255142"},{"taxonomy":"post_tag","embeddable":true,"href":"https:\/\/diariodominicano.com\/index.php?rest_route=%2Fwp%2Fv2%2Ftags&post=255142"}],"curies":[{"name":"wp","href":"https:\/\/api.w.org\/{rel}","templated":true}]}}