{"id":255141,"date":"2015-03-01T10:10:35","date_gmt":"2015-03-01T10:10:35","guid":{"rendered":"http:\/\/diariodominicano.ddns.net\/?p=255141"},"modified":"2015-03-01T10:10:35","modified_gmt":"2015-03-01T10:10:35","slug":"ny-enfrenta-hoy-otra-tormenta-nieve-tras-el-febrero-mas-frio-en-varias-decadas","status":"publish","type":"post","link":"https:\/\/diariodominicano.com\/?p=255141","title":{"rendered":"NY enfrenta hoy otra tormenta nieve tras el febrero m\u00e1s fr\u00edo en varias d\u00e9cadas"},"content":{"rendered":"<p><body><\/p>\n<p><img decoding=\"async\" src=\"img3\/otra 2.jpg\" \/><br \/><img decoding=\"async\" src=\"img3\/otra 4.jpg\" \/>  <\/p>\n<p>Nueva York 1 marzo -Nueva York se prepara para la llegada este domingo de un nuevo temporal de nieve, despu\u00e9s de registrar el mes de febrero m\u00e1s fr\u00edo en d\u00e9cadas, seg\u00fan los expertos.<\/p>\n<\/p>\n<p>Aunque no se esperan grandes precipitaciones, las autoridades de la ciudad anunciaron hoy una alerta y han comenzado a diseminar sal por las calles, que en muchas zonas de la Gran Manzana est\u00e1n a\u00fan cubiertas por nieve y hielo de tormentas anteriores.<\/p>\n<\/p>\n<p>Seg\u00fan el Servicio Nacional de Meteorolog\u00eda, durante febrero la temperatura media en Nueva York ha sido de -4,5 grados cent\u00edgrados, claramente por debajo de lo habitual.<\/p>\n<\/p>\n<p>Los expertos esperan que el mes cierre como el febrero m\u00e1s fr\u00edo en la ciudad desde 1934 y a lo largo de las \u00faltimas semanas se han registrado algunas de las temperaturas m\u00e1s bajas en d\u00e9cadas, cuyo impacto se ha multiplicado adem\u00e1s por fuertes rachas de viento.<\/p>\n<\/p>\n<p>A finales de enero, uno de los temporales invernales paraliz\u00f3 durante casi dos d\u00edas Nueva York, obligando a cerrar el transporte p\u00fablico, a pesar de que finalmente la tormenta no fue todo lo fuerte que se esperaba.<\/p>\n<\/p>\n<p>El invierno ha sido duro para gran parte de la costa este de Estados Unidos y ciudades como Boston han registrado cantidades r\u00e9cord de nieve.  <\/p>\n<\/p>\n<h6> 2015-03-01 10:10:35 <\/h6>\n<p><!--\n<link rel=\"stylesheet\" href=\"css\/bootstrap.min.css\">\n\n\n<ul class=\"pagination\">\n\t    \n\t\n\n<li >\n\t<a href='?page_no=24785'>Previous<\/a>\n\t<\/li>\n\n\n       \n    \n\n<li><a href='?page_no=1'>1<\/a><\/li>\n\n\n\n<li><a href='?page_no=2'>2<\/a><\/li>\n\n\n\n<li><a>...<\/a><\/li>\n\n\n\n<li><a href='?page_no=24784'>24784<\/a><\/li>\n\n\n\n<li><a href='?page_no=24785'>24785<\/a><\/li>\n\n\n\n<li class='active'><a>24786<\/a><\/li>\n\n\n\n<li><a href='?page_no=24787'>24787<\/a><\/li>\n\n\n\n<li><a href='?page_no=24788'>24788<\/a><\/li>\n\n\n\n<li><a>...<\/a><\/li>\n\n\n\n<li><a href='?page_no=51012'>51012<\/a><\/li>\n\n\n\n<li><a href='?page_no=51013'>51013<\/a><\/li>\n\n    \n\t\n\n<li >\n\t<a href='?page_no=24787'>Next<\/a>\n\t<\/li>\n\n\n    \n\n<li><a href='?page_no=51013'>Last &rsaquo;&rsaquo;<\/a><\/li>\n\n<\/ul>\n\n\n--><br \/>\n<\/body><\/p>\n","protected":false},"excerpt":{"rendered":"<p>Nueva York 1 marzo -Nueva York se prepara para la llegada este domingo de un nuevo temporal de nieve, despu\u00e9s de registrar el mes de febrero m\u00e1s fr\u00edo en d\u00e9cadas, seg\u00fan los expertos. Aunque no se esperan grandes precipitaciones, las autoridades de la ciudad anunciaron hoy una alerta y han comenzado a diseminar sal por [&hellip;]<\/p>\n","protected":false},"author":3,"featured_media":0,"comment_status":"open","ping_status":"open","sticky":false,"template":"","format":"standard","meta":{"footnotes":""},"categories":[23],"tags":[],"class_list":["post-255141","post","type-post","status-publish","format-standard","hentry","category-internacional"],"_links":{"self":[{"href":"https:\/\/diariodominicano.com\/index.php?rest_route=\/wp\/v2\/posts\/255141","targetHints":{"allow":["GET"]}}],"collection":[{"href":"https:\/\/diariodominicano.com\/index.php?rest_route=\/wp\/v2\/posts"}],"about":[{"href":"https:\/\/diariodominicano.com\/index.php?rest_route=\/wp\/v2\/types\/post"}],"author":[{"embeddable":true,"href":"https:\/\/diariodominicano.com\/index.php?rest_route=\/wp\/v2\/users\/3"}],"replies":[{"embeddable":true,"href":"https:\/\/diariodominicano.com\/index.php?rest_route=%2Fwp%2Fv2%2Fcomments&post=255141"}],"version-history":[{"count":0,"href":"https:\/\/diariodominicano.com\/index.php?rest_route=\/wp\/v2\/posts\/255141\/revisions"}],"wp:attachment":[{"href":"https:\/\/diariodominicano.com\/index.php?rest_route=%2Fwp%2Fv2%2Fmedia&parent=255141"}],"wp:term":[{"taxonomy":"category","embeddable":true,"href":"https:\/\/diariodominicano.com\/index.php?rest_route=%2Fwp%2Fv2%2Fcategories&post=255141"},{"taxonomy":"post_tag","embeddable":true,"href":"https:\/\/diariodominicano.com\/index.php?rest_route=%2Fwp%2Fv2%2Ftags&post=255141"}],"curies":[{"name":"wp","href":"https:\/\/api.w.org\/{rel}","templated":true}]}}