{"id":255140,"date":"2015-03-01T22:30:17","date_gmt":"2015-03-01T22:30:17","guid":{"rendered":"http:\/\/diariodominicano.ddns.net\/?p=255140"},"modified":"2015-03-01T22:30:17","modified_gmt":"2015-03-01T22:30:17","slug":"el-doctor-vazquez-asume-su-segundo-mandato-en-uruguay-en-intensa-jornada","status":"publish","type":"post","link":"https:\/\/diariodominicano.com\/?p=255140","title":{"rendered":"El doctor V\u00e1zquez asume su segundo mandato en Uruguay en intensa jornada"},"content":{"rendered":"<p><body><\/p>\n<p><img decoding=\"async\" src=\"img3\/vasquez 2.jpg\" \/><br \/><img decoding=\"async\" src=\"img3\/vasquez 1.jpg\" \/>  <\/p>\n<p>Montevideo, Uruguay 2 marzo.-  El onc\u00f3logo Tabar\u00e9 V\u00e1zquez, de 75 a\u00f1os, asumi\u00f3 hoy su segundo mandato presidencial en Uruguay en una intensa jornada, solemne y festiva, que transcurri\u00f3 entre actos protocolarios y celebraciones populares, y que pas\u00f3 acompa\u00f1ado de l\u00edderes internacionales y arropado por su pueblo.<\/p>\n<\/p>\n<p>La investidura tuvo dos partes bien diferenciadas, una en el interior del Palacio Legislativo, donde prest\u00f3 declaraci\u00f3n constitucional junto a su vicepresidente, Ra\u00fal Sendic, y otra a cielo abierto, por las calles del centro de Montevideo y en la Plaza de la Independencia, bajo un ba\u00f1o de multitudes.<\/p>\n<\/p>\n<p>En la solemne ceremonia del Palacio Legislativo, V\u00e1zquez jur\u00f3 el cargo ante la presidenta temporal de la Asamblea General, la senadora Luc\u00eda Topolansky, e inaugur\u00f3 su segundo mandato despu\u00e9s haber dirigido los designios de Uruguay entre 2005 y 2010.<\/p>\n<\/p>\n<p>Cuando se cumplen 30 a\u00f1os de la restituci\u00f3n de la democracia tras la dictadura uruguaya (1973-1985), el nuevo presidente elogi\u00f3 en su discurso a los mandatarios que rigieron el pa\u00eds las tres \u00faltimas d\u00e9cadas, pero retrocedi\u00f3 a\u00fan m\u00e1s para reivindicar la figura de Jos\u00e9 Artigas, considerado el pr\u00f3cer de la naci\u00f3n.<\/p>\n<\/p>\n<p>\u00abEn ese hombre debemos de buscar los valores y principios uruguayos\u00bb, exclam\u00f3 el presidente uruguayo, quien se comprometi\u00f3 a proclamar, difundir y respetar el legado de Artigas (Montevideo, 1764).<\/p>\n<\/p>\n<p>As\u00ed, V\u00e1zquez se present\u00f3 ante los l\u00edderes internacionales congregados en la Asamblea General, \u00abprocedentes de pa\u00edses hermanos y amigos\u00bb, como un firme defensor de los valores de \u00ablibertad, autodeterminaci\u00f3n e integraci\u00f3n\u00bb que inspiran la figura del pr\u00f3cer.<\/p>\n<\/p>\n<p>Los presidentes de Cuba, Ra\u00fal Castro; Nicaragua, Daniel Ortega; Chile, Michele Bachelet; Paraguay, Horacio Cartes; Ecuador, Rafael Correa, y Brasil, Dilma Rousseff presenciaron la investidura del nuevo presidente junto con el rey Juan Carlos de Espa\u00f1a.<\/p>\n<\/p>\n<p>Una alta representaci\u00f3n internacional que no esconde destacadas ausencias como la de la presidenta de Argentina, Cristina Fern\u00e1ndez, cuyo pa\u00eds estuvo presentado por su segundo, Amado Boudou; o la del presidente de Venezuela, Nicol\u00e1s Maduro, a quien \u00abla situaci\u00f3n pol\u00edtica de su pa\u00eds\u00bb le impidi\u00f3 acudir.<\/p>\n<\/p>\n<p>Tampoco estuvo el mandatario de Bolivia, Evo Morales, que ya estuvo en la capital uruguaya el pasado jueves 26 de febrero, ni el vicepresidente de Estados Unidos, Joe Biden, que sufr\u00eda una afecci\u00f3n gripal.<\/p>\n<\/p>\n<p>Una vez cumplido el protocolo de la Asamblea General, V\u00e1zquez y Sendic se dirigieron hacia la Plaza de la Independencia de Montevideo a bordo de una antigua camioneta de la marca Ford de mediados del siglo XX.<\/p>\n<\/p>\n<p>Todo un gui\u00f1o al \u00abPepemovil\u00bb, un veh\u00edculo descubierto que funciona con electricidad sobre la que el exguerrillero realiz\u00f3 cinco a\u00f1os atr\u00e1s el mismo recorrido.<\/p>\n<\/p>\n<p>La ceremonia se abri\u00f3 al p\u00fablico a partir de ese momento, con las calles del centro de la capital copadas por simpatizantes de V\u00e1zquez y por fieles admiradores del presidente saliente, Jos\u00e9 Mujica, y tambi\u00e9n por personas disconformes que hac\u00edan llegar sus reivindicaciones al nuevo mandatario.<\/p>\n<\/p>\n<p>Pese a su fama de t\u00edmido y reservado, V\u00e1zquez goza de una gran aceptaci\u00f3n popular, sabe hacerse querer y hoy no ces\u00f3 de sonre\u00edr y de saludar al paso de la comitiva.<\/p>\n<\/p>\n<p>Una vez en la Plaza de la Independencia, sobre un escenario, Mujica le hizo entrega a su sucesor, a los pies de la estatua de Artigas, de la banda presidencial, fundi\u00e9ndose ambos en un fraternal abrazo.<\/p>\n<\/p>\n<p>En un soleado domingo de verano austral, la multitud de ciudadanos congregada comenz\u00f3 ovacionando a V\u00e1zquez e intensific\u00f3 su voz para dedicar c\u00e1nticos de \u00abPepe, Pepe\u00bb dirigidos a Mujica.<\/p>\n<\/p>\n<p>Al retirarse de la plaza, el veterano exguerrillero pidi\u00f3 al pueblo uruguayo \u00abque haga todo lo posible\u00bb para apoyar al Gobierno, seg\u00fan declar\u00f3 a la prensa.<\/p>\n<\/p>\n<p>V\u00e1zquez, a la salida de su domicilio a primera hora de esta ma\u00f1ana, destac\u00f3 a los medios la \u00abinteligencia\u00bb de su antecesor, y dijo que Mujica ser\u00e1 \u00abun punto de referencia de primer orden\u00bb en su Gobierno.<\/p>\n<\/p>\n<p>A continuaci\u00f3n, en el que fue el primer acto oficial del nuevo mandatario, los trece ministros que formar\u00e1n el gabinete de V\u00e1zquez, entre los que hay cinco mujeres, asumieron sus carteras.<\/p>\n<\/p>\n<p>El saludo de cada uno de los l\u00edderes internacionales y representantes de las delegaciones de distintos pa\u00edses del mundo, puso fin a los actos de Transmisi\u00f3n del Mando Presidencial.<\/p>\n<\/p>\n<p>El rey Juan Carlos de Espa\u00f1a fue el segundo en subir al escenario a saludar a V\u00e1zquez, justo despu\u00e9s de que lo hiciera la presidenta de Chile, Michele Bachelet.<\/p>\n<\/p>\n<p>El rey, sonriente, abraz\u00f3 afectuosamente a V\u00e1zquez, con el que ayer mantuvo una reuni\u00f3n privada.<\/p>\n<h6> 2015-03-01 22:30:17 <\/h6>\n<p><!--\n<link rel=\"stylesheet\" href=\"css\/bootstrap.min.css\">\n\n\n<ul class=\"pagination\">\n\t    \n\t\n\n<li >\n\t<a href='?page_no=24784'>Previous<\/a>\n\t<\/li>\n\n\n       \n    \n\n<li><a href='?page_no=1'>1<\/a><\/li>\n\n\n\n<li><a href='?page_no=2'>2<\/a><\/li>\n\n\n\n<li><a>...<\/a><\/li>\n\n\n\n<li><a href='?page_no=24783'>24783<\/a><\/li>\n\n\n\n<li><a href='?page_no=24784'>24784<\/a><\/li>\n\n\n\n<li class='active'><a>24785<\/a><\/li>\n\n\n\n<li><a href='?page_no=24786'>24786<\/a><\/li>\n\n\n\n<li><a href='?page_no=24787'>24787<\/a><\/li>\n\n\n\n<li><a>...<\/a><\/li>\n\n\n\n<li><a href='?page_no=51012'>51012<\/a><\/li>\n\n\n\n<li><a href='?page_no=51013'>51013<\/a><\/li>\n\n    \n\t\n\n<li >\n\t<a href='?page_no=24786'>Next<\/a>\n\t<\/li>\n\n\n    \n\n<li><a href='?page_no=51013'>Last &rsaquo;&rsaquo;<\/a><\/li>\n\n<\/ul>\n\n\n--><br \/>\n<\/body><\/p>\n","protected":false},"excerpt":{"rendered":"<p>Montevideo, Uruguay 2 marzo.- El onc\u00f3logo Tabar\u00e9 V\u00e1zquez, de 75 a\u00f1os, asumi\u00f3 hoy su segundo mandato presidencial en Uruguay en una intensa jornada, solemne y festiva, que transcurri\u00f3 entre actos protocolarios y celebraciones populares, y que pas\u00f3 acompa\u00f1ado de l\u00edderes internacionales y arropado por su pueblo. La investidura tuvo dos partes bien diferenciadas, una en [&hellip;]<\/p>\n","protected":false},"author":3,"featured_media":0,"comment_status":"open","ping_status":"open","sticky":false,"template":"","format":"standard","meta":{"footnotes":""},"categories":[23],"tags":[],"class_list":["post-255140","post","type-post","status-publish","format-standard","hentry","category-internacional"],"_links":{"self":[{"href":"https:\/\/diariodominicano.com\/index.php?rest_route=\/wp\/v2\/posts\/255140","targetHints":{"allow":["GET"]}}],"collection":[{"href":"https:\/\/diariodominicano.com\/index.php?rest_route=\/wp\/v2\/posts"}],"about":[{"href":"https:\/\/diariodominicano.com\/index.php?rest_route=\/wp\/v2\/types\/post"}],"author":[{"embeddable":true,"href":"https:\/\/diariodominicano.com\/index.php?rest_route=\/wp\/v2\/users\/3"}],"replies":[{"embeddable":true,"href":"https:\/\/diariodominicano.com\/index.php?rest_route=%2Fwp%2Fv2%2Fcomments&post=255140"}],"version-history":[{"count":0,"href":"https:\/\/diariodominicano.com\/index.php?rest_route=\/wp\/v2\/posts\/255140\/revisions"}],"wp:attachment":[{"href":"https:\/\/diariodominicano.com\/index.php?rest_route=%2Fwp%2Fv2%2Fmedia&parent=255140"}],"wp:term":[{"taxonomy":"category","embeddable":true,"href":"https:\/\/diariodominicano.com\/index.php?rest_route=%2Fwp%2Fv2%2Fcategories&post=255140"},{"taxonomy":"post_tag","embeddable":true,"href":"https:\/\/diariodominicano.com\/index.php?rest_route=%2Fwp%2Fv2%2Ftags&post=255140"}],"curies":[{"name":"wp","href":"https:\/\/api.w.org\/{rel}","templated":true}]}}