{"id":255134,"date":"2015-03-02T14:14:05","date_gmt":"2015-03-02T14:14:05","guid":{"rendered":"http:\/\/diariodominicano.ddns.net\/?p=255134"},"modified":"2015-03-02T14:14:05","modified_gmt":"2015-03-02T14:14:05","slug":"estallido-de-combates-en-ciudad-libia-causa-muertos-y-heridos","status":"publish","type":"post","link":"https:\/\/diariodominicano.com\/?p=255134","title":{"rendered":"&#13;Estallido de combates en ciudad libia causa muertos y heridos\t\t\t&#13;"},"content":{"rendered":"<p><body><\/p>\n<\/p>\n<p><span class=\"text1noticias\">Tr\u00edpoli, 2 mar (PL) Combates entre milicias islamistas y fuerzas de uno de los gobiernos libios en Bengasi, este, causaron la muerte de dos personas y heridas a 30, seg\u00fan informaciones circuladas hoy aqu\u00ed.<\/span><\/p>\n<\/p>\n<p><span class=\"text1noticias\">El impacto de dos cohetes autopropulsados en un distrito del centro de la ciudad caus\u00f3 p\u00e1nico en la poblaci\u00f3n ante un probable reinicio de los combates entre ambos beligerantes, que hace semanas pugnan por imponerse.<\/span><\/p>\n<\/p>\n<p><span class=\"text1noticias\">Las tropas leales al Gobierno del primer ministro Abdallah al Thinni aseguran tener el control de la mayor parte de la ciudad, donde en 2011 comenz\u00f3 la revuelta contra el gabinete liderado por Muamar Gadafi, derrocado por una agresi\u00f3n militar de la OTAN ese mismo a\u00f1o.<\/span><\/p>\n<\/p>\n<p><span class=\"text1noticias\">Sin embargo, la poderosa milicia Fajr Libya (Amanecer Libio, en \u00e1rabe) mantiene importantes bastiones y ha frustrado ofensivas de sus contendientes, limitados por la falta de armas y pertrechos, seg\u00fan el general Khalifa Haftar, quien ha jurado extirpar a lo que denomina \u00abescoria islamista\u00bb.<\/span><\/p>\n<\/p>\n<p><span class=\"text1noticias\">Dominar Bengasi es vital para las milicias islamistas que apoyan al gobierno del primer ministro Omar el Hassi, con base en esta capital, pues la ciudad es el posible punto de partida de una ofensiva del gabinete rival de Abdallah al Thinni, que cuenta con el apoyo de Egipto, su vecino del este.<\/span><\/p>\n<\/p>\n<p><span class=\"text1noticias\">Egipto rompe lanzas por apoyar a Al Thinni, en particular despu\u00e9s que Estado Isl\u00e1mico (EI) anunci\u00f3 su presencia en Libia, demasiado cerca de la frontera com\u00fan, lo que posibilita la coordinaci\u00f3n con uno de los grupos insurgentes implantados en Egipto, Ansar Beit Al Maqdis, leal a ese movimiento.<\/span><\/p>\n<\/p>\n<p><span class=\"text1noticias\">El gobierno egipcio suscribi\u00f3 a fines del a\u00f1o pasado varios acuerdos de colaboraci\u00f3n con el Thinni durante una visita que realiz\u00f3 a este pa\u00eds acompa\u00f1ado de varios ministros de su gabinete.<\/span><\/p>\n<\/p>\n<p><span class=\"text1noticias\">La v\u00edspera, durante una visita rel\u00e1mpago a Arabia Saudita, el presidente egipcio, Abdel Fattah El Sisi, examin\u00f3 la crisis libia con el rey Salman Abdulaziz, a quien pidi\u00f3 apoyar a al Thinni, en particular para levantar el embargo de armas que alcanza por igual a ambos gabinetes rivales.<\/span><\/p>\n<\/p>\n<p><span class=\"text1noticias\">A principios del mes pasado la aviaci\u00f3n egipcia atac\u00f3 posiciones de EI en el este libio en represalia por la decapitaci\u00f3n de 20 cristianos coptos y un s\u00fabdito de un pa\u00eds africano, acci\u00f3n que abri\u00f3 interrogantes sobre la posibilidad de una campa\u00f1a de mayor magnitud y objetivos.<\/span><\/p>\n<\/p>\n<p><span class=\"text1noticias\">Desde entonces han aumentado las tensiones entre El Cairo y el Gobierno de el Hassi, uno de cuyos portavoces \u00abrecomend\u00f3\u00bb la salida inmediata de Libia de los expatriados egipcios \u00abpara evitar represalias\u00bb.<\/span><\/p>\n<\/p>\n<h6> 2015-03-02 14:14:05 <\/h6>\n<p><!--\n<link rel=\"stylesheet\" href=\"css\/bootstrap.min.css\">\n\n\n<ul class=\"pagination\">\n\t    \n\t\n\n<li >\n\t<a href='?page_no=24778'>Previous<\/a>\n\t<\/li>\n\n\n       \n    \n\n<li><a href='?page_no=1'>1<\/a><\/li>\n\n\n\n<li><a href='?page_no=2'>2<\/a><\/li>\n\n\n\n<li><a>...<\/a><\/li>\n\n\n\n<li><a href='?page_no=24777'>24777<\/a><\/li>\n\n\n\n<li><a href='?page_no=24778'>24778<\/a><\/li>\n\n\n\n<li class='active'><a>24779<\/a><\/li>\n\n\n\n<li><a href='?page_no=24780'>24780<\/a><\/li>\n\n\n\n<li><a href='?page_no=24781'>24781<\/a><\/li>\n\n\n\n<li><a>...<\/a><\/li>\n\n\n\n<li><a href='?page_no=51012'>51012<\/a><\/li>\n\n\n\n<li><a href='?page_no=51013'>51013<\/a><\/li>\n\n    \n\t\n\n<li >\n\t<a href='?page_no=24780'>Next<\/a>\n\t<\/li>\n\n\n    \n\n<li><a href='?page_no=51013'>Last &rsaquo;&rsaquo;<\/a><\/li>\n\n<\/ul>\n\n\n--><br \/>\n<\/body><\/p>\n","protected":false},"excerpt":{"rendered":"<p>Tr\u00edpoli, 2 mar (PL) Combates entre milicias islamistas y fuerzas de uno de los gobiernos libios en Bengasi, este, causaron la muerte de dos personas y heridas a 30, seg\u00fan informaciones circuladas hoy aqu\u00ed. El impacto de dos cohetes autopropulsados en un distrito del centro de la ciudad caus\u00f3 p\u00e1nico en la poblaci\u00f3n ante un [&hellip;]<\/p>\n","protected":false},"author":3,"featured_media":0,"comment_status":"open","ping_status":"open","sticky":false,"template":"","format":"standard","meta":{"footnotes":""},"categories":[23],"tags":[],"class_list":["post-255134","post","type-post","status-publish","format-standard","hentry","category-internacional"],"_links":{"self":[{"href":"https:\/\/diariodominicano.com\/index.php?rest_route=\/wp\/v2\/posts\/255134","targetHints":{"allow":["GET"]}}],"collection":[{"href":"https:\/\/diariodominicano.com\/index.php?rest_route=\/wp\/v2\/posts"}],"about":[{"href":"https:\/\/diariodominicano.com\/index.php?rest_route=\/wp\/v2\/types\/post"}],"author":[{"embeddable":true,"href":"https:\/\/diariodominicano.com\/index.php?rest_route=\/wp\/v2\/users\/3"}],"replies":[{"embeddable":true,"href":"https:\/\/diariodominicano.com\/index.php?rest_route=%2Fwp%2Fv2%2Fcomments&post=255134"}],"version-history":[{"count":0,"href":"https:\/\/diariodominicano.com\/index.php?rest_route=\/wp\/v2\/posts\/255134\/revisions"}],"wp:attachment":[{"href":"https:\/\/diariodominicano.com\/index.php?rest_route=%2Fwp%2Fv2%2Fmedia&parent=255134"}],"wp:term":[{"taxonomy":"category","embeddable":true,"href":"https:\/\/diariodominicano.com\/index.php?rest_route=%2Fwp%2Fv2%2Fcategories&post=255134"},{"taxonomy":"post_tag","embeddable":true,"href":"https:\/\/diariodominicano.com\/index.php?rest_route=%2Fwp%2Fv2%2Ftags&post=255134"}],"curies":[{"name":"wp","href":"https:\/\/api.w.org\/{rel}","templated":true}]}}