{"id":255133,"date":"2015-03-02T14:18:10","date_gmt":"2015-03-02T14:18:10","guid":{"rendered":"http:\/\/diariodominicano.ddns.net\/?p=255133"},"modified":"2015-03-02T14:18:10","modified_gmt":"2015-03-02T14:18:10","slug":"visita-de-primer-ministro-israeli-complica-escenario-en-ee-uu","status":"publish","type":"post","link":"https:\/\/diariodominicano.com\/?p=255133","title":{"rendered":"&#13;&#13;Visita de primer ministro israel\u00ed complica escenario en EE.UU."},"content":{"rendered":"<p><body><\/p>\n<p><img decoding=\"async\" src=\"img3\/benjamin-netanyahu.jpg\" \/>  <\/p>\n<p><span class=\"text1noticias\">\t\t<\/span><\/p>\n<p><span class=\"text1noticias\">  <\/span><\/p>\n<\/p>\n<p><span class=\"text1noticias\">Washington, 2 mar (PL) El primer ministro de Israel, Benjam\u00edn Netanyahu, hablar\u00e1 el martes en el Congreso estadounidense, en un escenario complicado hoy por los enfrentamientos entre dem\u00f3cratas y republicanos sobre temas puntuales de la pol\u00edtica local.<\/span><\/p>\n<\/p>\n<p><span class=\"text1noticias\">El titular israel\u00ed, cuya visita provoc\u00f3 divisiones interpartidistas porque se organiz\u00f3 sin consultar a la administraci\u00f3n del presidente Barack Obama, se espera critique las negociaciones nucleares con Ir\u00e1n y solicite respaldo contra un acuerdo que alega ser\u00eda da\u00f1ino para su seguridad.<\/span><\/p>\n<\/p>\n<p><span class=\"text1noticias\">Muchos dem\u00f3cratas planean boicotear el discurso, entre otras cosas, porque dicen Netanyahu utilizar\u00e1 su alocuci\u00f3n para sus propios fines de reelecci\u00f3n.<\/span><\/p>\n<\/p>\n<p><span class=\"text1noticias\">Los dem\u00f3cratas est\u00e1n m\u00e1s preocupados de que el discurso ser\u00e1 una traba para delicadas negociaciones internacionales destinadas a restringir el programa nuclear iran\u00ed, se\u00f1al\u00f3 hoy un art\u00edculo del diario The Hill, especializado en temas del Capitolio.<\/span><\/p>\n<\/p>\n<p><span class=\"text1noticias\">Seg\u00fan trascendidos, el presidente Obama dijo que no se reunir\u00e1 con Netanyahu durante su visita, a lo que se une que tanto el vicepresidente Joseph Biden y el secretario de Estado John Kerry, estar\u00e1n fuera del pa\u00eds.<\/span><\/p>\n<\/p>\n<p><span class=\"text1noticias\">Pese a que la Asesora de Seguridad Nacional, Susan Rice, calific\u00f3 de potencialmente destructivo el discurso que pronunciar\u00e1 el primer ministro para las relaciones entre Washington y Tel-Aviv, Kerry la contradijo este domingo en declaraciones al programa This Week de la cadena ABC.<\/span><\/p>\n<\/p>\n<p><span class=\"text1noticias\">\u00abEl primer ministro de Israel es bienvenido a hablar en los Estados Unidos, obviamente\u00bb, dijo el jefe de la diplomacia estadounidense.<\/span><\/p>\n<\/p>\n<p><span class=\"text1noticias\">La controversia aqu\u00ed apareci\u00f3 cuando el presidente de la C\u00e1mara de Representantes, el republicano John Boehner invit\u00f3 a Netanyahu a hablar sin notificar a la Casa Blanca.<\/span><\/p>\n<\/p>\n<p><span class=\"text1noticias\">El pol\u00edtico israel\u00ed, quien llega hoy a esta capital, ha sido blanco de duras cr\u00edticas, entre ellas la de la senadora Dianne Feinstein (D-California), quien lo calific\u00f3 de \u00abarrogante\u00bb y que no es la voz de todos los jud\u00edos.<\/span><\/p>\n<\/p>\n<p><span class=\"text1noticias\">Antes de viajar a Estados Unidos el primer ministro reiter\u00f3 que se opone firmemente al acuerdo que negocian potencias mundiales e Ir\u00e1n que, seg\u00fan \u00e9l, podr\u00eda poner en peligro la existencia misma de Israel.<\/span><\/p>\n<\/p>\n<p><span class=\"text1noticias\">Ir\u00e1n ha reiterado que su programa nuclear tiene fines pac\u00edficos para usar esa energ\u00eda para la generaci\u00f3n de electricidad, entre otros, mientras organismos internacionales no descartan que Israel posee m\u00e1s de 200 ojivas nucleares, que utilizar\u00eda contra los pa\u00edses \u00e1rabes.<\/span><\/p>\n<\/p>\n<h6> 2015-03-02 14:18:10 <\/h6>\n<p><!--\n<link rel=\"stylesheet\" href=\"css\/bootstrap.min.css\">\n\n\n<ul class=\"pagination\">\n\t    \n\t\n\n<li >\n\t<a href='?page_no=24777'>Previous<\/a>\n\t<\/li>\n\n\n       \n    \n\n<li><a href='?page_no=1'>1<\/a><\/li>\n\n\n\n<li><a href='?page_no=2'>2<\/a><\/li>\n\n\n\n<li><a>...<\/a><\/li>\n\n\n\n<li><a href='?page_no=24776'>24776<\/a><\/li>\n\n\n\n<li><a href='?page_no=24777'>24777<\/a><\/li>\n\n\n\n<li class='active'><a>24778<\/a><\/li>\n\n\n\n<li><a href='?page_no=24779'>24779<\/a><\/li>\n\n\n\n<li><a href='?page_no=24780'>24780<\/a><\/li>\n\n\n\n<li><a>...<\/a><\/li>\n\n\n\n<li><a href='?page_no=51012'>51012<\/a><\/li>\n\n\n\n<li><a href='?page_no=51013'>51013<\/a><\/li>\n\n    \n\t\n\n<li >\n\t<a href='?page_no=24779'>Next<\/a>\n\t<\/li>\n\n\n    \n\n<li><a href='?page_no=51013'>Last &rsaquo;&rsaquo;<\/a><\/li>\n\n<\/ul>\n\n\n--><br \/>\n<\/body><\/p>\n","protected":false},"excerpt":{"rendered":"<p>Washington, 2 mar (PL) El primer ministro de Israel, Benjam\u00edn Netanyahu, hablar\u00e1 el martes en el Congreso estadounidense, en un escenario complicado hoy por los enfrentamientos entre dem\u00f3cratas y republicanos sobre temas puntuales de la pol\u00edtica local. El titular israel\u00ed, cuya visita provoc\u00f3 divisiones interpartidistas porque se organiz\u00f3 sin consultar a la administraci\u00f3n del presidente [&hellip;]<\/p>\n","protected":false},"author":3,"featured_media":0,"comment_status":"open","ping_status":"open","sticky":false,"template":"","format":"standard","meta":{"footnotes":""},"categories":[23],"tags":[],"class_list":["post-255133","post","type-post","status-publish","format-standard","hentry","category-internacional"],"_links":{"self":[{"href":"https:\/\/diariodominicano.com\/index.php?rest_route=\/wp\/v2\/posts\/255133","targetHints":{"allow":["GET"]}}],"collection":[{"href":"https:\/\/diariodominicano.com\/index.php?rest_route=\/wp\/v2\/posts"}],"about":[{"href":"https:\/\/diariodominicano.com\/index.php?rest_route=\/wp\/v2\/types\/post"}],"author":[{"embeddable":true,"href":"https:\/\/diariodominicano.com\/index.php?rest_route=\/wp\/v2\/users\/3"}],"replies":[{"embeddable":true,"href":"https:\/\/diariodominicano.com\/index.php?rest_route=%2Fwp%2Fv2%2Fcomments&post=255133"}],"version-history":[{"count":0,"href":"https:\/\/diariodominicano.com\/index.php?rest_route=\/wp\/v2\/posts\/255133\/revisions"}],"wp:attachment":[{"href":"https:\/\/diariodominicano.com\/index.php?rest_route=%2Fwp%2Fv2%2Fmedia&parent=255133"}],"wp:term":[{"taxonomy":"category","embeddable":true,"href":"https:\/\/diariodominicano.com\/index.php?rest_route=%2Fwp%2Fv2%2Fcategories&post=255133"},{"taxonomy":"post_tag","embeddable":true,"href":"https:\/\/diariodominicano.com\/index.php?rest_route=%2Fwp%2Fv2%2Ftags&post=255133"}],"curies":[{"name":"wp","href":"https:\/\/api.w.org\/{rel}","templated":true}]}}