{"id":255132,"date":"2015-03-02T14:21:41","date_gmt":"2015-03-02T14:21:41","guid":{"rendered":"http:\/\/diariodominicano.ddns.net\/?p=255132"},"modified":"2015-03-02T14:21:41","modified_gmt":"2015-03-02T14:21:41","slug":"onu-reclama-priorizar-asistencia-a-franja-de-gaza","status":"publish","type":"post","link":"https:\/\/diariodominicano.com\/?p=255132","title":{"rendered":"&#13;&#13;ONU reclama priorizar asistencia a Franja de Gaza"},"content":{"rendered":"<p><body><\/p>\n<p><span class=\"text1noticias\">\t\t<\/span><\/p>\n<\/p>\n<p><span class=\"text1noticias\">Naciones Unidas, 2 mar (PL) El coordinador de Naciones Unidas para el Proceso de Paz en el Medio Oriente, Robert Serry, demand\u00f3 hoy una mayor atenci\u00f3n a la Franja de Gaza, territorio palestino afectado por agresiones y un bloqueo israel\u00edes.<\/span><\/p>\n<\/p>\n<p><span class=\"text1noticias\">\u00abPara la ONU y para m\u00ed Gaza siempre ha sido una prioridad. Ojal\u00e1 lo fuera para todos. Despu\u00e9s de cada guerra hemos tenido que recoger los pedazos\u00bb, advirti\u00f3 el funcionario, quien en los pr\u00f3ximos d\u00edas entregar\u00e1 el cargo a Nickolay Mladenov, despu\u00e9s de siete a\u00f1os.<\/span><\/p>\n<\/p>\n<p><span class=\"text1noticias\">Tras realizar su \u00faltima visita a la Franja en el puesto, Serry calific\u00f3 de muy preocupante la situaci\u00f3n, sobre todo por el impacto de la m\u00e1s reciente de las tres agresiones de Israel en menos de una d\u00e9cada.<\/span><\/p>\n<\/p>\n<p><span class=\"text1noticias\">En el verano pasado, Tel Aviv lanz\u00f3 50 d\u00edas de bombardeos a\u00e9reos e incursiones terrestres, con saldo de dos mil 100 muertos, m\u00e1s de 10 mil heridos, 450 mil desplazados y gran destrucci\u00f3n de infraestructura habitacional y de servicios.<\/span><\/p>\n<\/p>\n<p><span class=\"text1noticias\">Gaza est\u00e1 m\u00e1s aislada que nunca, lament\u00f3 el coordinador, quien mencion\u00f3 algunos avances en la reconstrucci\u00f3n del territorio de un mill\u00f3n 800 mil habitantes, bloqueado desde 2006.<\/span><\/p>\n<\/p>\n<p><span class=\"text1noticias\">Seg\u00fan Serry, pese a leves mejoras, los cruces permanecen cerrados a la entrada de bienes y personas.<\/span><\/p>\n<\/p>\n<p><span class=\"text1noticias\">El diplom\u00e1tico llam\u00f3 a la cooperaci\u00f3n internacional para atenuar la crisis humanitaria imperante.<\/span><\/p>\n<\/p>\n<p><span class=\"text1noticias\">Naciones Unidas reclama a los donantes que cumplan los compromisos asumidos en octubre pasado, cuando la conferencia de El Cairo, Egipto, para la reconstrucci\u00f3n de Gaza, dej\u00f3 promesas de ayuda por cinco mil 400 millones de d\u00f3lares.<\/span><\/p>\n<h6> 2015-03-02 14:21:41 <\/h6>\n<p><!--\n<link rel=\"stylesheet\" href=\"css\/bootstrap.min.css\">\n\n\n<ul class=\"pagination\">\n\t    \n\t\n\n<li >\n\t<a href='?page_no=24776'>Previous<\/a>\n\t<\/li>\n\n\n       \n    \n\n<li><a href='?page_no=1'>1<\/a><\/li>\n\n\n\n<li><a href='?page_no=2'>2<\/a><\/li>\n\n\n\n<li><a>...<\/a><\/li>\n\n\n\n<li><a href='?page_no=24775'>24775<\/a><\/li>\n\n\n\n<li><a href='?page_no=24776'>24776<\/a><\/li>\n\n\n\n<li class='active'><a>24777<\/a><\/li>\n\n\n\n<li><a href='?page_no=24778'>24778<\/a><\/li>\n\n\n\n<li><a href='?page_no=24779'>24779<\/a><\/li>\n\n\n\n<li><a>...<\/a><\/li>\n\n\n\n<li><a href='?page_no=51012'>51012<\/a><\/li>\n\n\n\n<li><a href='?page_no=51013'>51013<\/a><\/li>\n\n    \n\t\n\n<li >\n\t<a href='?page_no=24778'>Next<\/a>\n\t<\/li>\n\n\n    \n\n<li><a href='?page_no=51013'>Last &rsaquo;&rsaquo;<\/a><\/li>\n\n<\/ul>\n\n\n--><br \/>\n<\/body><\/p>\n","protected":false},"excerpt":{"rendered":"<p>Naciones Unidas, 2 mar (PL) El coordinador de Naciones Unidas para el Proceso de Paz en el Medio Oriente, Robert Serry, demand\u00f3 hoy una mayor atenci\u00f3n a la Franja de Gaza, territorio palestino afectado por agresiones y un bloqueo israel\u00edes. \u00abPara la ONU y para m\u00ed Gaza siempre ha sido una prioridad. Ojal\u00e1 lo fuera [&hellip;]<\/p>\n","protected":false},"author":3,"featured_media":0,"comment_status":"open","ping_status":"open","sticky":false,"template":"","format":"standard","meta":{"footnotes":""},"categories":[23],"tags":[],"class_list":["post-255132","post","type-post","status-publish","format-standard","hentry","category-internacional"],"_links":{"self":[{"href":"https:\/\/diariodominicano.com\/index.php?rest_route=\/wp\/v2\/posts\/255132","targetHints":{"allow":["GET"]}}],"collection":[{"href":"https:\/\/diariodominicano.com\/index.php?rest_route=\/wp\/v2\/posts"}],"about":[{"href":"https:\/\/diariodominicano.com\/index.php?rest_route=\/wp\/v2\/types\/post"}],"author":[{"embeddable":true,"href":"https:\/\/diariodominicano.com\/index.php?rest_route=\/wp\/v2\/users\/3"}],"replies":[{"embeddable":true,"href":"https:\/\/diariodominicano.com\/index.php?rest_route=%2Fwp%2Fv2%2Fcomments&post=255132"}],"version-history":[{"count":0,"href":"https:\/\/diariodominicano.com\/index.php?rest_route=\/wp\/v2\/posts\/255132\/revisions"}],"wp:attachment":[{"href":"https:\/\/diariodominicano.com\/index.php?rest_route=%2Fwp%2Fv2%2Fmedia&parent=255132"}],"wp:term":[{"taxonomy":"category","embeddable":true,"href":"https:\/\/diariodominicano.com\/index.php?rest_route=%2Fwp%2Fv2%2Fcategories&post=255132"},{"taxonomy":"post_tag","embeddable":true,"href":"https:\/\/diariodominicano.com\/index.php?rest_route=%2Fwp%2Fv2%2Ftags&post=255132"}],"curies":[{"name":"wp","href":"https:\/\/api.w.org\/{rel}","templated":true}]}}