{"id":255127,"date":"2015-03-03T10:53:48","date_gmt":"2015-03-03T10:53:48","guid":{"rendered":"http:\/\/diariodominicano.ddns.net\/?p=255127"},"modified":"2015-03-03T10:53:48","modified_gmt":"2015-03-03T10:53:48","slug":"alcalde-de-ny-nombra-a-dominicana-milady-baez-como-vicecanciller-de-educacion","status":"publish","type":"post","link":"https:\/\/diariodominicano.com\/?p=255127","title":{"rendered":"Alcalde de NY nombra a dominicana Milady B\u00e1ez como vicecanciller de educaci\u00f3n"},"content":{"rendered":"<p><body><\/p>\n<p><img decoding=\"async\" src=\"img3\/joven 3.jpg\" \/>  <\/p>\n<p>Nueva York 3 marzo.- El alcalde Bill de Blasio nombr\u00f3 a la dominicana Milady B\u00e1ez como vicecanciller de educaci\u00f3n a cargo del programa biling\u00fce en el que se ense\u00f1a a millares de estudiantes extranjeros el ingl\u00e9s como segunda lengua.<\/p>\n<\/p>\n<p>Durante el anuncio oficial de la designaci\u00f3n de B\u00e1ez, la canciller del Departamento de Educaci\u00f3n, Carmen Fari\u00f1a, dijo que con la dominicana en la posici\u00f3n, se pone de relieve un mejor enfoque en la educaci\u00f3n biling\u00fce de la ciudad.<\/p>\n<\/p>\n<p>La oficina que dirigir\u00e1 B\u00e1ez, ser\u00e1 independiente y dar\u00e1 apoyo tanto a los estudiantes como a los maestros y directores de escuelas p\u00fablicas, en las que opera el programa.<\/p>\n<\/p>\n<p>\u00abComo canciller adjunta, B\u00e1ez elevar\u00e1 el departamento de ingl\u00e9s como segunda lengua, proporcionando una educaci\u00f3n de alta calidad\u00bb, dijo Fari\u00f1a.<\/p>\n<\/p>\n<p>Antes de asumir la nueva posici\u00f3n, B\u00e1ez fue maestra, directora y supervisora de clases biling\u00fces y prometi\u00f3 una mejor formaci\u00f3n para los estudiantes.<\/p>\n<\/p>\n<p>25 escuelas se agregar\u00e1n al programa biling\u00fce y a partir del oto\u00f1o de este a\u00f1o, otras 15, se sumar\u00e1n.<\/p>\n<\/p>\n<p>Fari\u00f1a, calific\u00f3 a B\u00e1ez como una veterana del sistema de educaci\u00f3n  de la ciudad y estuvo por 10 a\u00f1os trabajando como profesora en clases biling\u00fces.<\/p>\n<\/p>\n<p>Fue directora de las escuelas PS 149 y 314 en Queens, en las que estableci\u00f3 programas en los dos idiomas.<\/p>\n<\/p>\n<p>Trabaj\u00f3 tambi\u00e9n como supervisora de instrucci\u00f3n para un grupo de escuelas en ese mismo condado, antes de retirarse en el 2006.<\/p>\n<\/p>\n<p>B\u00e1ez, despu\u00e9s de su retiro, fue contratada como consultora del programa biling\u00fce en el Departamento de Educaci\u00f3n.<\/p>\n<h6> 2015-03-03 10:53:48 <\/h6>\n<p><!--\n<link rel=\"stylesheet\" href=\"css\/bootstrap.min.css\">\n\n\n<ul class=\"pagination\">\n\t    \n\t\n\n<li >\n\t<a href='?page_no=24771'>Previous<\/a>\n\t<\/li>\n\n\n       \n    \n\n<li><a href='?page_no=1'>1<\/a><\/li>\n\n\n\n<li><a href='?page_no=2'>2<\/a><\/li>\n\n\n\n<li><a>...<\/a><\/li>\n\n\n\n<li><a href='?page_no=24770'>24770<\/a><\/li>\n\n\n\n<li><a href='?page_no=24771'>24771<\/a><\/li>\n\n\n\n<li class='active'><a>24772<\/a><\/li>\n\n\n\n<li><a href='?page_no=24773'>24773<\/a><\/li>\n\n\n\n<li><a href='?page_no=24774'>24774<\/a><\/li>\n\n\n\n<li><a>...<\/a><\/li>\n\n\n\n<li><a href='?page_no=51012'>51012<\/a><\/li>\n\n\n\n<li><a href='?page_no=51013'>51013<\/a><\/li>\n\n    \n\t\n\n<li >\n\t<a href='?page_no=24773'>Next<\/a>\n\t<\/li>\n\n\n    \n\n<li><a href='?page_no=51013'>Last &rsaquo;&rsaquo;<\/a><\/li>\n\n<\/ul>\n\n\n--><br \/>\n<\/body><\/p>\n","protected":false},"excerpt":{"rendered":"<p>Nueva York 3 marzo.- El alcalde Bill de Blasio nombr\u00f3 a la dominicana Milady B\u00e1ez como vicecanciller de educaci\u00f3n a cargo del programa biling\u00fce en el que se ense\u00f1a a millares de estudiantes extranjeros el ingl\u00e9s como segunda lengua. Durante el anuncio oficial de la designaci\u00f3n de B\u00e1ez, la canciller del Departamento de Educaci\u00f3n, Carmen [&hellip;]<\/p>\n","protected":false},"author":3,"featured_media":0,"comment_status":"open","ping_status":"open","sticky":false,"template":"","format":"standard","meta":{"footnotes":""},"categories":[23],"tags":[],"class_list":["post-255127","post","type-post","status-publish","format-standard","hentry","category-internacional"],"_links":{"self":[{"href":"https:\/\/diariodominicano.com\/index.php?rest_route=\/wp\/v2\/posts\/255127","targetHints":{"allow":["GET"]}}],"collection":[{"href":"https:\/\/diariodominicano.com\/index.php?rest_route=\/wp\/v2\/posts"}],"about":[{"href":"https:\/\/diariodominicano.com\/index.php?rest_route=\/wp\/v2\/types\/post"}],"author":[{"embeddable":true,"href":"https:\/\/diariodominicano.com\/index.php?rest_route=\/wp\/v2\/users\/3"}],"replies":[{"embeddable":true,"href":"https:\/\/diariodominicano.com\/index.php?rest_route=%2Fwp%2Fv2%2Fcomments&post=255127"}],"version-history":[{"count":0,"href":"https:\/\/diariodominicano.com\/index.php?rest_route=\/wp\/v2\/posts\/255127\/revisions"}],"wp:attachment":[{"href":"https:\/\/diariodominicano.com\/index.php?rest_route=%2Fwp%2Fv2%2Fmedia&parent=255127"}],"wp:term":[{"taxonomy":"category","embeddable":true,"href":"https:\/\/diariodominicano.com\/index.php?rest_route=%2Fwp%2Fv2%2Fcategories&post=255127"},{"taxonomy":"post_tag","embeddable":true,"href":"https:\/\/diariodominicano.com\/index.php?rest_route=%2Fwp%2Fv2%2Ftags&post=255127"}],"curies":[{"name":"wp","href":"https:\/\/api.w.org\/{rel}","templated":true}]}}