{"id":255126,"date":"2015-03-03T12:23:29","date_gmt":"2015-03-03T12:23:29","guid":{"rendered":"http:\/\/diariodominicano.ddns.net\/?p=255126"},"modified":"2015-03-03T12:23:29","modified_gmt":"2015-03-03T12:23:29","slug":"da-a-conocer-fidel-intercambio-de-cartas-con-maradona","status":"publish","type":"post","link":"https:\/\/diariodominicano.com\/?p=255126","title":{"rendered":"Da a conocer Fidel intercambio de cartas con Maradona"},"content":{"rendered":"<p><body><\/p>\n<p><img decoding=\"async\" src=\"img3\/fidelynicolas00.jpg\" \/>  <\/p>\n<p><span class=\"text1noticias\">LA HABANA, (Granma)  3 de Marzo  de 2015.- El l\u00edder la Revoluci\u00f3n Cubana precisa que el 11 de enero, Maradona habl\u00f3 de la carta que \u00e9l le envi\u00f3 y mostr\u00f3 el documento que hab\u00eda despertado curiosidad, pero en aquella ocasi\u00f3n no precis\u00f3 los detalles. El pasado fin de semana, se\u00f1ala Fidel, Maradona volvi\u00f3 a referirse al intercambio entre ellos, por Telesur. Para que todo est\u00e9 claro, Fidel incluye los textos completos del intercambio que sostuvo con el propio Maradona<\/span><\/p>\n<\/p>\n<p><strong><span class=\"text1noticias\">Autor: Fidel Castro Ruz | internet@granma.cu<\/span><\/strong><\/p>\n<p><strong><span class=\"text1noticias\">3 de marzo de 2015 02:03:12<\/span><\/strong><\/p>\n<\/p>\n<p><span class=\"text1noticias\">Ayer explicaba mi encuentro con los Cinco compatriotas que recibieron el t\u00edtulo honor\u00edfico de H\u00e9roes de la Rep\u00fablica de Cuba y la prestigiosa Orden Playa Gir\u00f3n. Hab\u00edan transcurrido 73 d\u00edas desde la llegada al pa\u00eds de los reci\u00e9n liberados. Para m\u00ed, lo prioritario era el encuentro de esos compatriotas con la familia, el chequeo riguroso y la atenci\u00f3n m\u00e9dica a los valiosos compa\u00f1eros procedentes de los s\u00f3tanos de las odiosas prisiones imperiales, donde soportaron injusta y criminal condena por impedir los ataques terroristas que pod\u00edan privar de la vida a cualquier ni\u00f1o o ni\u00f1a, hombre o mujer, personas j\u00f3venes, adultas o ancianas.<\/span><\/p>\n<\/p>\n<p><span class=\"text1noticias\">Mi inter\u00e9s fundamental estaba en el tiempo que requer\u00eda para intercambiar ideas y experiencias revolucionarias, que constituyen la raz\u00f3n de ser de nuestras vidas.<\/span><\/p>\n<\/p>\n<p><span class=\"text1noticias\">Otros detalles dilataron en cierta medida el encuentro. Los tres compa\u00f1eros que faltaban, arribaron a la Patria el pasado17 de diciembre.<\/span><\/p>\n<\/p>\n<p><span class=\"text1noticias\">El 11 de enero, Maradona habl\u00f3 de la carta que le envi\u00e9 y mostr\u00f3 el documento que hab\u00eda despertado curiosidad, pero en aquella ocasi\u00f3n no precis\u00f3 los detalles. El pasado fin de semana volvi\u00f3 a referirse a nuestro intercambio por Telesur. Para que todo est\u00e9 claro, incluyo los textos completos del intercambio que sostuve con el propio Maradona.<\/span><\/p>\n<\/p>\n<p><strong><span class=\"text1noticias\">Fidel Castro Ruz<\/span><\/strong><\/p>\n<p><strong><span class=\"text1noticias\">Marzo 2 de 2015<\/span><\/strong><\/p>\n<p><strong><span class=\"text1noticias\">9 y 53 p.m.<\/span><\/strong><\/p>\n<\/p>\n<p><span class=\"text1noticias\"> <\/span><\/p>\n<\/p>\n<p><span class=\"text1noticias\">Carta de Fidel a Diego Armando Maradona<\/span><\/p>\n<\/p>\n<p><span class=\"text1noticias\">Querido Maradona:<\/span><\/p>\n<\/p>\n<p><span class=\"text1noticias\"> Me alegr\u00f3 mucho la noticia de que estar\u00edas en Cuba las primeras semanas de enero de 2015, con el brillante compa\u00f1ero que ha compartido contigo la aventura de un fascinante deporte.<\/span><\/p>\n<\/p>\n<p><span class=\"text1noticias\"> Tengo a mano una lista de los pa\u00edses productores y exportadores de combustible por su capacidad de producir y su pol\u00edtica de exportaci\u00f3n, en un momento en que esta \u00faltima amenaza seriamente el futuro de la humanidad. Otros lo hacen por razones de diversa \u00edndole.<\/span><\/p>\n<\/p>\n<p><span class=\"text1noticias\">               Arabia Saudita 11.730.000 de barriles diarios,              Estados Unidos 11.110.000  <\/span><\/p>\n<\/p>\n<p><span class=\"text1noticias\">               Rusia     10.440.000  <\/span><\/p>\n<\/p>\n<p><span class=\"text1noticias\">               China     4.155.000    <\/span><\/p>\n<\/p>\n<p><span class=\"text1noticias\">               Canad\u00e1 3.856.000    <\/span><\/p>\n<\/p>\n<p><span class=\"text1noticias\">               Ir\u00e1n 3.594.000   <\/span><\/p>\n<\/p>\n<p><span class=\"text1noticias\">              Emiratos \u00c1rabes Unidos 3.213.000      <\/span><\/p>\n<\/p>\n<p><span class=\"text1noticias\">Los dem\u00e1s, hasta el n\u00famero 20 de la lista, el Reino Unido, extraen en sus respectivos territorios m\u00e1s de 1 mill\u00f3n de barriles diarios.<\/span><\/p>\n<\/p>\n<p><span class=\"text1noticias\">Son los pa\u00edses que ocupan los primeros lugares por su producci\u00f3n, aunque no por sus reservas probadas.<\/span><\/p>\n<\/p>\n<p><span class=\"text1noticias\">Conocer de tu visita a Cuba en estos d\u00edas me alegr\u00f3 mucho; gracias a mis conversaciones contigo en los a\u00f1os m\u00e1s brillantes de nuestro inolvidable amigo Hugo Ch\u00e1vez, deduje que el encuentro de Mar del Plata no pod\u00eda ser olvidado. Hugo le record\u00f3 a Estados Unidos que hab\u00eda otra Am\u00e9rica.<\/span><\/p>\n<\/p>\n<p><span class=\"text1noticias\">Por mi parte, hace unos minutos acabo de ver por segunda vez la entrevista a Gerardo, Antonio y Ram\u00f3n. \u00bfSabes que todav\u00eda no he podido saludarlos?, aunque s\u00ed pude enviar flores a la peque\u00f1a Gema. \u00a1Qu\u00e9 hermoso nombre!<\/span><\/p>\n<\/p>\n<p><span class=\"text1noticias\">O\u00ed decir que estar\u00edas en el avi\u00f3n a las 5 y 30 p.m. de ma\u00f1ana lunes 12 de enero. \u00bfEs cierto?<\/span><\/p>\n<\/p>\n<p><span class=\"text1noticias\">En el reciente campeonato Centroamericano y del Caribe, en una disciplina tan importante como el f\u00fatbol, un juez nos impuso una penalidad arbitraria;no fue ni medianamente justa. El dinero para los ricos y las penalidades para los pobres.<\/span><\/p>\n<\/p>\n<p><span class=\"text1noticias\"> Como ves, quiero ser imparcial, pero puedo asegurarte que me cuesta trabajo.<\/span><\/p>\n<\/p>\n<p><span class=\"text1noticias\">\u00a1Un fuerte abrazo, Maestro!<\/span><\/p>\n<\/p>\n<p><strong><span class=\"text1noticias\">Fidel Castro Ruz<\/span><\/strong><\/p>\n<p><strong><span class=\"text1noticias\">Enero 11de 2015<\/span><\/strong><\/p>\n<\/p>\n<p><span class=\"text1noticias\">7 y 25 p.m.    <\/span><\/p>\n<\/p>\n<p><span class=\"text1noticias\">     <\/span><\/p>\n<\/p>\n<p><span class=\"text1noticias\">Carta de Diego Armando Maradona a Fidel<\/span><\/p>\n<\/p>\n<p><span class=\"text1noticias\">Dubai, 16 de enero de 2015<\/span><\/p>\n<\/p>\n<p><span class=\"text1noticias\"> <\/span><\/p>\n<\/p>\n<p><span class=\"text1noticias\">Querido Fidel:<\/span><\/p>\n<\/p>\n<p><span class=\"text1noticias\"> <\/span><\/p>\n<\/p>\n<p><span class=\"text1noticias\">El pasado 11 de enero sal\u00ed de La Habana con la felicidad de saber que estabas bien y con el orgullo de ser portador, una vez m\u00e1s, de tu mensaje, de tu eterna amistad y de tu preocupaci\u00f3n por los problemas del mundo.<\/span><\/p>\n<\/p>\n<p><span class=\"text1noticias\"> <\/span><\/p>\n<\/p>\n<p><span class=\"text1noticias\">Era la porci\u00f3n de alegr\u00eda que me faltaba para completar el inicio de la segunda temporada del programa De Zurda, por Telesur, que tuvo en La Habana una arrancada especial, rumbo a la Copa Am\u00e9rica, en Chile.<\/span><\/p>\n<\/p>\n<p><span class=\"text1noticias\"> <\/span><\/p>\n<\/p>\n<p><span class=\"text1noticias\">Como soy testigo excepcional de tus desvelos porque Venezuela pueda seguir el camino victorioso que le traz\u00f3 ese otro gigante amigo nuestro, el inolvidable Comandante Ch\u00e1vez, te hago saber que el pr\u00f3ximo 28 de febrero y 1 de marzo \u00abDe Zurda viajero\u00bb saldr\u00e1 al aire desde Caracas, Venezuela. Con seguridad, ser\u00e1n dos programas muy emotivos, donde no solo hablaremos de f\u00fatbol.<\/span><\/p>\n<\/p>\n<p><span class=\"text1noticias\"> <\/span><\/p>\n<\/p>\n<p><span class=\"text1noticias\">Fidel, si algo he aprendido contigo a lo largo de a\u00f1os de sincera y hermosa amistad, es que la lealtad no tiene precio, que un amigo vale m\u00e1s que todo el oro del mundo, y que las ideas no se negocian. Por eso De Zurda es un homenaje a nuestra amistad.<\/span><\/p>\n<\/p>\n<p><span class=\"text1noticias\"> <\/span><\/p>\n<\/p>\n<p><span class=\"text1noticias\">Acostumbrado a tus goles \u00abhist\u00f3ricos\u00bb he querido agradecerte la carta que me hizo portavoz de tu feliz existencia. Ha pasado m\u00e1s de un mes y muchas son las personas interesadas en saber el contenido de esa misiva. Con la gentileza que te caracteriza, aseguraste que solo ser\u00eda p\u00fablica si yo lo decid\u00eda. No solo quiero que se conozca el contenido, tambi\u00e9n quiero que se comparta con todos mi respuesta.<\/span><\/p>\n<\/p>\n<p><span class=\"text1noticias\"> <\/span><\/p>\n<\/p>\n<p><span class=\"text1noticias\">Con un fuerte abrazo, Comandante amigo,<\/span><\/p>\n<\/p>\n<p><span class=\"text1noticias\"> <\/span><\/p>\n<\/p>\n<p><span class=\"text1noticias\">Diego Armando Maradona<\/span><\/p>\n<p><span class=\"text1noticias\"><strong>Granma, 3 de Marzo de 2015.-<\/strong><\/span><\/p>\n<p><span class=\"text1noticias\"><strong>      <\/strong><\/span><\/p>\n<\/p>\n<h6> 2015-03-03 12:23:29 <\/h6>\n<p><!--\n<link rel=\"stylesheet\" href=\"css\/bootstrap.min.css\">\n\n\n<ul class=\"pagination\">\n\t    \n\t\n\n<li >\n\t<a href='?page_no=24770'>Previous<\/a>\n\t<\/li>\n\n\n       \n    \n\n<li><a href='?page_no=1'>1<\/a><\/li>\n\n\n\n<li><a href='?page_no=2'>2<\/a><\/li>\n\n\n\n<li><a>...<\/a><\/li>\n\n\n\n<li><a href='?page_no=24769'>24769<\/a><\/li>\n\n\n\n<li><a href='?page_no=24770'>24770<\/a><\/li>\n\n\n\n<li class='active'><a>24771<\/a><\/li>\n\n\n\n<li><a href='?page_no=24772'>24772<\/a><\/li>\n\n\n\n<li><a href='?page_no=24773'>24773<\/a><\/li>\n\n\n\n<li><a>...<\/a><\/li>\n\n\n\n<li><a href='?page_no=51012'>51012<\/a><\/li>\n\n\n\n<li><a href='?page_no=51013'>51013<\/a><\/li>\n\n    \n\t\n\n<li >\n\t<a href='?page_no=24772'>Next<\/a>\n\t<\/li>\n\n\n    \n\n<li><a href='?page_no=51013'>Last &rsaquo;&rsaquo;<\/a><\/li>\n\n<\/ul>\n\n\n--><br \/>\n<\/body><\/p>\n","protected":false},"excerpt":{"rendered":"<p>LA HABANA, (Granma) 3 de Marzo de 2015.- El l\u00edder la Revoluci\u00f3n Cubana precisa que el 11 de enero, Maradona habl\u00f3 de la carta que \u00e9l le envi\u00f3 y mostr\u00f3 el documento que hab\u00eda despertado curiosidad, pero en aquella ocasi\u00f3n no precis\u00f3 los detalles. El pasado fin de semana, se\u00f1ala Fidel, Maradona volvi\u00f3 a referirse [&hellip;]<\/p>\n","protected":false},"author":3,"featured_media":0,"comment_status":"open","ping_status":"open","sticky":false,"template":"","format":"standard","meta":{"footnotes":""},"categories":[23],"tags":[],"class_list":["post-255126","post","type-post","status-publish","format-standard","hentry","category-internacional"],"_links":{"self":[{"href":"https:\/\/diariodominicano.com\/index.php?rest_route=\/wp\/v2\/posts\/255126","targetHints":{"allow":["GET"]}}],"collection":[{"href":"https:\/\/diariodominicano.com\/index.php?rest_route=\/wp\/v2\/posts"}],"about":[{"href":"https:\/\/diariodominicano.com\/index.php?rest_route=\/wp\/v2\/types\/post"}],"author":[{"embeddable":true,"href":"https:\/\/diariodominicano.com\/index.php?rest_route=\/wp\/v2\/users\/3"}],"replies":[{"embeddable":true,"href":"https:\/\/diariodominicano.com\/index.php?rest_route=%2Fwp%2Fv2%2Fcomments&post=255126"}],"version-history":[{"count":0,"href":"https:\/\/diariodominicano.com\/index.php?rest_route=\/wp\/v2\/posts\/255126\/revisions"}],"wp:attachment":[{"href":"https:\/\/diariodominicano.com\/index.php?rest_route=%2Fwp%2Fv2%2Fmedia&parent=255126"}],"wp:term":[{"taxonomy":"category","embeddable":true,"href":"https:\/\/diariodominicano.com\/index.php?rest_route=%2Fwp%2Fv2%2Fcategories&post=255126"},{"taxonomy":"post_tag","embeddable":true,"href":"https:\/\/diariodominicano.com\/index.php?rest_route=%2Fwp%2Fv2%2Ftags&post=255126"}],"curies":[{"name":"wp","href":"https:\/\/api.w.org\/{rel}","templated":true}]}}