{"id":255125,"date":"2015-03-03T13:37:49","date_gmt":"2015-03-03T13:37:49","guid":{"rendered":"http:\/\/diariodominicano.ddns.net\/?p=255125"},"modified":"2015-03-03T13:37:49","modified_gmt":"2015-03-03T13:37:49","slug":"preocupaciones-de-fondo-despierta-discurso-de-netanyahu-en-washington","status":"publish","type":"post","link":"https:\/\/diariodominicano.com\/?p=255125","title":{"rendered":"&#13;&#13;Preocupaciones de fondo despierta discurso de Netanyahu en Washington"},"content":{"rendered":"<p><body><\/p>\n<p><img decoding=\"async\" src=\"img3\/netanyahu-discurso.jpg\" \/>  <\/p>\n<p><span class=\"text1noticias\">\t\t<\/span><\/p>\n<p><span class=\"text1noticias\">  <\/span><\/p>\n<\/p>\n<p><span class=\"text1noticias\">Washington, 3 mar (PL) El discurso que pronunciar\u00e1 hoy ante el Congreso estadounidense el primer ministro de Israel, Benjam\u00edn Netanyahu, despierta preocupaciones de fondo relacionadas con las negociaciones sobre la capacidad nuclear de Ir\u00e1n, seg\u00fan declaraciones de funcionarios del gobierno.<\/span><\/p>\n<\/p>\n<p><span class=\"text1noticias\">Voceros de la Casa Blanca dijeron el lunes que el gobierno inform\u00f3 regularmente a Tel-Aviv sobre el estado de las pl\u00e1ticas entre las seis potencias mundiales y Teher\u00e1n, a la vez que advirtieron a las autoridades israel\u00edes de no hacer p\u00fablica informaci\u00f3n secreta sobre su marcha durante su intervenci\u00f3n hoy ante el Legislativo de Estados Unidos.<\/span><\/p>\n<\/p>\n<p><span class=\"text1noticias\">El portavoz del gobierno estadounidense Josh Earnest divulg\u00f3 el lunes c\u00f3mo mantuvieron el intercambio con el gobierno de Netanyahu.<\/span><\/p>\n<\/p>\n<p><span class=\"text1noticias\">Este martes, el secretario de Estado norteamericano, John Kerry, y su hom\u00f3logo iran\u00ed Yawad Zarif se re\u00fanen en la localidad suiza de Montreux para seguir con las conversaciones nucleares, como parte del dialogo del grupo 5+1 (los cinco miembros con derecho a veto del Consejo de Seguridad de la ONU m\u00e1s Alemania), apremiados por llegar a un acuerdo a fin de mes.<\/span><\/p>\n<\/p>\n<p><span class=\"text1noticias\">Mientras, ni Obama ni ning\u00fan alto cargo de la administraci\u00f3n recibir\u00e1n a Netanyahu alegando las inminentes elecciones en Israel a mediados de marzo y la campa\u00f1a electoral en marcha.<\/span><\/p>\n<\/p>\n<p><span class=\"text1noticias\">En su edici\u00f3n de este martes, el diario The Washington Post indic\u00f3 que el apoyo de los estadounidenses sigue siendo notable, pero muchos votantes del partido Dem\u00f3crata de Obama se apartaron de Israel. Con su comportamiento, Netanyahu lig\u00f3 a Israel al partido Republicano, se\u00f1ala el diario.<\/span><\/p>\n<\/p>\n<p><span class=\"text1noticias\">Por otro lado, grupos israel\u00edes advirtieron que el discurso de su primer ministro puede da\u00f1ar las relaciones con su principal aliado y apoyo. Yair Lapid, del partido del Futuro, declar\u00f3 al diario Yediot Ahronot que el mensaje da\u00f1ar\u00e1 los intereses en seguridad de Israel.<\/span><\/p>\n<\/p>\n<p><span class=\"text1noticias\">El lunes la asesora de Seguridad Nacional de la Casa Blanca, Susan Rice, declar\u00f3 durante una intervenci\u00f3n en una reuni\u00f3n de la conferencia anual del Comit\u00e9 de Relaciones P\u00fablicas Americano-Israel\u00ed (Aipac) que un mal acuerdo con Ir\u00e1n es peor que ninguno.<\/span><\/p>\n<\/p>\n<p><span class=\"text1noticias\">Se espera que Netanyahu presione en el Congreso contra un pacto nuclear con los iran\u00edes, porque, desde su perspectiva, un acuerdo ser\u00eda un riesgo para la propia existencia de Israel y la seguridad de Estados Unidos.<\/span><\/p>\n<\/p>\n<p><span class=\"text1noticias\">Seg\u00fan la cadena de televisi\u00f3n CNN se espera que el pol\u00edtico revele aspectos secretos de las pl\u00e1ticas que siguen hoy en Suiza, algo que levanta nuevas tensiones en las relaciones con Estados Unidos.<\/span><\/p>\n<\/p>\n<h6> 2015-03-03 13:37:49 <\/h6>\n<p><!--\n<link rel=\"stylesheet\" href=\"css\/bootstrap.min.css\">\n\n\n<ul class=\"pagination\">\n\t    \n\t\n\n<li >\n\t<a href='?page_no=24769'>Previous<\/a>\n\t<\/li>\n\n\n       \n    \n\n<li><a href='?page_no=1'>1<\/a><\/li>\n\n\n\n<li><a href='?page_no=2'>2<\/a><\/li>\n\n\n\n<li><a>...<\/a><\/li>\n\n\n\n<li><a href='?page_no=24768'>24768<\/a><\/li>\n\n\n\n<li><a href='?page_no=24769'>24769<\/a><\/li>\n\n\n\n<li class='active'><a>24770<\/a><\/li>\n\n\n\n<li><a href='?page_no=24771'>24771<\/a><\/li>\n\n\n\n<li><a href='?page_no=24772'>24772<\/a><\/li>\n\n\n\n<li><a>...<\/a><\/li>\n\n\n\n<li><a href='?page_no=51012'>51012<\/a><\/li>\n\n\n\n<li><a href='?page_no=51013'>51013<\/a><\/li>\n\n    \n\t\n\n<li >\n\t<a href='?page_no=24771'>Next<\/a>\n\t<\/li>\n\n\n    \n\n<li><a href='?page_no=51013'>Last &rsaquo;&rsaquo;<\/a><\/li>\n\n<\/ul>\n\n\n--><br \/>\n<\/body><\/p>\n","protected":false},"excerpt":{"rendered":"<p>Washington, 3 mar (PL) El discurso que pronunciar\u00e1 hoy ante el Congreso estadounidense el primer ministro de Israel, Benjam\u00edn Netanyahu, despierta preocupaciones de fondo relacionadas con las negociaciones sobre la capacidad nuclear de Ir\u00e1n, seg\u00fan declaraciones de funcionarios del gobierno. Voceros de la Casa Blanca dijeron el lunes que el gobierno inform\u00f3 regularmente a Tel-Aviv [&hellip;]<\/p>\n","protected":false},"author":3,"featured_media":0,"comment_status":"open","ping_status":"open","sticky":false,"template":"","format":"standard","meta":{"footnotes":""},"categories":[23],"tags":[],"class_list":["post-255125","post","type-post","status-publish","format-standard","hentry","category-internacional"],"_links":{"self":[{"href":"https:\/\/diariodominicano.com\/index.php?rest_route=\/wp\/v2\/posts\/255125","targetHints":{"allow":["GET"]}}],"collection":[{"href":"https:\/\/diariodominicano.com\/index.php?rest_route=\/wp\/v2\/posts"}],"about":[{"href":"https:\/\/diariodominicano.com\/index.php?rest_route=\/wp\/v2\/types\/post"}],"author":[{"embeddable":true,"href":"https:\/\/diariodominicano.com\/index.php?rest_route=\/wp\/v2\/users\/3"}],"replies":[{"embeddable":true,"href":"https:\/\/diariodominicano.com\/index.php?rest_route=%2Fwp%2Fv2%2Fcomments&post=255125"}],"version-history":[{"count":0,"href":"https:\/\/diariodominicano.com\/index.php?rest_route=\/wp\/v2\/posts\/255125\/revisions"}],"wp:attachment":[{"href":"https:\/\/diariodominicano.com\/index.php?rest_route=%2Fwp%2Fv2%2Fmedia&parent=255125"}],"wp:term":[{"taxonomy":"category","embeddable":true,"href":"https:\/\/diariodominicano.com\/index.php?rest_route=%2Fwp%2Fv2%2Fcategories&post=255125"},{"taxonomy":"post_tag","embeddable":true,"href":"https:\/\/diariodominicano.com\/index.php?rest_route=%2Fwp%2Fv2%2Ftags&post=255125"}],"curies":[{"name":"wp","href":"https:\/\/api.w.org\/{rel}","templated":true}]}}