{"id":255124,"date":"2015-03-03T13:42:25","date_gmt":"2015-03-03T13:42:25","guid":{"rendered":"http:\/\/diariodominicano.ddns.net\/?p=255124"},"modified":"2015-03-03T13:42:25","modified_gmt":"2015-03-03T13:42:25","slug":"lukashenko-destaca-cumplimiento-de-acuerdos-sobre-ucrania","status":"publish","type":"post","link":"https:\/\/diariodominicano.com\/?p=255124","title":{"rendered":"&#13;&#13;Lukashenko destaca cumplimiento de acuerdos sobre Ucrania"},"content":{"rendered":"<p><body><\/p>\n<p><img decoding=\"async\" src=\"img3\/lukashenko.jpg\" \/>  <\/p>\n<p><span class=\"text1noticias\">\t\t<\/span><\/p>\n<p><span class=\"text1noticias\">  <\/span><\/p>\n<\/p>\n<p><span class=\"text1noticias\">Mosc\u00fa, 3 mar (PL) El presidente de Belar\u00fas, Alexander Lukashenko, afirm\u00f3 hoy aqu\u00ed que el encuentro de l\u00edderes mundiales en Minsk fue constructivo y manifest\u00f3 convicci\u00f3n en la implementaci\u00f3n de los acuerdos para un arreglo del conflicto en Ucrania. <\/span><\/p>\n<\/p>\n<p><span class=\"text1noticias\">Lukashenko expres\u00f3 durante las conversaciones con su par ruso, Vladimir Putin, que mientras muchos dudaban de la efectividad de la cita presidencial del gran cuarteto de Normand\u00eda (Rusia, Alemania, Francia y Ucrania), el 11 y 12 de febrero \u00faltimo, la reuni\u00f3n demostr\u00f3 ser necesaria y arroj\u00f3 resultados concretos, dijo.<\/span><\/p>\n<\/p>\n<p><span class=\"text1noticias\">Asegur\u00f3 el l\u00edder belaruso que las decisiones adoptadas por los presidentes se realizan hoy y ratific\u00f3 la confianza en la implementaci\u00f3n de los acuerdos de Minsk-2, consistente en un paquete de 13 puntos, conciliados por los representantes de Kiev y del Donbass.<\/span><\/p>\n<\/p>\n<p><span class=\"text1noticias\">La tregua decretada el pasado 15 de febrero y la retirada del armamento pesado hacia la l\u00ednea de contenci\u00f3n representan el pre\u00e1mbulo para la implementaci\u00f3n del resto de los pasos tendientes a la apertura de un amplio di\u00e1logo entre las partes del conflicto y a una paz duradera en la exrep\u00fablica sovi\u00e9tica.<\/span><\/p>\n<\/p>\n<p><span class=\"text1noticias\">Putin y Lukashenko se reunieron este martes en privado para evaluar, adem\u00e1s, un amplio espectro de temas de las relaciones ruso-belarusas, antes de sesionar el Consejo Supremo del Estado Unidficado, previsto para este martes en el Kremlin.<\/span><\/p>\n<\/p>\n<p><span class=\"text1noticias\">Al respecto, el mandatario ruso puntualiz\u00f3 que el proyecto bilateral de Mosc\u00fa y Minsk en cuanto al Estado Unificado no contradice ni sustituye la creaci\u00f3n de un espacio econ\u00f3mico entre Rusia, Belar\u00fas y Kazajst\u00e1n, en referencia a la Uni\u00f3n Econ\u00f3mica Euroasi\u00e1tica, lanzada el 1 de enero de 2015.<\/span><\/p>\n<\/p>\n<p><span class=\"text1noticias\">Resalt\u00f3 Putin una serie de tareas acometidas en el orden de la integraci\u00f3n regional, pero las planteadas en el proyecto de Estado Unificado \u00abno son menos importantes\u00bb, y consider\u00f3 que se trata incluso de una agrupaci\u00f3n mucho m\u00e1s progresista en las cuestiones de car\u00e1cter social.<\/span><\/p>\n<\/p>\n<p><span class=\"text1noticias\">Desde la firma hace 15 a\u00f1os del Tratado del Estado Unificado, Mosc\u00fa y Minsk han sellado m\u00e1s de 150 convenios que constituyen los instrumentos de regulaci\u00f3n de las relaciones ruso-belarusas.<\/span><\/p>\n<\/p>\n<p><span class=\"text1noticias\">Precedieron a ese proyecto otras iniciativas de integraci\u00f3n como la Comunidad entre Rusia y Belar\u00fas (1996) y la Uni\u00f3n de Belar\u00fas y Rusia, que data de abril de 1997.<\/span><\/p>\n<\/p>\n<p><span class=\"text1noticias\">En paralelo, los jefes de Gobierno Dmitri Medv\u00e9dev y Andrei Kobyakov analizaron la propuesta de un plan anticrisis conjunto de cara a una oxigenaci\u00f3n de los nexos econ\u00f3mico-comerciales, a niveles que correspondan a las relaciones pol\u00edticas bilaterales actuales.<\/span><\/p>\n<\/p>\n<p><span class=\"text1noticias\">Anticip\u00f3 Medv\u00e9dev que las partes presentar\u00e1n un paquete de documentos a la sesi\u00f3n de trabajo conjunta, la cual debe redundar en resultados constructivos, reprodujo la agencia TASS.<\/span><\/p>\n<\/p>\n<p><span class=\"text1noticias\">Kobyakov, a su vez, cifr\u00f3 confianza en el cumplimiento del citado plan durante el primer semestre del a\u00f1o en curso, de manera que pueda restablecerse el intercambio comercial bilateral. En 2014, el indicador se contrajo en un 5,3 por ciento, respecto a 2013, y totaliz\u00f3 37 mil 600 millones de d\u00f3lares, seg\u00fan datos oficiales.<\/span><\/p>\n<\/p>\n<p><span class=\"text1noticias\">Rusia descuella como el principal socio comercial de Belar\u00fas, en tanto casi la mitad del intercambio de mercader\u00edas de Minsk procede de la Federaci\u00f3n.<\/span><\/p>\n<\/p>\n<p><span class=\"text1noticias\">Pese a los estrechos nexos dentro de las estructuras de integraci\u00f3n, Belar\u00fas ocupa el quinto puesto en el comercio ruso, despu\u00e9s de China, Holanda, Alemania e Italia.<\/span><\/p>\n<\/p>\n<p><span class=\"text1noticias\">Sin embargo, la vecina naci\u00f3n es el principal destino de las mercader\u00edas rusas dentro del espacio de la Comunidad de Estados Independientes.<\/span><\/p>\n<\/p>\n<h6> 2015-03-03 13:42:25 <\/h6>\n<p><!--\n<link rel=\"stylesheet\" href=\"css\/bootstrap.min.css\">\n\n\n<ul class=\"pagination\">\n\t    \n\t\n\n<li >\n\t<a href='?page_no=24768'>Previous<\/a>\n\t<\/li>\n\n\n       \n    \n\n<li><a href='?page_no=1'>1<\/a><\/li>\n\n\n\n<li><a href='?page_no=2'>2<\/a><\/li>\n\n\n\n<li><a>...<\/a><\/li>\n\n\n\n<li><a href='?page_no=24767'>24767<\/a><\/li>\n\n\n\n<li><a href='?page_no=24768'>24768<\/a><\/li>\n\n\n\n<li class='active'><a>24769<\/a><\/li>\n\n\n\n<li><a href='?page_no=24770'>24770<\/a><\/li>\n\n\n\n<li><a href='?page_no=24771'>24771<\/a><\/li>\n\n\n\n<li><a>...<\/a><\/li>\n\n\n\n<li><a href='?page_no=51012'>51012<\/a><\/li>\n\n\n\n<li><a href='?page_no=51013'>51013<\/a><\/li>\n\n    \n\t\n\n<li >\n\t<a href='?page_no=24770'>Next<\/a>\n\t<\/li>\n\n\n    \n\n<li><a href='?page_no=51013'>Last &rsaquo;&rsaquo;<\/a><\/li>\n\n<\/ul>\n\n\n--><br \/>\n<\/body><\/p>\n","protected":false},"excerpt":{"rendered":"<p>Mosc\u00fa, 3 mar (PL) El presidente de Belar\u00fas, Alexander Lukashenko, afirm\u00f3 hoy aqu\u00ed que el encuentro de l\u00edderes mundiales en Minsk fue constructivo y manifest\u00f3 convicci\u00f3n en la implementaci\u00f3n de los acuerdos para un arreglo del conflicto en Ucrania. Lukashenko expres\u00f3 durante las conversaciones con su par ruso, Vladimir Putin, que mientras muchos dudaban de [&hellip;]<\/p>\n","protected":false},"author":3,"featured_media":0,"comment_status":"open","ping_status":"open","sticky":false,"template":"","format":"standard","meta":{"footnotes":""},"categories":[23],"tags":[],"class_list":["post-255124","post","type-post","status-publish","format-standard","hentry","category-internacional"],"_links":{"self":[{"href":"https:\/\/diariodominicano.com\/index.php?rest_route=\/wp\/v2\/posts\/255124","targetHints":{"allow":["GET"]}}],"collection":[{"href":"https:\/\/diariodominicano.com\/index.php?rest_route=\/wp\/v2\/posts"}],"about":[{"href":"https:\/\/diariodominicano.com\/index.php?rest_route=\/wp\/v2\/types\/post"}],"author":[{"embeddable":true,"href":"https:\/\/diariodominicano.com\/index.php?rest_route=\/wp\/v2\/users\/3"}],"replies":[{"embeddable":true,"href":"https:\/\/diariodominicano.com\/index.php?rest_route=%2Fwp%2Fv2%2Fcomments&post=255124"}],"version-history":[{"count":0,"href":"https:\/\/diariodominicano.com\/index.php?rest_route=\/wp\/v2\/posts\/255124\/revisions"}],"wp:attachment":[{"href":"https:\/\/diariodominicano.com\/index.php?rest_route=%2Fwp%2Fv2%2Fmedia&parent=255124"}],"wp:term":[{"taxonomy":"category","embeddable":true,"href":"https:\/\/diariodominicano.com\/index.php?rest_route=%2Fwp%2Fv2%2Fcategories&post=255124"},{"taxonomy":"post_tag","embeddable":true,"href":"https:\/\/diariodominicano.com\/index.php?rest_route=%2Fwp%2Fv2%2Ftags&post=255124"}],"curies":[{"name":"wp","href":"https:\/\/api.w.org\/{rel}","templated":true}]}}