{"id":255119,"date":"2015-03-03T14:01:50","date_gmt":"2015-03-03T14:01:50","guid":{"rendered":"http:\/\/diariodominicano.ddns.net\/?p=255119"},"modified":"2015-03-03T14:01:50","modified_gmt":"2015-03-03T14:01:50","slug":"cuba-llama-a-acciones-concretas-en-tema-de-desarme-nuclear","status":"publish","type":"post","link":"https:\/\/diariodominicano.com\/?p=255119","title":{"rendered":"&#13;&#13;Cuba llama a acciones concretas en tema de desarme nuclear"},"content":{"rendered":"<p><body><\/p>\n<p><img decoding=\"async\" src=\"img3\/bruno_ginebra.jpg\" \/>  <\/p>\n<p><span class=\"text1noticias\">\t\t<\/span><\/p>\n<p><span class=\"text1noticias\">  <\/span><\/p>\n<\/p>\n<p><span class=\"text1noticias\">Ginebra, 3 mar (PL) El canciller cubano Bruno Rodr\u00edguez, remarc\u00f3 hoy aqu\u00ed la necesidad de implementar acciones concretas para alcanzar \u00abel mundo libre de armas nucleares al que aspiramos\u00bb.<\/span><\/p>\n<\/p>\n<p><span class=\"text1noticias\">Es indispensable un nuevo orden mundial basado en la paz, la solidaridad humana y la justicia social, se\u00f1al\u00f3 al intervenir ante la Conferencia de Desarme, en esta ciudad.<\/span><\/p>\n<\/p>\n<p><span class=\"text1noticias\">Los gastos millonarios que se hacen en armas, deber\u00edan destinarse a fomentar la paz, el desarrollo econ\u00f3mico y social y una vida digna para todos los seres humanos, recalc\u00f3 Rodr\u00edguez.<\/span><\/p>\n<\/p>\n<p><span class=\"text1noticias\">Por ello, el desarme nuclear no puede ser un objetivo continuamente pospuesto. Condenamos la funci\u00f3n de las armas nucleares dentro de las doctrinas, pol\u00edticas y estrategias de seguridad y la amenaza de su uso. Reclamamos asimismo el respeto al derecho inalienable al uso pac\u00edfico de la energ\u00eda nuclear, a\u00f1adi\u00f3.<\/span><\/p>\n<\/p>\n<p><span class=\"text1noticias\">Urge que la Conferencia adopte un programa de trabajo amplio y balanceado que tome en cuenta las prioridades reales en materia de desarme. Es importante que este foro no ceda a la falta de voluntad pol\u00edtica de unos pocos pa\u00edses, apunt\u00f3.<\/span><\/p>\n<\/p>\n<p><span class=\"text1noticias\">Si cumpliera con su mandato, a\u00f1adi\u00f3, podr\u00eda realizar una importante contribuci\u00f3n para romper el estatus quo y salir de la par\u00e1lisis de la maquinaria de desarme que solo beneficia a los poderosos.<\/span><\/p>\n<\/p>\n<p><span class=\"text1noticias\">El funcionario afirm\u00f3 que la Conferencia est\u00e1 preparada para negociar varios temas simult\u00e1neamente, incluyendo un tratado que elimine y proh\u00edba las armas nucleares y otro que proh\u00edba la carrera de armamentos en el espacio ultraterrestre.<\/span><\/p>\n<\/p>\n<p><span class=\"text1noticias\">Tiene la importante responsabilidad de actuar a la altura de las leg\u00edtimas expectativas de la comunidad internacional y de contribuir de manera decisiva a la paz y la seguridad internacionales, y a la supervivencia de la especie humana, amenazada por enormes arsenales nucleares y por el cambio clim\u00e1tico.<\/span><\/p>\n<\/p>\n<p><span class=\"text1noticias\">Tambi\u00e9n se refiri\u00f3 a la importancia de acuerdos que brinden garant\u00edas de seguridad efectivas para los Estados que, como Cuba, no son poseedores de armas nucleares, y abog\u00f3 por un tratado que proh\u00edba la producci\u00f3n de material fisionable para la fabricaci\u00f3n de armas nucleares u otros dispositivos explosivos nucleares, y que abarque tambi\u00e9n las existencias.<\/span><\/p>\n<\/p>\n<p><span class=\"text1noticias\">Debe ser compromiso de todos los miembros de las Conferencia contribuir al \u00e9xito de la Conferencia Internacional de Alto Nivel de las Naciones Unidas sobre el Desarmen Nuclear, que tendr\u00e1 lugar a m\u00e1s tardar en 2018, recalc\u00f3.<\/span><\/p>\n<\/p>\n<p><span class=\"text1noticias\">En lo que constituye un hito hist\u00f3rico, record\u00f3 Rodr\u00edguez, en la II Cumbre de la Comunidad de Estados Latinoamericanos y Caribe\u00f1os (Celac), celebrada en La Habana en enero de 2014, la regi\u00f3n de Am\u00e9rica Latina y el Caribe se proclam\u00f3 formalmente como Zona de Paz.<\/span><\/p>\n<\/p>\n<p><span class=\"text1noticias\">En dicha proclama se enfatiz\u00f3 el firme compromiso de los miembros de la Celac con la promoci\u00f3n del desarme nuclear como objetivo prioritario, agreg\u00f3.<\/span><\/p>\n<\/p>\n<h6> 2015-03-03 14:01:50 <\/h6>\n<p><!--\n<link rel=\"stylesheet\" href=\"css\/bootstrap.min.css\">\n\n\n<ul class=\"pagination\">\n\t    \n\t\n\n<li >\n\t<a href='?page_no=24763'>Previous<\/a>\n\t<\/li>\n\n\n       \n    \n\n<li><a href='?page_no=1'>1<\/a><\/li>\n\n\n\n<li><a href='?page_no=2'>2<\/a><\/li>\n\n\n\n<li><a>...<\/a><\/li>\n\n\n\n<li><a href='?page_no=24762'>24762<\/a><\/li>\n\n\n\n<li><a href='?page_no=24763'>24763<\/a><\/li>\n\n\n\n<li class='active'><a>24764<\/a><\/li>\n\n\n\n<li><a href='?page_no=24765'>24765<\/a><\/li>\n\n\n\n<li><a href='?page_no=24766'>24766<\/a><\/li>\n\n\n\n<li><a>...<\/a><\/li>\n\n\n\n<li><a href='?page_no=51012'>51012<\/a><\/li>\n\n\n\n<li><a href='?page_no=51013'>51013<\/a><\/li>\n\n    \n\t\n\n<li >\n\t<a href='?page_no=24765'>Next<\/a>\n\t<\/li>\n\n\n    \n\n<li><a href='?page_no=51013'>Last &rsaquo;&rsaquo;<\/a><\/li>\n\n<\/ul>\n\n\n--><br \/>\n<\/body><\/p>\n","protected":false},"excerpt":{"rendered":"<p>Ginebra, 3 mar (PL) El canciller cubano Bruno Rodr\u00edguez, remarc\u00f3 hoy aqu\u00ed la necesidad de implementar acciones concretas para alcanzar \u00abel mundo libre de armas nucleares al que aspiramos\u00bb. Es indispensable un nuevo orden mundial basado en la paz, la solidaridad humana y la justicia social, se\u00f1al\u00f3 al intervenir ante la Conferencia de Desarme, en [&hellip;]<\/p>\n","protected":false},"author":3,"featured_media":0,"comment_status":"open","ping_status":"open","sticky":false,"template":"","format":"standard","meta":{"footnotes":""},"categories":[23],"tags":[],"class_list":["post-255119","post","type-post","status-publish","format-standard","hentry","category-internacional"],"_links":{"self":[{"href":"https:\/\/diariodominicano.com\/index.php?rest_route=\/wp\/v2\/posts\/255119","targetHints":{"allow":["GET"]}}],"collection":[{"href":"https:\/\/diariodominicano.com\/index.php?rest_route=\/wp\/v2\/posts"}],"about":[{"href":"https:\/\/diariodominicano.com\/index.php?rest_route=\/wp\/v2\/types\/post"}],"author":[{"embeddable":true,"href":"https:\/\/diariodominicano.com\/index.php?rest_route=\/wp\/v2\/users\/3"}],"replies":[{"embeddable":true,"href":"https:\/\/diariodominicano.com\/index.php?rest_route=%2Fwp%2Fv2%2Fcomments&post=255119"}],"version-history":[{"count":0,"href":"https:\/\/diariodominicano.com\/index.php?rest_route=\/wp\/v2\/posts\/255119\/revisions"}],"wp:attachment":[{"href":"https:\/\/diariodominicano.com\/index.php?rest_route=%2Fwp%2Fv2%2Fmedia&parent=255119"}],"wp:term":[{"taxonomy":"category","embeddable":true,"href":"https:\/\/diariodominicano.com\/index.php?rest_route=%2Fwp%2Fv2%2Fcategories&post=255119"},{"taxonomy":"post_tag","embeddable":true,"href":"https:\/\/diariodominicano.com\/index.php?rest_route=%2Fwp%2Fv2%2Ftags&post=255119"}],"curies":[{"name":"wp","href":"https:\/\/api.w.org\/{rel}","templated":true}]}}