{"id":255118,"date":"2015-03-03T14:13:00","date_gmt":"2015-03-03T14:13:00","guid":{"rendered":"http:\/\/diariodominicano.ddns.net\/?p=255118"},"modified":"2015-03-03T14:13:00","modified_gmt":"2015-03-03T14:13:00","slug":"galas-y-protestas-para-recibir-a-pena-nieto-en-londres","status":"publish","type":"post","link":"https:\/\/diariodominicano.com\/?p=255118","title":{"rendered":"&#13;&#13;&#13;Galas y protestas para recibir a Pe\u00f1a Nieto en Londres\t\t\t&#13;"},"content":{"rendered":"<p><body><\/p>\n<p><img decoding=\"async\" src=\"img3\/nietomex.jpg\" \/>  <\/p>\n<\/p>\n<p><span class=\"text1noticias\">Londres, 3 mar (PL) Mientras la reina Isabel II del Reino Unido recibi\u00f3 con galas y honores al presidente de Mexico, Enrique Pe\u00f1a Nieto, grupos de ciudadanos preparan protestas contra el mandatario por la violencia que persiste en esa naci\u00f3n latinoamericana.<\/span><\/p>\n<\/p>\n<p><span class=\"text1noticias\">El visitante comenz\u00f3 hoy una visita oficial y fue recibido en ceremonia militar por la monarca, acto en el cual tambi\u00e9n estuvieron presentes el primer ministro David Cameron y varios miembros del gobierno.<\/span><\/p>\n<\/p>\n<p><span class=\"text1noticias\">Isabel II ofrecer\u00e1 esta tarde un almuerzo a Pe\u00f1a Nieto, cuya presencia en suelo brit\u00e1nico -dirigida a afianzar lazos comerciales, culturales y acad\u00e9micos- se ve ensombrecida por la cada vez m\u00e1s evidente violencia en M\u00e9xico, y en particular, el caso de los 43 estudiantes desaparecidos en Iguala, estado de Guerrero.<\/span><\/p>\n<\/p>\n<p><span class=\"text1noticias\">Grupos de mexicanos residentes en Reino Unido preparan manifestaciones contra el presidente por lo que consideran una crisis de los derechos humanos, dadas las desapariciones, los asesinatos y la deficiente acci\u00f3n judicial al respecto.<\/span><\/p>\n<\/p>\n<p><span class=\"text1noticias\">El propio jefe de Estado acept\u00f3 la gravedad del asunto en una entrevista concedida al Financial Times, en la cual expres\u00f3 que en su pa\u00eds existe un ambiente de incredulidad y desconfianza luego de la desaparici\u00f3n de los estudiantes normalistas, el 27 de septiembre de 2014, caso todav\u00eda no resuelto por la justicia.<\/span><\/p>\n<\/p>\n<p><span class=\"text1noticias\">Seg\u00fan el texto, el mandatario qued\u00f3 moment\u00e1neamente sin palabras ante la interrogante de por qu\u00e9 nunca visit\u00f3 Iguala tras los hechos.<\/span><\/p>\n<\/p>\n<p><span class=\"text1noticias\">Poco despu\u00e9s respondi\u00f3: \u00abEso no significa que no hemos hecho lo que se debe. El Presidente no tiene por qu\u00e9 ir en persona; tenemos gobernantes ah\u00ed\u00bb.<\/span><\/p>\n<\/p>\n<p><span class=\"text1noticias\">Como parte de la estancia de tres d\u00edas en Reino Unido, el visitante ser\u00e1 recibido ma\u00f1ana por el primer ministro, cita en la cual se prev\u00e9 que Cameron exprese la inquietud por la situaci\u00f3n.<\/span><\/p>\n<\/p>\n<p><span class=\"text1noticias\">De acuerdo con un portavoz oficial, se espera que el gobernante brit\u00e1nico manifieste la preocupaci\u00f3n por la cuesti\u00f3n de los derechos humanos, y por ejemplo, por el funcionamiento del sistema judicial en la naci\u00f3n latinoamericana.<\/span><\/p>\n<\/p>\n<p><span class=\"text1noticias\">No obstante, la c\u00e1lida acogida dada por la oficialidad brit\u00e1nica est\u00e1 siendo motivo de cr\u00edtica y cuestionamientos.<\/span><\/p>\n<\/p>\n<p><span class=\"text1noticias\">El miembro del grupo de solidaridad Londres-M\u00e9xico Mijael Jim\u00e9nez dijo al sitio de noticias ViceNews que \u00absi el gobierno brit\u00e1nico acepta el di\u00e1logo con su par mexicano, entonces se convierte en c\u00f3mplice en la crisis\u00bb.<\/span><\/p>\n<\/p>\n<p><span class=\"text1noticias\">La agrupaci\u00f3n Yo soy 132 escribi\u00f3 una carta a la Reina para comunicarle la inconformidad por el recibimiento, y es uno de los que prepara protestas.<\/span><\/p>\n<\/p>\n<h6> 2015-03-03 14:13:00 <\/h6>\n<p><!--\n<link rel=\"stylesheet\" href=\"css\/bootstrap.min.css\">\n\n\n<ul class=\"pagination\">\n\t    \n\t\n\n<li >\n\t<a href='?page_no=24762'>Previous<\/a>\n\t<\/li>\n\n\n       \n    \n\n<li><a href='?page_no=1'>1<\/a><\/li>\n\n\n\n<li><a href='?page_no=2'>2<\/a><\/li>\n\n\n\n<li><a>...<\/a><\/li>\n\n\n\n<li><a href='?page_no=24761'>24761<\/a><\/li>\n\n\n\n<li><a href='?page_no=24762'>24762<\/a><\/li>\n\n\n\n<li class='active'><a>24763<\/a><\/li>\n\n\n\n<li><a href='?page_no=24764'>24764<\/a><\/li>\n\n\n\n<li><a href='?page_no=24765'>24765<\/a><\/li>\n\n\n\n<li><a>...<\/a><\/li>\n\n\n\n<li><a href='?page_no=51012'>51012<\/a><\/li>\n\n\n\n<li><a href='?page_no=51013'>51013<\/a><\/li>\n\n    \n\t\n\n<li >\n\t<a href='?page_no=24764'>Next<\/a>\n\t<\/li>\n\n\n    \n\n<li><a href='?page_no=51013'>Last &rsaquo;&rsaquo;<\/a><\/li>\n\n<\/ul>\n\n\n--><br \/>\n<\/body><\/p>\n","protected":false},"excerpt":{"rendered":"<p>Londres, 3 mar (PL) Mientras la reina Isabel II del Reino Unido recibi\u00f3 con galas y honores al presidente de Mexico, Enrique Pe\u00f1a Nieto, grupos de ciudadanos preparan protestas contra el mandatario por la violencia que persiste en esa naci\u00f3n latinoamericana. El visitante comenz\u00f3 hoy una visita oficial y fue recibido en ceremonia militar por [&hellip;]<\/p>\n","protected":false},"author":3,"featured_media":0,"comment_status":"open","ping_status":"open","sticky":false,"template":"","format":"standard","meta":{"footnotes":""},"categories":[23],"tags":[],"class_list":["post-255118","post","type-post","status-publish","format-standard","hentry","category-internacional"],"_links":{"self":[{"href":"https:\/\/diariodominicano.com\/index.php?rest_route=\/wp\/v2\/posts\/255118","targetHints":{"allow":["GET"]}}],"collection":[{"href":"https:\/\/diariodominicano.com\/index.php?rest_route=\/wp\/v2\/posts"}],"about":[{"href":"https:\/\/diariodominicano.com\/index.php?rest_route=\/wp\/v2\/types\/post"}],"author":[{"embeddable":true,"href":"https:\/\/diariodominicano.com\/index.php?rest_route=\/wp\/v2\/users\/3"}],"replies":[{"embeddable":true,"href":"https:\/\/diariodominicano.com\/index.php?rest_route=%2Fwp%2Fv2%2Fcomments&post=255118"}],"version-history":[{"count":0,"href":"https:\/\/diariodominicano.com\/index.php?rest_route=\/wp\/v2\/posts\/255118\/revisions"}],"wp:attachment":[{"href":"https:\/\/diariodominicano.com\/index.php?rest_route=%2Fwp%2Fv2%2Fmedia&parent=255118"}],"wp:term":[{"taxonomy":"category","embeddable":true,"href":"https:\/\/diariodominicano.com\/index.php?rest_route=%2Fwp%2Fv2%2Fcategories&post=255118"},{"taxonomy":"post_tag","embeddable":true,"href":"https:\/\/diariodominicano.com\/index.php?rest_route=%2Fwp%2Fv2%2Ftags&post=255118"}],"curies":[{"name":"wp","href":"https:\/\/api.w.org\/{rel}","templated":true}]}}