{"id":255117,"date":"2015-03-04T13:04:12","date_gmt":"2015-03-04T13:04:12","guid":{"rendered":"http:\/\/diariodominicano.ddns.net\/?p=255117"},"modified":"2015-03-04T13:04:12","modified_gmt":"2015-03-04T13:04:12","slug":"capturan-al-lider-del-cartel-de-los-zetas-oscar-omar-trevino","status":"publish","type":"post","link":"https:\/\/diariodominicano.com\/?p=255117","title":{"rendered":"Capturan al l\u00edder del c\u00e1rtel de Los Zetas, Oscar Omar Trevi\u00f1o"},"content":{"rendered":"<p><body><\/p>\n<p><img decoding=\"async\" src=\"img3\/zeta 4.jpg\" \/><br \/><img decoding=\"async\" src=\"img3\/lider 4.jpg\" \/>  <\/p>\n<p>LA MADRUGADA DE HOY<\/p>\n<p>Detienen al l\u00edder del c\u00e1rtel de Los Zetas en el noreste de M\u00e9xico<\/p>\n<p>LA CAPTURA, REALIZADA EN UNA OPERACI\u00d3N CONJUNTA DE LA POLIC\u00cdA FEDERAL Y EL EJ\u00c9RCITO MEXICANO, SE PRODUJO SIN DISPARAR UN SOLO TIRO<\/p>\n<\/p>\n<\/p>\n<\/p>\n<p>M\u00e9xico<\/p>\n<p>Las autoridades mexicanas capturaron la madrugada de hoy al l\u00edder de la organizaci\u00f3n criminal de Los Zetas, \u00d3scar Omar Trevi\u00f1o, en una operaci\u00f3n realizada en el norte\u00f1o estado de Nuevo Le\u00f3n, confirmaron a Efe fuentes oficiales.<\/p>\n<\/p>\n<p>Una fuente de la Polic\u00eda Federal indic\u00f3 que la detenci\u00f3n de Trevi\u00f1o, alias el \u00abZ-42\u00bb, se llev\u00f3 a cabo alrededor de las 04.00 hora local (10.00 GMT) en el municipio de San Pedro Garza Garc\u00eda, en el nororiental estado de Nuevo Le\u00f3n, fronterizo con EE.UU.<\/p>\n<\/p>\n<p>La captura, realizada en una operaci\u00f3n conjunta de la Polic\u00eda Federal y el Ej\u00e9rcito mexicano, se produjo sin disparar un solo tiro, precis\u00f3.<\/p>\n<\/p>\n<p>Las autoridades mexicanas ofrec\u00edan una recompensa de 30 millones de pesos (unos 2 millones de d\u00f3lares) por informaci\u00f3n que llevara a su captura, mientras que la del Gobierno de EE.UU. sumaba 5 millones de d\u00f3lares.<\/p>\n<\/p>\n<p>Trevi\u00f1o asumi\u00f3 el liderazgo del c\u00e1rtel m\u00e1s sanguinario de M\u00e9xico tras el arresto de su hermano Miguel \u00c1ngel Trevi\u00f1o Morales, alias el \u00abZ-40\u00bb, el 15 de julio de 2013 en la localidad de Nuevo Laredo, en el estado de Tamaulipas.<\/p>\n<\/p>\n<p>Este grupo criminal, el segundo m\u00e1s grande del pa\u00eds despu\u00e9s del c\u00e1rtel de Sinaloa, empez\u00f3 a debilitarse en octubre de 2012 con la muerte de Heriberto Lazcano, alias el \u00abLazca\u00bb, en un enfrentamiento con la Marina.<\/p>\n<\/p>\n<p>Los Zetas, un grupo integrado por desertores del Ej\u00e9rcito en 1999, surgieron como brazo armado del c\u00e1rtel del Golfo, pero en 2010 se separaron y desde entonces han protagonizado los episodios de violencia m\u00e1s cruentos del pa\u00eds.<\/p>\n<\/p>\n<p>Las autoridades mexicanas acusan a \u00d3scar Omar Trevi\u00f1o, de 41 a\u00f1os, de los delitos de delincuencia organizada y porte de armas de fuego de uso exclusivo de las Fuerzas Armadas.<\/p>\n<\/p>\n<p>Con esta detenci\u00f3n, ascienden ya a 91 los miembros de organizaciones criminales detenidos o abatidos de un total de 122 objetivos prioritarios fijados por el Gobierno de Enrique Pe\u00f1a Nieto desde el inicio del mandato en diciembre de 2012.<\/p>\n<\/p>\n<p>Apenas el viernes pasado el Gobierno mexicano asest\u00f3 otro importante golpe al narcotr\u00e1fico, al capturar en una operaci\u00f3n sin disparos al m\u00e1ximo dirigente de Los Caballeros Templarios, Servando G\u00f3mez, en Morelia, la capital del suroccidental estado de Michoac\u00e1n.<\/p>\n<h6> 2015-03-04 13:04:12 <\/h6>\n<p><!--\n<link rel=\"stylesheet\" href=\"css\/bootstrap.min.css\">\n\n\n<ul class=\"pagination\">\n\t    \n\t\n\n<li >\n\t<a href='?page_no=24761'>Previous<\/a>\n\t<\/li>\n\n\n       \n    \n\n<li><a href='?page_no=1'>1<\/a><\/li>\n\n\n\n<li><a href='?page_no=2'>2<\/a><\/li>\n\n\n\n<li><a>...<\/a><\/li>\n\n\n\n<li><a href='?page_no=24760'>24760<\/a><\/li>\n\n\n\n<li><a href='?page_no=24761'>24761<\/a><\/li>\n\n\n\n<li class='active'><a>24762<\/a><\/li>\n\n\n\n<li><a href='?page_no=24763'>24763<\/a><\/li>\n\n\n\n<li><a href='?page_no=24764'>24764<\/a><\/li>\n\n\n\n<li><a>...<\/a><\/li>\n\n\n\n<li><a href='?page_no=51012'>51012<\/a><\/li>\n\n\n\n<li><a href='?page_no=51013'>51013<\/a><\/li>\n\n    \n\t\n\n<li >\n\t<a href='?page_no=24763'>Next<\/a>\n\t<\/li>\n\n\n    \n\n<li><a href='?page_no=51013'>Last &rsaquo;&rsaquo;<\/a><\/li>\n\n<\/ul>\n\n\n--><br \/>\n<\/body><\/p>\n","protected":false},"excerpt":{"rendered":"<p>LA MADRUGADA DE HOY Detienen al l\u00edder del c\u00e1rtel de Los Zetas en el noreste de M\u00e9xico LA CAPTURA, REALIZADA EN UNA OPERACI\u00d3N CONJUNTA DE LA POLIC\u00cdA FEDERAL Y EL EJ\u00c9RCITO MEXICANO, SE PRODUJO SIN DISPARAR UN SOLO TIRO M\u00e9xico Las autoridades mexicanas capturaron la madrugada de hoy al l\u00edder de la organizaci\u00f3n criminal de [&hellip;]<\/p>\n","protected":false},"author":3,"featured_media":0,"comment_status":"open","ping_status":"open","sticky":false,"template":"","format":"standard","meta":{"footnotes":""},"categories":[23],"tags":[],"class_list":["post-255117","post","type-post","status-publish","format-standard","hentry","category-internacional"],"_links":{"self":[{"href":"https:\/\/diariodominicano.com\/index.php?rest_route=\/wp\/v2\/posts\/255117","targetHints":{"allow":["GET"]}}],"collection":[{"href":"https:\/\/diariodominicano.com\/index.php?rest_route=\/wp\/v2\/posts"}],"about":[{"href":"https:\/\/diariodominicano.com\/index.php?rest_route=\/wp\/v2\/types\/post"}],"author":[{"embeddable":true,"href":"https:\/\/diariodominicano.com\/index.php?rest_route=\/wp\/v2\/users\/3"}],"replies":[{"embeddable":true,"href":"https:\/\/diariodominicano.com\/index.php?rest_route=%2Fwp%2Fv2%2Fcomments&post=255117"}],"version-history":[{"count":0,"href":"https:\/\/diariodominicano.com\/index.php?rest_route=\/wp\/v2\/posts\/255117\/revisions"}],"wp:attachment":[{"href":"https:\/\/diariodominicano.com\/index.php?rest_route=%2Fwp%2Fv2%2Fmedia&parent=255117"}],"wp:term":[{"taxonomy":"category","embeddable":true,"href":"https:\/\/diariodominicano.com\/index.php?rest_route=%2Fwp%2Fv2%2Fcategories&post=255117"},{"taxonomy":"post_tag","embeddable":true,"href":"https:\/\/diariodominicano.com\/index.php?rest_route=%2Fwp%2Fv2%2Ftags&post=255117"}],"curies":[{"name":"wp","href":"https:\/\/api.w.org\/{rel}","templated":true}]}}