{"id":255115,"date":"2015-03-04T13:43:07","date_gmt":"2015-03-04T13:43:07","guid":{"rendered":"http:\/\/diariodominicano.ddns.net\/?p=255115"},"modified":"2015-03-04T13:43:07","modified_gmt":"2015-03-04T13:43:07","slug":"mujica-apoya-candidatura-de-su-esposa-a-intendencia-de-montevideo","status":"publish","type":"post","link":"https:\/\/diariodominicano.com\/?p=255115","title":{"rendered":"&#13;Mujica apoya candidatura de su esposa a Intendencia de Montevideo"},"content":{"rendered":"<p><body><\/p>\n<p><img decoding=\"async\" src=\"img3\/mujica-senado.jpg\" \/>  <\/p>\n<p><span class=\"text1noticias\">\t\t<\/span><\/p>\n<p><span class=\"text1noticias\">  <\/span><\/p>\n<\/p>\n<p><span class=\"text1noticias\">Montevideo, 4 mar (PL) El expresidente y actual senador Jos\u00e9 Mujica ser\u00e1 el principal orador en el lanzamiento el s\u00e1bado de la campa\u00f1a electoral de su esposa, Luc\u00eda Topolansky, por la Intendencia de Montevideo.<\/span><\/p>\n<\/p>\n<p><span class=\"text1noticias\">Las elecciones municipales se efectuar\u00e1n el venidero 10 de mayo en los 19 departamentos del pa\u00eds.<\/span><\/p>\n<\/p>\n<p><span class=\"text1noticias\">En la capital, Topolansky compite con otros dos precandidatos del gobernante Frente Amplio (FA), y el Partido de la Concertaci\u00f3n, que agrupa a los opositores partidos Nacional y Colorado.<\/span><\/p>\n<\/p>\n<p><span class=\"text1noticias\">Sin embargo, los otros candidatos del FA, Daniel Mart\u00ednez y Virginia Cardozo, tambi\u00e9n estar\u00e1n presentes en lo que se ha descrito como un \u00abgesto solidario\u00bb. Mart\u00ednez, del Partido Socialista, integrante del FA, lanzar\u00e1 su campa\u00f1a el pr\u00f3ximo d\u00eda 14, mientras que Cardozo, del Partido por la Victoria del Pueblo (PVP), a\u00fan no anunci\u00f3 fecha para ese paso.<\/span><\/p>\n<\/p>\n<p><span class=\"text1noticias\">Topolansky encabeza las m\u00e1s recientes encuestas para reemplazar por un per\u00edodo de cinco a\u00f1os a la actual Intendenta Ana Olivera, tambi\u00e9n del FA.<\/span><\/p>\n<\/p>\n<p><span class=\"text1noticias\">Los organizadores del acto, que se realizar\u00e1 en la c\u00e9ntrica Plaza L\u00edber Seregni, anunciaron la presencia adem\u00e1s de destacados artistas, como el folklorista Rub\u00e9n Rada.<\/span><\/p>\n<h6> 2015-03-04 13:43:07 <\/h6>\n<p><!--\n<link rel=\"stylesheet\" href=\"css\/bootstrap.min.css\">\n\n\n<ul class=\"pagination\">\n\t    \n\t\n\n<li >\n\t<a href='?page_no=24759'>Previous<\/a>\n\t<\/li>\n\n\n       \n    \n\n<li><a href='?page_no=1'>1<\/a><\/li>\n\n\n\n<li><a href='?page_no=2'>2<\/a><\/li>\n\n\n\n<li><a>...<\/a><\/li>\n\n\n\n<li><a href='?page_no=24758'>24758<\/a><\/li>\n\n\n\n<li><a href='?page_no=24759'>24759<\/a><\/li>\n\n\n\n<li class='active'><a>24760<\/a><\/li>\n\n\n\n<li><a href='?page_no=24761'>24761<\/a><\/li>\n\n\n\n<li><a href='?page_no=24762'>24762<\/a><\/li>\n\n\n\n<li><a>...<\/a><\/li>\n\n\n\n<li><a href='?page_no=51012'>51012<\/a><\/li>\n\n\n\n<li><a href='?page_no=51013'>51013<\/a><\/li>\n\n    \n\t\n\n<li >\n\t<a href='?page_no=24761'>Next<\/a>\n\t<\/li>\n\n\n    \n\n<li><a href='?page_no=51013'>Last &rsaquo;&rsaquo;<\/a><\/li>\n\n<\/ul>\n\n\n--><br \/>\n<\/body><\/p>\n","protected":false},"excerpt":{"rendered":"<p>Montevideo, 4 mar (PL) El expresidente y actual senador Jos\u00e9 Mujica ser\u00e1 el principal orador en el lanzamiento el s\u00e1bado de la campa\u00f1a electoral de su esposa, Luc\u00eda Topolansky, por la Intendencia de Montevideo. Las elecciones municipales se efectuar\u00e1n el venidero 10 de mayo en los 19 departamentos del pa\u00eds. En la capital, Topolansky compite [&hellip;]<\/p>\n","protected":false},"author":3,"featured_media":0,"comment_status":"open","ping_status":"open","sticky":false,"template":"","format":"standard","meta":{"footnotes":""},"categories":[23],"tags":[],"class_list":["post-255115","post","type-post","status-publish","format-standard","hentry","category-internacional"],"_links":{"self":[{"href":"https:\/\/diariodominicano.com\/index.php?rest_route=\/wp\/v2\/posts\/255115","targetHints":{"allow":["GET"]}}],"collection":[{"href":"https:\/\/diariodominicano.com\/index.php?rest_route=\/wp\/v2\/posts"}],"about":[{"href":"https:\/\/diariodominicano.com\/index.php?rest_route=\/wp\/v2\/types\/post"}],"author":[{"embeddable":true,"href":"https:\/\/diariodominicano.com\/index.php?rest_route=\/wp\/v2\/users\/3"}],"replies":[{"embeddable":true,"href":"https:\/\/diariodominicano.com\/index.php?rest_route=%2Fwp%2Fv2%2Fcomments&post=255115"}],"version-history":[{"count":0,"href":"https:\/\/diariodominicano.com\/index.php?rest_route=\/wp\/v2\/posts\/255115\/revisions"}],"wp:attachment":[{"href":"https:\/\/diariodominicano.com\/index.php?rest_route=%2Fwp%2Fv2%2Fmedia&parent=255115"}],"wp:term":[{"taxonomy":"category","embeddable":true,"href":"https:\/\/diariodominicano.com\/index.php?rest_route=%2Fwp%2Fv2%2Fcategories&post=255115"},{"taxonomy":"post_tag","embeddable":true,"href":"https:\/\/diariodominicano.com\/index.php?rest_route=%2Fwp%2Fv2%2Ftags&post=255115"}],"curies":[{"name":"wp","href":"https:\/\/api.w.org\/{rel}","templated":true}]}}