{"id":255113,"date":"2015-03-04T13:52:18","date_gmt":"2015-03-04T13:52:18","guid":{"rendered":"http:\/\/diariodominicano.ddns.net\/?p=255113"},"modified":"2015-03-04T13:52:18","modified_gmt":"2015-03-04T13:52:18","slug":"farc-ep-pide-apertura-de-archivos-para-verdad-sobre-conflicto","status":"publish","type":"post","link":"https:\/\/diariodominicano.com\/?p=255113","title":{"rendered":"&#13;&#13;&#13;FARC-EP pide apertura de archivos para verdad sobre conflicto"},"content":{"rendered":"<p><body><\/p>\n<p><img decoding=\"async\" src=\"img3\/cuba_farcep_joaquingomez.jpg\" \/>  <\/p>\n<p><span class=\"text1noticias\">\t\t<\/span><\/p>\n<p><span class=\"text1noticias\">  <\/span><\/p>\n<\/p>\n<p><span class=\"text1noticias\">La Habana, 4 mar (PL) Las FARC-EP pidieron hoy la apertura y desclasificaci\u00f3n de archivos oficiales y la puesta en marcha de la Comisi\u00f3n de Esclarecimiento y No Repetici\u00f3n, en aras de desentra\u00f1ar la verdad sobre el conflicto armado en Colombia.<\/span><\/p>\n<\/p>\n<p><span class=\"text1noticias\">Como parte de los di\u00e1logos de paz que adelantan aqu\u00ed desde 2012 con el Gobierno de Juan Manuel Santos, las Fuerzas Armadas Revolucionarias de Colombia-Ej\u00e9rcito del Pueblo (FARC-EP), consideraron el esclarecimiento de la verdad hist\u00f3rica como imperativo \u00e9tico y pol\u00edtico para con las v\u00edctimas del conflicto y la sociedad colombiana.<\/span><\/p>\n<\/p>\n<p><span class=\"text1noticias\">Para ello, la insurgencia -a trav\u00e9s del comandante Joaqu\u00edn G\u00f3mez- propuso la conformaci\u00f3n de la denominada Comisi\u00f3n de Esclarecimiento y No Repetici\u00f3n (Cenre) que se encargue de la recolecci\u00f3n de informaci\u00f3n, investigaci\u00f3n y esclarecimiento de la verdad sobre el conflicto y sus v\u00edctimas.<\/span><\/p>\n<\/p>\n<p><span class=\"text1noticias\">En ese contexto, G\u00f3mez solicit\u00f3 la apertura de los archivos oficiales de las instituciones y organismos del Estado inmersos en la confrontaci\u00f3n y la desclasificaci\u00f3n definitiva de la informaci\u00f3n reservada sobre los asuntos relacionados con el conflicto y su persistencia.<\/span><\/p>\n<\/p>\n<p><span class=\"text1noticias\">De manera especial, se pondr\u00e1n a disposici\u00f3n las actas de las reuniones de los Consejos de Ministros y de las reuniones reservadas del Congreso de la Rep\u00fablica, as\u00ed como los Archivos de las fuerzas militares y de Polic\u00eda y de los organismos de inteligencia, enfatiz\u00f3 el vocero insurgente.<\/span><\/p>\n<\/p>\n<p><span class=\"text1noticias\">G\u00f3mez propuso la conformaci\u00f3n de una Comisi\u00f3n de archivo y acceso a la informaci\u00f3n reservada, integrada por expertos y un representante de las FARC-EP, que deber\u00e1 organizar y poner en marcha el proceso de apertura y desclasificaci\u00f3n de archivos y acopiar informaci\u00f3n en poder del Gobierno de Estados Unidos, para lo cual se adelantar\u00e1n tr\u00e1mites.<\/span><\/p>\n<\/p>\n<p><span class=\"text1noticias\">Seg\u00fan explic\u00f3, la informaci\u00f3n acopiada se pondr\u00e1 al servicio de la Cenre y de los historiadores y dem\u00e1s investigadores sociales del conflicto.<\/span><\/p>\n<\/p>\n<p><span class=\"text1noticias\">Asimismo, la insurgencia inst\u00f3 a la puesta en marcha de una Comisi\u00f3n espec\u00edfica para el esclarecimiento del fen\u00f3meno del paramilitarismo.<\/span><\/p>\n<\/p>\n<p><span class=\"text1noticias\">En el marco de este ciclo 33 de conversaciones, en el d\u00eda de hoy est\u00e1 prevista la llegada a La Habana de un grupo de altos oficiales de las Fuerzas Armadas colombianas para trabajar a partir de ma\u00f1ana en la subcomisi\u00f3n que perfilar\u00e1 los detalles sobre el fin del conflicto.<\/span><\/p>\n<\/p>\n<h6> 2015-03-04 13:52:18 <\/h6>\n<p><!--\n<link rel=\"stylesheet\" href=\"css\/bootstrap.min.css\">\n\n\n<ul class=\"pagination\">\n\t    \n\t\n\n<li >\n\t<a href='?page_no=24757'>Previous<\/a>\n\t<\/li>\n\n\n       \n    \n\n<li><a href='?page_no=1'>1<\/a><\/li>\n\n\n\n<li><a href='?page_no=2'>2<\/a><\/li>\n\n\n\n<li><a>...<\/a><\/li>\n\n\n\n<li><a href='?page_no=24756'>24756<\/a><\/li>\n\n\n\n<li><a href='?page_no=24757'>24757<\/a><\/li>\n\n\n\n<li class='active'><a>24758<\/a><\/li>\n\n\n\n<li><a href='?page_no=24759'>24759<\/a><\/li>\n\n\n\n<li><a href='?page_no=24760'>24760<\/a><\/li>\n\n\n\n<li><a>...<\/a><\/li>\n\n\n\n<li><a href='?page_no=51012'>51012<\/a><\/li>\n\n\n\n<li><a href='?page_no=51013'>51013<\/a><\/li>\n\n    \n\t\n\n<li >\n\t<a href='?page_no=24759'>Next<\/a>\n\t<\/li>\n\n\n    \n\n<li><a href='?page_no=51013'>Last &rsaquo;&rsaquo;<\/a><\/li>\n\n<\/ul>\n\n\n--><br \/>\n<\/body><\/p>\n","protected":false},"excerpt":{"rendered":"<p>La Habana, 4 mar (PL) Las FARC-EP pidieron hoy la apertura y desclasificaci\u00f3n de archivos oficiales y la puesta en marcha de la Comisi\u00f3n de Esclarecimiento y No Repetici\u00f3n, en aras de desentra\u00f1ar la verdad sobre el conflicto armado en Colombia. Como parte de los di\u00e1logos de paz que adelantan aqu\u00ed desde 2012 con el [&hellip;]<\/p>\n","protected":false},"author":3,"featured_media":0,"comment_status":"open","ping_status":"open","sticky":false,"template":"","format":"standard","meta":{"footnotes":""},"categories":[23],"tags":[],"class_list":["post-255113","post","type-post","status-publish","format-standard","hentry","category-internacional"],"_links":{"self":[{"href":"https:\/\/diariodominicano.com\/index.php?rest_route=\/wp\/v2\/posts\/255113","targetHints":{"allow":["GET"]}}],"collection":[{"href":"https:\/\/diariodominicano.com\/index.php?rest_route=\/wp\/v2\/posts"}],"about":[{"href":"https:\/\/diariodominicano.com\/index.php?rest_route=\/wp\/v2\/types\/post"}],"author":[{"embeddable":true,"href":"https:\/\/diariodominicano.com\/index.php?rest_route=\/wp\/v2\/users\/3"}],"replies":[{"embeddable":true,"href":"https:\/\/diariodominicano.com\/index.php?rest_route=%2Fwp%2Fv2%2Fcomments&post=255113"}],"version-history":[{"count":0,"href":"https:\/\/diariodominicano.com\/index.php?rest_route=\/wp\/v2\/posts\/255113\/revisions"}],"wp:attachment":[{"href":"https:\/\/diariodominicano.com\/index.php?rest_route=%2Fwp%2Fv2%2Fmedia&parent=255113"}],"wp:term":[{"taxonomy":"category","embeddable":true,"href":"https:\/\/diariodominicano.com\/index.php?rest_route=%2Fwp%2Fv2%2Fcategories&post=255113"},{"taxonomy":"post_tag","embeddable":true,"href":"https:\/\/diariodominicano.com\/index.php?rest_route=%2Fwp%2Fv2%2Ftags&post=255113"}],"curies":[{"name":"wp","href":"https:\/\/api.w.org\/{rel}","templated":true}]}}