{"id":255112,"date":"2015-03-04T13:57:16","date_gmt":"2015-03-04T13:57:16","guid":{"rendered":"http:\/\/diariodominicano.ddns.net\/?p=255112"},"modified":"2015-03-04T13:57:16","modified_gmt":"2015-03-04T13:57:16","slug":"jefe-del-pentagono-pide-flexibilidad-para-uso-de-la-fuerza-contra-ei","status":"publish","type":"post","link":"https:\/\/diariodominicano.com\/?p=255112","title":{"rendered":"&#13;&#13;Jefe del Pent\u00e1gono pide flexibilidad para uso de la fuerza contra EI"},"content":{"rendered":"<p><body><\/p>\n<p><img decoding=\"async\" src=\"img3\/eua_ashtoncarter_pentagono.jpg\" \/>  <\/p>\n<p><span class=\"text1noticias\">\t\t<\/span><\/p>\n<p><span class=\"text1noticias\">  <\/span><\/p>\n<\/p>\n<p><span class=\"text1noticias\">Washington, 4 mar (PL) El secretario de Defensa estadounidense, Ashton Carter, dijo hoy que la autorizaci\u00f3n para el uso de la fuerza militar (AUMF) contra el Estado Isl\u00e1mico, que analiza el Congreso, debe ser flexible para lograr el \u00e9xito de las operaciones.<\/span><\/p>\n<\/p>\n<p><span class=\"text1noticias\">Durante una audiencia en el Subcomit\u00e9 de Asignaciones de Defensa en la C\u00e1mara de Representantes, Carter dijo que \u00e9l no hubiera inclu\u00eddo un plazo de tres a\u00f1os para llevar a cabo esa campa\u00f1a, tal y como pidi\u00f3 el presidente Barack Obama en la solicitud que envi\u00f3 al Capitolio el mes pasado.<\/span><\/p>\n<\/p>\n<p><span class=\"text1noticias\">\u00abYo no le asegurar\u00eda a nadie que esta contienda contra el EI terminar\u00e1 en tres a\u00f1os, ese plazo no se debe a una petici\u00f3n del Pent\u00e1gono para las acciones en Iraq y Siria, ni de nuestras obligaciones con las tropas, sino que est\u00e1 a tono con un calendario pol\u00edtico, debido a que en 2016 habr\u00e1 elecciones presidenciales en el pa\u00eds\u00bb, a\u00f1adi\u00f3 Carter.<\/span><\/p>\n<\/p>\n<p><span class=\"text1noticias\">Adem\u00e1s de ese plazo, la AUMF presentada por Obama prohibir\u00eda el uso de grandes agrupaciones de tropas terrestres en combate, con un lenguaje que intenta neutralizar a los liberales que rechazan un posible conflicto ilimitado y a la derecha que no quiere restricciones en la lucha contra el EI, se\u00f1ala este mi\u00e9rcoles el diario The Hill.<\/span><\/p>\n<\/p>\n<p><span class=\"text1noticias\">El presidente del Comit\u00e9 de Relaciones Exteriores del Senado, el republicano Bob Corker, anunci\u00f3 hoy que ese panel celebrar\u00e1 una audiencia el 11 de marzo para analizar la propuesta de Obama, y en el c\u00f3nclave participar\u00e1 Carter, el secretario de Estado, John Kerry y el presidente de la Junta de Jefes de Estado Mayor, general Martin Dempsey.<\/span><\/p>\n<\/p>\n<h6> 2015-03-04 13:57:16 <\/h6>\n<p><!--\n<link rel=\"stylesheet\" href=\"css\/bootstrap.min.css\">\n\n\n<ul class=\"pagination\">\n\t    \n\t\n\n<li >\n\t<a href='?page_no=24756'>Previous<\/a>\n\t<\/li>\n\n\n       \n    \n\n<li><a href='?page_no=1'>1<\/a><\/li>\n\n\n\n<li><a href='?page_no=2'>2<\/a><\/li>\n\n\n\n<li><a>...<\/a><\/li>\n\n\n\n<li><a href='?page_no=24755'>24755<\/a><\/li>\n\n\n\n<li><a href='?page_no=24756'>24756<\/a><\/li>\n\n\n\n<li class='active'><a>24757<\/a><\/li>\n\n\n\n<li><a href='?page_no=24758'>24758<\/a><\/li>\n\n\n\n<li><a href='?page_no=24759'>24759<\/a><\/li>\n\n\n\n<li><a>...<\/a><\/li>\n\n\n\n<li><a href='?page_no=51012'>51012<\/a><\/li>\n\n\n\n<li><a href='?page_no=51013'>51013<\/a><\/li>\n\n    \n\t\n\n<li >\n\t<a href='?page_no=24758'>Next<\/a>\n\t<\/li>\n\n\n    \n\n<li><a href='?page_no=51013'>Last &rsaquo;&rsaquo;<\/a><\/li>\n\n<\/ul>\n\n\n--><br \/>\n<\/body><\/p>\n","protected":false},"excerpt":{"rendered":"<p>Washington, 4 mar (PL) El secretario de Defensa estadounidense, Ashton Carter, dijo hoy que la autorizaci\u00f3n para el uso de la fuerza militar (AUMF) contra el Estado Isl\u00e1mico, que analiza el Congreso, debe ser flexible para lograr el \u00e9xito de las operaciones. Durante una audiencia en el Subcomit\u00e9 de Asignaciones de Defensa en la C\u00e1mara [&hellip;]<\/p>\n","protected":false},"author":3,"featured_media":0,"comment_status":"open","ping_status":"open","sticky":false,"template":"","format":"standard","meta":{"footnotes":""},"categories":[23],"tags":[],"class_list":["post-255112","post","type-post","status-publish","format-standard","hentry","category-internacional"],"_links":{"self":[{"href":"https:\/\/diariodominicano.com\/index.php?rest_route=\/wp\/v2\/posts\/255112","targetHints":{"allow":["GET"]}}],"collection":[{"href":"https:\/\/diariodominicano.com\/index.php?rest_route=\/wp\/v2\/posts"}],"about":[{"href":"https:\/\/diariodominicano.com\/index.php?rest_route=\/wp\/v2\/types\/post"}],"author":[{"embeddable":true,"href":"https:\/\/diariodominicano.com\/index.php?rest_route=\/wp\/v2\/users\/3"}],"replies":[{"embeddable":true,"href":"https:\/\/diariodominicano.com\/index.php?rest_route=%2Fwp%2Fv2%2Fcomments&post=255112"}],"version-history":[{"count":0,"href":"https:\/\/diariodominicano.com\/index.php?rest_route=\/wp\/v2\/posts\/255112\/revisions"}],"wp:attachment":[{"href":"https:\/\/diariodominicano.com\/index.php?rest_route=%2Fwp%2Fv2%2Fmedia&parent=255112"}],"wp:term":[{"taxonomy":"category","embeddable":true,"href":"https:\/\/diariodominicano.com\/index.php?rest_route=%2Fwp%2Fv2%2Fcategories&post=255112"},{"taxonomy":"post_tag","embeddable":true,"href":"https:\/\/diariodominicano.com\/index.php?rest_route=%2Fwp%2Fv2%2Ftags&post=255112"}],"curies":[{"name":"wp","href":"https:\/\/api.w.org\/{rel}","templated":true}]}}