{"id":255111,"date":"2015-03-04T14:01:47","date_gmt":"2015-03-04T14:01:47","guid":{"rendered":"http:\/\/diariodominicano.ddns.net\/?p=255111"},"modified":"2015-03-04T14:01:47","modified_gmt":"2015-03-04T14:01:47","slug":"crece-preocupacion-en-ee-uu-por-deportacion-de-inmigrantes","status":"publish","type":"post","link":"https:\/\/diariodominicano.com\/?p=255111","title":{"rendered":"&#13;&#13;Crece preocupaci\u00f3n en EE.UU. por deportaci\u00f3n de inmigrantes"},"content":{"rendered":"<p><body><\/p>\n<p><span class=\"text1noticias\">\t\t\t<\/span><\/p>\n<\/p>\n<p><span class=\"text1noticias\">Washington, 4 mar (PL) Grupos comunitarios manifiestan hoy su preocupaci\u00f3n porque agentes de inmigraci\u00f3n estadounidenses ejecutan una pol\u00edtica de deportaci\u00f3n que pudiera afectar a personas que se beneficiar\u00edan con el plan del presidente Barack Obama.<\/span><\/p>\n<\/p>\n<p><span class=\"text1noticias\">La Asociaci\u00f3n de Abogados de Inmigraci\u00f3n Estadounidenses (AILA) asegura haber recopilado casos en los que presuntamente agentes de la Oficina de Inmigraci\u00f3n y Aduanas (ICE) arrestaron a posibles beneficiarios e iniciaron tr\u00e1mites para su deportaci\u00f3n mientras los alivios migratorios de Obama siguen suspendidos por \u00f3rdenes del juez federal en Texas, Andrew Hanen.<\/span><\/p>\n<\/p>\n<p><span class=\"text1noticias\">Mientras tanto, los 26 estados que buscan frenar de forma permanente las medidas de la Casa Blanca, instaron el martes al juez Hanen a que las mantenga suspendidas porque, a su juicio, no hay emergencia para ponerlas en marcha.<\/span><\/p>\n<\/p>\n<p><span class=\"text1noticias\">No hay una necesidad de emergencia para instituir esos alivios migratorios para m\u00e1s de cuatro millones de inmigrantes indocumentados, indicaron en un tribunal federal en Brownsville (Texas).<\/span><\/p>\n<\/p>\n<p><span class=\"text1noticias\">As\u00ed, los demandantes cumplieron con el plazo que les dio el juez federal que preside el caso, Andrew Hanen, para responder a la moci\u00f3n del Departamento de Justicia para suspender el fallo que fren\u00f3 moment\u00e1neamente los alivios migratorios.<\/span><\/p>\n<\/p>\n<p><span class=\"text1noticias\">La extensi\u00f3n del programa de acci\u00f3n diferida (DACA) y otro similar para adultos, conocido como DAPA, protegen de la deportaci\u00f3n a poco m\u00e1s de cuatro millones de personas.<\/span><\/p>\n<\/p>\n<p><span class=\"text1noticias\">Pero, seg\u00fan abogados en ciudades como Nueva York, o Charlotte (Carolina del Norte), debido al fallo en Texas, ICE no est\u00e1 obedeciendo las gu\u00edas del pasado 20 de noviembre enunciadas por el gobierno, que dan prioridad a la deportaci\u00f3n de personas indocumentadas que son un peligro para la seguridad p\u00fablica y nacional, o que han cruzado recientemente la frontera.<\/span><\/p>\n<\/p>\n<p><span class=\"text1noticias\">Greg Chen, director de programas de abogac\u00eda de AILA, se quej\u00f3 de que, seg\u00fan miembros de la agrupaci\u00f3n, ICE aplica el memor\u00e1ndum de forma contradictoria, y en algunos sitios no est\u00e1 en vigor.<\/span><\/p>\n<\/p>\n<p><span class=\"text1noticias\">Manifest\u00f3 que hay gente que cumple con una cita y se presenta ante ICE y quedan detenidas porque est\u00e1n en la categor\u00eda m\u00e1s baja de las prioridades, aunque no haya riesgo de que huyan.<\/span><\/p>\n<\/p>\n<p><span class=\"text1noticias\">Estrechamente vinculado al tema, el martes fue aprobado en el Congreso el presupuesto del Departamento de Seguridad Interior (DHS) sin condiciones contra las pol\u00edticas migratoria de Obama, algo que intentaban usar los republicanos para evitar su avance.<\/span><\/p>\n<\/p>\n<h6> 2015-03-04 14:01:47 <\/h6>\n<p><!--\n<link rel=\"stylesheet\" href=\"css\/bootstrap.min.css\">\n\n\n<ul class=\"pagination\">\n\t    \n\t\n\n<li >\n\t<a href='?page_no=24755'>Previous<\/a>\n\t<\/li>\n\n\n       \n    \n\n<li><a href='?page_no=1'>1<\/a><\/li>\n\n\n\n<li><a href='?page_no=2'>2<\/a><\/li>\n\n\n\n<li><a>...<\/a><\/li>\n\n\n\n<li><a href='?page_no=24754'>24754<\/a><\/li>\n\n\n\n<li><a href='?page_no=24755'>24755<\/a><\/li>\n\n\n\n<li class='active'><a>24756<\/a><\/li>\n\n\n\n<li><a href='?page_no=24757'>24757<\/a><\/li>\n\n\n\n<li><a href='?page_no=24758'>24758<\/a><\/li>\n\n\n\n<li><a>...<\/a><\/li>\n\n\n\n<li><a href='?page_no=51012'>51012<\/a><\/li>\n\n\n\n<li><a href='?page_no=51013'>51013<\/a><\/li>\n\n    \n\t\n\n<li >\n\t<a href='?page_no=24757'>Next<\/a>\n\t<\/li>\n\n\n    \n\n<li><a href='?page_no=51013'>Last &rsaquo;&rsaquo;<\/a><\/li>\n\n<\/ul>\n\n\n--><br \/>\n<\/body><\/p>\n","protected":false},"excerpt":{"rendered":"<p>Washington, 4 mar (PL) Grupos comunitarios manifiestan hoy su preocupaci\u00f3n porque agentes de inmigraci\u00f3n estadounidenses ejecutan una pol\u00edtica de deportaci\u00f3n que pudiera afectar a personas que se beneficiar\u00edan con el plan del presidente Barack Obama. La Asociaci\u00f3n de Abogados de Inmigraci\u00f3n Estadounidenses (AILA) asegura haber recopilado casos en los que presuntamente agentes de la Oficina [&hellip;]<\/p>\n","protected":false},"author":3,"featured_media":0,"comment_status":"open","ping_status":"open","sticky":false,"template":"","format":"standard","meta":{"footnotes":""},"categories":[23],"tags":[],"class_list":["post-255111","post","type-post","status-publish","format-standard","hentry","category-internacional"],"_links":{"self":[{"href":"https:\/\/diariodominicano.com\/index.php?rest_route=\/wp\/v2\/posts\/255111","targetHints":{"allow":["GET"]}}],"collection":[{"href":"https:\/\/diariodominicano.com\/index.php?rest_route=\/wp\/v2\/posts"}],"about":[{"href":"https:\/\/diariodominicano.com\/index.php?rest_route=\/wp\/v2\/types\/post"}],"author":[{"embeddable":true,"href":"https:\/\/diariodominicano.com\/index.php?rest_route=\/wp\/v2\/users\/3"}],"replies":[{"embeddable":true,"href":"https:\/\/diariodominicano.com\/index.php?rest_route=%2Fwp%2Fv2%2Fcomments&post=255111"}],"version-history":[{"count":0,"href":"https:\/\/diariodominicano.com\/index.php?rest_route=\/wp\/v2\/posts\/255111\/revisions"}],"wp:attachment":[{"href":"https:\/\/diariodominicano.com\/index.php?rest_route=%2Fwp%2Fv2%2Fmedia&parent=255111"}],"wp:term":[{"taxonomy":"category","embeddable":true,"href":"https:\/\/diariodominicano.com\/index.php?rest_route=%2Fwp%2Fv2%2Fcategories&post=255111"},{"taxonomy":"post_tag","embeddable":true,"href":"https:\/\/diariodominicano.com\/index.php?rest_route=%2Fwp%2Fv2%2Ftags&post=255111"}],"curies":[{"name":"wp","href":"https:\/\/api.w.org\/{rel}","templated":true}]}}