{"id":255110,"date":"2015-03-04T14:06:52","date_gmt":"2015-03-04T14:06:52","guid":{"rendered":"http:\/\/diariodominicano.ddns.net\/?p=255110"},"modified":"2015-03-04T14:06:52","modified_gmt":"2015-03-04T14:06:52","slug":"rusia-y-belarus-engranan-integracion-frente-a-crisis","status":"publish","type":"post","link":"https:\/\/diariodominicano.com\/?p=255110","title":{"rendered":"&#13;&#13;&#13;&#13;Rusia y Belar\u00fas engranan integraci\u00f3n frente a crisis\t\t\t&#13;"},"content":{"rendered":"<p><body><\/p>\n<p><img decoding=\"async\" src=\"img3\/presidentes-putin-y-lukashenko.jpg\" \/>  <\/p>\n<\/p>\n<p>Mosc\u00fa, 4 mar (PL) Tras m\u00e1s de 15 a\u00f1os de un proyecto com\u00fan por consolidar, Rusia y Belar\u00fas acoplan hoy los mecanismos bilaterales econ\u00f3micos y comerciales para afrontar juntos los desaf\u00edos de la crisis. <\/p>\n<\/p>\n<p>La sesi\u00f3n del Consejo Supremo del Estado Unificado, celebrado la v\u00edspera en Mosc\u00fa, redund\u00f3 en resultados, pero reafirm\u00f3 la afinidad de intereses y la necesidad de aunar los potenciales para fortalecer las econom\u00edas, y con ello, crecer hacia una sociedad de bienestar, con respuestas colectivas a desaf\u00edos comunes, seg\u00fan una declaraci\u00f3n oficial.<\/p>\n<\/p>\n<p>En presencia de los presidentes ruso, Vladimir Putin, y belaruso, Alexander Lukashenko, fue suscrito el plan anticrisis que supone la coordinaci\u00f3n entre Minsk y Mosc\u00fa de pol\u00edticas y medidas en el \u00e1mbito econ\u00f3mico y comercial, a corto y mediano plazos.<\/p>\n<\/p>\n<p>Putin catalog\u00f3 de absoluta prioridad el desarrollo de los nexos econ\u00f3micos, e inst\u00f3 a dar pasos concretos para revertir la tendencia decreciente en el comercio bilateral, cuyo monto en 2014 fue de 37 mil 600 millones de d\u00f3lares.<\/p>\n<\/p>\n<p>Asimismo el presupuesto adoptado dentro del esquema del Estado Unificado permitir\u00e1 la ejecuci\u00f3n de proyectos innovadores conjuntos en las esferas de transporte, energ\u00eda, agricultura e industria.<\/p>\n<\/p>\n<p>Otro de los acuerdos firmados en el Kremlin da luz verde al libre tr\u00e1nsito de ciudadanos de los dos pa\u00edses y a la residencia en territorio del Estado Unificado, cuya existencia data de fines de la d\u00e9cada de 1990, con luces y sombras en el proceso de armonizaci\u00f3n e integraci\u00f3n bilateral.<\/p>\n<\/p>\n<p>Los l\u00edderes acordaron la concertaci\u00f3n en materia de pol\u00edtica exterior y la celebraci\u00f3n conjunta del aniversario 70 de la victoria sobre el fascismo.<\/p>\n<\/p>\n<p>Al respecto, Luskashenko destac\u00f3 el tratamiento de respeto y cuidado que han tenido los dos pa\u00edses hacia la hist\u00f3rica efem\u00e9ride y \u00abjuntos defienden la historia com\u00fan de los intentos de falsificaci\u00f3n\u00bb, dijo.<\/p>\n<\/p>\n<p>En los momentos m\u00e1s dif\u00edciles y desafiantes estuvimos juntos y de esta situaci\u00f3n compleja vamos a salir juntos, subray\u00f3 el estadista.<\/p>\n<\/p>\n<p>Todas esas barreras existentes al comercio mutuo, sostuvo, deben ser retiradas, y es justamente lo que hacemos, asinti\u00f3.<\/p>\n<\/p>\n<p>Para Putin, los m\u00e1s de 15 a\u00f1os transcurridos del Tratado para la creaci\u00f3n del Estado Unificado han demostrado la necesidad, pertinencia y viabilidad de ese proyecto com\u00fan.<\/p>\n<\/p>\n<p>Durante ese lapso, seg\u00fan Putin, fueron sellados m\u00e1s de 150 convenios que regulan los aspectos clave de la cooperaci\u00f3n y las relaciones ruso-belarusas.<\/p>\n<\/p>\n<p>Los dos dirigentes coincidieron en que la decisi\u00f3n estrat\u00e9gica adoptada 15 a\u00f1os atr\u00e1s sobre el Estado Unificado defini\u00f3 la arquitectura de la integraci\u00f3n euroasi\u00e1tica, de la cual Rusia y Belar\u00fas son dos de las locomotoras, junto a Kazajst\u00e1n.<\/p>\n<h6> 2015-03-04 14:06:52 <\/h6>\n<p><!--\n<link rel=\"stylesheet\" href=\"css\/bootstrap.min.css\">\n\n\n<ul class=\"pagination\">\n\t    \n\t\n\n<li >\n\t<a href='?page_no=24754'>Previous<\/a>\n\t<\/li>\n\n\n       \n    \n\n<li><a href='?page_no=1'>1<\/a><\/li>\n\n\n\n<li><a href='?page_no=2'>2<\/a><\/li>\n\n\n\n<li><a>...<\/a><\/li>\n\n\n\n<li><a href='?page_no=24753'>24753<\/a><\/li>\n\n\n\n<li><a href='?page_no=24754'>24754<\/a><\/li>\n\n\n\n<li class='active'><a>24755<\/a><\/li>\n\n\n\n<li><a href='?page_no=24756'>24756<\/a><\/li>\n\n\n\n<li><a href='?page_no=24757'>24757<\/a><\/li>\n\n\n\n<li><a>...<\/a><\/li>\n\n\n\n<li><a href='?page_no=51012'>51012<\/a><\/li>\n\n\n\n<li><a href='?page_no=51013'>51013<\/a><\/li>\n\n    \n\t\n\n<li >\n\t<a href='?page_no=24756'>Next<\/a>\n\t<\/li>\n\n\n    \n\n<li><a href='?page_no=51013'>Last &rsaquo;&rsaquo;<\/a><\/li>\n\n<\/ul>\n\n\n--><br \/>\n<\/body><\/p>\n","protected":false},"excerpt":{"rendered":"<p>Mosc\u00fa, 4 mar (PL) Tras m\u00e1s de 15 a\u00f1os de un proyecto com\u00fan por consolidar, Rusia y Belar\u00fas acoplan hoy los mecanismos bilaterales econ\u00f3micos y comerciales para afrontar juntos los desaf\u00edos de la crisis. La sesi\u00f3n del Consejo Supremo del Estado Unificado, celebrado la v\u00edspera en Mosc\u00fa, redund\u00f3 en resultados, pero reafirm\u00f3 la afinidad de [&hellip;]<\/p>\n","protected":false},"author":3,"featured_media":0,"comment_status":"open","ping_status":"open","sticky":false,"template":"","format":"standard","meta":{"footnotes":""},"categories":[23],"tags":[],"class_list":["post-255110","post","type-post","status-publish","format-standard","hentry","category-internacional"],"_links":{"self":[{"href":"https:\/\/diariodominicano.com\/index.php?rest_route=\/wp\/v2\/posts\/255110","targetHints":{"allow":["GET"]}}],"collection":[{"href":"https:\/\/diariodominicano.com\/index.php?rest_route=\/wp\/v2\/posts"}],"about":[{"href":"https:\/\/diariodominicano.com\/index.php?rest_route=\/wp\/v2\/types\/post"}],"author":[{"embeddable":true,"href":"https:\/\/diariodominicano.com\/index.php?rest_route=\/wp\/v2\/users\/3"}],"replies":[{"embeddable":true,"href":"https:\/\/diariodominicano.com\/index.php?rest_route=%2Fwp%2Fv2%2Fcomments&post=255110"}],"version-history":[{"count":0,"href":"https:\/\/diariodominicano.com\/index.php?rest_route=\/wp\/v2\/posts\/255110\/revisions"}],"wp:attachment":[{"href":"https:\/\/diariodominicano.com\/index.php?rest_route=%2Fwp%2Fv2%2Fmedia&parent=255110"}],"wp:term":[{"taxonomy":"category","embeddable":true,"href":"https:\/\/diariodominicano.com\/index.php?rest_route=%2Fwp%2Fv2%2Fcategories&post=255110"},{"taxonomy":"post_tag","embeddable":true,"href":"https:\/\/diariodominicano.com\/index.php?rest_route=%2Fwp%2Fv2%2Ftags&post=255110"}],"curies":[{"name":"wp","href":"https:\/\/api.w.org\/{rel}","templated":true}]}}