{"id":255108,"date":"2015-03-04T14:23:37","date_gmt":"2015-03-04T14:23:37","guid":{"rendered":"http:\/\/diariodominicano.ddns.net\/?p=255108"},"modified":"2015-03-04T14:23:37","modified_gmt":"2015-03-04T14:23:37","slug":"ratifican-en-venezuela-unidad-civico-militar","status":"publish","type":"post","link":"https:\/\/diariodominicano.com\/?p=255108","title":{"rendered":"&#13;Ratifican en Venezuela unidad c\u00edvico-militar\t\t\t&#13;"},"content":{"rendered":"<p><body><\/p>\n<p><img decoding=\"async\" src=\"img3\/Vladimir-Padrino.jpg\" \/>  <\/p>\n<\/p>\n<p><span class=\"text1noticias\">Caracas, 4 mar (PL) El ministro de Defensa de Venezuela, Vladimir Padrino, ratific\u00f3 hoy la unidad c\u00edvico-militar y el car\u00e1cter bolivariano de la instituci\u00f3n castrense.<\/span><\/p>\n<\/p>\n<p><span class=\"text1noticias\">Desde el estado de Gu\u00e1rico, donde encabez\u00f3 una jornada de gobierno de calle -iniciativa del presidente de la Rep\u00fablica, Nicol\u00e1s Maduro, para atender necesidades de la poblaci\u00f3n- el alto funcionario reiter\u00f3 su lealtad y compromiso con el pa\u00eds en medio de ataques de la derecha, respaldados por Estados Unidos.<\/span><\/p>\n<\/p>\n<p><span class=\"text1noticias\">Padrino destac\u00f3 que ante amenazas de golpes de Estado, como el fallido intento del pasado 12 de febrero, las pol\u00edticas de paz se sustentan en la unidad del pueblo y sus Fuerzas Armadas, lo que garantiza soberan\u00eda e independencia, agreg\u00f3.<\/span><\/p>\n<\/p>\n<p><span class=\"text1noticias\">Tambi\u00e9n resalt\u00f3 el orgullo de sentirse ciudadano de la tierra natal de Sim\u00f3n Bol\u00edvar, El Libertador, en respuesta a grupos opositores que, en un documento que respaldar\u00eda ataques violentos y un supuesto gobierno de transici\u00f3n, llamaban a eliminar el car\u00e1cter bolivariano de las instituciones militares.<\/span><\/p>\n<\/p>\n<p><span class=\"text1noticias\">La FANB, dijo, es expresi\u00f3n del legado hist\u00f3rico de Bol\u00edvar, del fallecido presidente Hugo Ch\u00e1vez y de su continuador, Nicol\u00e1s Maduro.<\/span><\/p>\n<\/p>\n<p><span class=\"text1noticias\">A su turno, el gobernador del estado de Gu\u00e1rico, Ram\u00f3n Rodr\u00edguez Chac\u00edn, explic\u00f3 que son constantes los esfuerzos que las autoridades y la FANB realizan como parte de la Misi\u00f3n Negro Primero, dirigida a la protecci\u00f3n del solado venezolano y su familia.<\/span><\/p>\n<\/p>\n<p><span class=\"text1noticias\">La v\u00edspera, el jefe de Estado present\u00f3 grabaciones con evidencias de una gran conspiraci\u00f3n de la derecha internacional para destruir la Revoluci\u00f3n construida de manera democr\u00e1tica, se\u00f1al\u00f3.<\/span><\/p>\n<\/p>\n<p><span class=\"text1noticias\">En su habitual programa radio televisivo, En Contacto con Maduro, el gobernante trasmiti\u00f3 un audio del exmilitar Carlos Osuna, residente en Estados Unidos, quien dict\u00f3 un manifiesto que deb\u00eda ser le\u00eddo como si fuera autor\u00eda de una junta de Gobierno tras el fallido intento de febrero \u00faltimo.<\/span><\/p>\n<\/p>\n<p><span class=\"text1noticias\">El comunicado llamaba a desconocer el actual mandato constitucional y a la insubordinaci\u00f3n de las Fuerzas Armadas.<\/span><\/p>\n<\/p>\n<p><span class=\"text1noticias\">Adem\u00e1s, lanzaba un ultim\u00e1tum al alto mando militar y otro a las misiones cubanas de colaboraci\u00f3n.<\/span><\/p>\n<\/p>\n<p><span class=\"text1noticias\">A juico de Maduro, esta es una conspiraci\u00f3n de estilo \u00abpinochetista\u00bb (en relaci\u00f3n con Augusto Pinochet, que encabez\u00f3 golpe de Estado en Chile contra el presidente Salvador Allende, en 1973) que pretend\u00eda deponer por v\u00edas inconstitucionales el Gobierno leg\u00edtimo de Venezuela e imponer una junta de transici\u00f3n.<\/span><\/p>\n<h6> 2015-03-04 14:23:37 <\/h6>\n<p><!--\n<link rel=\"stylesheet\" href=\"css\/bootstrap.min.css\">\n\n\n<ul class=\"pagination\">\n\t    \n\t\n\n<li >\n\t<a href='?page_no=24752'>Previous<\/a>\n\t<\/li>\n\n\n       \n    \n\n<li><a href='?page_no=1'>1<\/a><\/li>\n\n\n\n<li><a href='?page_no=2'>2<\/a><\/li>\n\n\n\n<li><a>...<\/a><\/li>\n\n\n\n<li><a href='?page_no=24751'>24751<\/a><\/li>\n\n\n\n<li><a href='?page_no=24752'>24752<\/a><\/li>\n\n\n\n<li class='active'><a>24753<\/a><\/li>\n\n\n\n<li><a href='?page_no=24754'>24754<\/a><\/li>\n\n\n\n<li><a href='?page_no=24755'>24755<\/a><\/li>\n\n\n\n<li><a>...<\/a><\/li>\n\n\n\n<li><a href='?page_no=51012'>51012<\/a><\/li>\n\n\n\n<li><a href='?page_no=51013'>51013<\/a><\/li>\n\n    \n\t\n\n<li >\n\t<a href='?page_no=24754'>Next<\/a>\n\t<\/li>\n\n\n    \n\n<li><a href='?page_no=51013'>Last &rsaquo;&rsaquo;<\/a><\/li>\n\n<\/ul>\n\n\n--><br \/>\n<\/body><\/p>\n","protected":false},"excerpt":{"rendered":"<p>Caracas, 4 mar (PL) El ministro de Defensa de Venezuela, Vladimir Padrino, ratific\u00f3 hoy la unidad c\u00edvico-militar y el car\u00e1cter bolivariano de la instituci\u00f3n castrense. Desde el estado de Gu\u00e1rico, donde encabez\u00f3 una jornada de gobierno de calle -iniciativa del presidente de la Rep\u00fablica, Nicol\u00e1s Maduro, para atender necesidades de la poblaci\u00f3n- el alto funcionario [&hellip;]<\/p>\n","protected":false},"author":3,"featured_media":0,"comment_status":"open","ping_status":"open","sticky":false,"template":"","format":"standard","meta":{"footnotes":""},"categories":[23],"tags":[],"class_list":["post-255108","post","type-post","status-publish","format-standard","hentry","category-internacional"],"_links":{"self":[{"href":"https:\/\/diariodominicano.com\/index.php?rest_route=\/wp\/v2\/posts\/255108","targetHints":{"allow":["GET"]}}],"collection":[{"href":"https:\/\/diariodominicano.com\/index.php?rest_route=\/wp\/v2\/posts"}],"about":[{"href":"https:\/\/diariodominicano.com\/index.php?rest_route=\/wp\/v2\/types\/post"}],"author":[{"embeddable":true,"href":"https:\/\/diariodominicano.com\/index.php?rest_route=\/wp\/v2\/users\/3"}],"replies":[{"embeddable":true,"href":"https:\/\/diariodominicano.com\/index.php?rest_route=%2Fwp%2Fv2%2Fcomments&post=255108"}],"version-history":[{"count":0,"href":"https:\/\/diariodominicano.com\/index.php?rest_route=\/wp\/v2\/posts\/255108\/revisions"}],"wp:attachment":[{"href":"https:\/\/diariodominicano.com\/index.php?rest_route=%2Fwp%2Fv2%2Fmedia&parent=255108"}],"wp:term":[{"taxonomy":"category","embeddable":true,"href":"https:\/\/diariodominicano.com\/index.php?rest_route=%2Fwp%2Fv2%2Fcategories&post=255108"},{"taxonomy":"post_tag","embeddable":true,"href":"https:\/\/diariodominicano.com\/index.php?rest_route=%2Fwp%2Fv2%2Ftags&post=255108"}],"curies":[{"name":"wp","href":"https:\/\/api.w.org\/{rel}","templated":true}]}}