{"id":255107,"date":"2015-03-04T23:26:48","date_gmt":"2015-03-04T23:26:48","guid":{"rendered":"http:\/\/diariodominicano.ddns.net\/?p=255107"},"modified":"2015-03-04T23:26:48","modified_gmt":"2015-03-04T23:26:48","slug":"haiti-promete-seguridad-en-consulados-de-republica-dominicana","status":"publish","type":"post","link":"https:\/\/diariodominicano.com\/?p=255107","title":{"rendered":"Hait\u00ed promete seguridad en consulados de Rep\u00fablica Dominicana"},"content":{"rendered":"<p><body><\/p>\n<p><img decoding=\"async\" src=\"img3\/Duly.JPG\" \/>  <\/p>\n<p><span class=\"text1noticias\">Haiti, 4 mar (Xinhua) &#8212; El canciller haitiano Duly Brutus anunci\u00f3 adoptar\u00e1n las medidas de seguridad en los consulados de Rep\u00fablica Dominicana en Hait\u00ed, cerrados este mi\u00e9rcoles por la Canciller\u00eda dominicana debido a la \u00abfalta de garant\u00edas\u00bb para su funcionamiento.<\/span><\/p>\n<p><span class=\"text1noticias\"> <\/span><\/p>\n<p><span class=\"text1noticias\">Brutus dijo que se reunir\u00e1 con su colega dominicano Andr\u00e9s Navarro el pr\u00f3ximo martes 10 de este mes en Guatemala, en el marco de la Cumbre de Jefes de Estado del Sistema de Integraci\u00f3n Centroamericana (SICA), que se llevar\u00e1 a cabo en ese pa\u00eds.<\/span><\/p>\n<p><span class=\"text1noticias\"> <\/span><\/p>\n<p><span class=\"text1noticias\">Rep\u00fablica Dominicana anunci\u00f3 el cierre de sus misiones consulares en Hait\u00ed, debido a las \u00abrecurrentes\u00bb agresiones contra sus representaciones diplom\u00e1ticas registradas en los \u00faltimos d\u00edas.<\/span><\/p>\n<p><span class=\"text1noticias\"> <\/span><\/p>\n<p><span class=\"text1noticias\">El Ministerio dominicano de Relaciones Exteriores dijo que los ataques lanzados por grupos de haitianos han puesto en peligro la integridad f\u00edsica del personal que labora en los consulados y han impedido el desenvolvimiento normal de sus labores.<\/span><\/p>\n<p><span class=\"text1noticias\">La medida regir\u00e1 hasta que el gobierno haitiano garantice la protecci\u00f3n de sus delegaciones.<\/span><\/p>\n<p><span class=\"text1noticias\"> <\/span><\/p>\n<p><span class=\"text1noticias\">El canciller haitiano dijo hoy en una conferencia de prensa que una copia de la comunicaci\u00f3n del Ministerio de Relaciones Exteriores dirigida al Ministerio de Justicia, fue remitida con relaci\u00f3n a las medidas de seguridad que adem\u00e1s ser\u00e1n enviadas al gobierno dominicano.<\/span><\/p>\n<p><span class=\"text1noticias\"> <\/span><\/p>\n<p><span class=\"text1noticias\">\u00abHait\u00ed le informar\u00e1 a las autoridades dominicanas que se adoptar\u00e1n todas las medidas para garantizar la seguridad de sus consulados\u00bb, agreg\u00f3 Dulus, para se\u00f1alar que el embajador haitiano en Santo Domingo, Fritz Cin\u00e9as, \u00abse reunir\u00e1 pronto\u00bb con el presidente dominicano Danilo Medina, y con su canciller, Andr\u00e9s Navarro.<\/span><\/p>\n<p><span class=\"text1noticias\"> <\/span><\/p>\n<p><span class=\"text1noticias\">El portavoz de la Canciller\u00eda dominicana, Miguel Medina, dijo en un comunicado remitido a Xinhua que una comunicaci\u00f3n fue dirigida este mi\u00e9rcoles por el ministro dominicano de Relaciones Exteriores, Andr\u00e9s Navarro, a su hom\u00f3logo haitiano Pierre Duly Brutus, explic\u00e1ndole los motivos de su decisi\u00f3n.<\/span><\/p>\n<p><span class=\"text1noticias\"> <\/span><\/p>\n<p><span class=\"text1noticias\">\u00abAnte la imposibilidad de lograr la necesaria seguridad que permita preservar la integridad f\u00edsica del personal que labora en los distintos consulados dominicanos, la Canciller\u00eda ha decidido disponer el cierre temporal de las dotaciones hasta tanto la administraci\u00f3n del presidente Michel Martelly ofrezca garant\u00edas de protecci\u00f3n adecuada\u00bb, se\u00f1ala la misiva.<\/span><\/p>\n<p><span class=\"text1noticias\"> <\/span><\/p>\n<p><span class=\"text1noticias\"> Rep\u00fablica Dominicana mantiene cinco consulados en Hait\u00ed.<\/span><\/p>\n<p><span class=\"text1noticias\"> <\/span><\/p>\n<p><span class=\"text1noticias\">El ministro haitiano de comunicaci\u00f3n, Rotchild Francois Junior, dijo este mi\u00e9rcoles en su cuenta de Twitter, que \u00absomos un pueblo pac\u00edfico, que respetan los derechos humanos\u00bb, y que \u00abes por eso que hacemos todo lo posible para respetar los derechos de los extranjeros en Hait\u00ed\u00bb.<\/span><\/p>\n<p><span class=\"text1noticias\"> <\/span><\/p>\n<p><span class=\"text1noticias\">Brutus dijo la semana pasada que recientes incidentes como la muerte de un inmigrante haitiano en el vecino pa\u00eds, ha llevado a un enfriamiento en las relaciones con Rep\u00fablica Dominicana, pero asegur\u00f3 que Hait\u00ed no entrar\u00e1 en un \u00abtira y jala porque este problema puede ser resuelto\u00bb.<\/span><\/p>\n<p><span class=\"text1noticias\"> <\/span><\/p>\n<p><span class=\"text1noticias\">Rep\u00fablica Dominicana y Hait\u00ed, que comparten la isla La Hispaniola en el centro del Caribe, arrastran una historia com\u00fan cargada de fricciones y son escenario eventual de incidentes, algunos con resultados tr\u00e1gicos, entre la poblaci\u00f3n local e inmigrantes de cada pa\u00eds.<\/span><\/p>\n<p><span class=\"text1noticias\"> <\/span><\/p>\n<p><span class=\"text1noticias\">El gobierno dominicano llam\u00f3 la semana pasada a consulta a su embajador en Hait\u00ed y envi\u00f3 una nota de protesta a las autoridades haitianas por los ataques lanzados al consulado de Rep\u00fablica Dominicana durante una manifestaci\u00f3n en Puerto Pr\u00edncipe, y por las acusaciones de racismo y xenofobia contra este pa\u00eds supuestamente en perjuicio de inmigrantes haitianos.<\/span><\/p>\n<p><span class=\"text1noticias\"> <\/span><\/p>\n<p><span class=\"text1noticias\">La marcha fue convocada para condenar la muerte del haitiano Jean Claude Harry, de 23 a\u00f1os, cuyo cuerpo fue hallado el 11 de este mes colgando de un \u00e1rbol frente al principal hospital p\u00fablico de la ciudad de Santiago, 155 kil\u00f3metros al norte de la capital, hecho que llev\u00f3 tambi\u00e9n a Hait\u00ed a convocar a su embajador y a protestar contra las autoridades dominicanas.<\/span><\/p>\n<p><span class=\"text1noticias\"> <\/span><\/p>\n<p><span class=\"text1noticias\">A principios de enero, cientos de haitianos protestaron frente al consulado dominicano en la localidad de Anse-\u00e0-Pitre, 85 kil\u00f3metros al sureste de Puerto Pr\u00edncipe, luego de que un barco de guerra de Rep\u00fablica Dominicana incursion\u00f3 en aguas territoriales de Hait\u00ed para detener a cuatro pescadores haitianos seg\u00fan autoridades de ese pa\u00eds.<\/span><\/p>\n<p><span class=\"text1noticias\"> <\/span><\/p>\n<p><span class=\"text1noticias\">En Rep\u00fablica Dominicana, funcionarios locales dijeron que una turba haitiana mantuvo retenidos a seis personas: dos funcionarios de la representaci\u00f3n diplom\u00e1tica, dos militares y dos civiles, en represalia por el apresamiento de los pescadores haitianos.<\/span><\/p>\n<p><span class=\"text1noticias\"> <\/span><\/p>\n<p><span class=\"text1noticias\">En esa oportunidad, Santo Domingo envi\u00f3 una nota diplom\u00e1tica a Hait\u00ed en la que le solicit\u00f3 mayores medidas de seguridad para sus representaciones en ese pa\u00eds, donde un mes antes, en la localidad de Ounaminthe, 317 kil\u00f3metros al noreste de Puerto Pr\u00edncipe, otro consulado dominicano tambi\u00e9n fue atacado en medio de protestas de la poblaci\u00f3n por mejoras en los serv<\/span>icios p\u00fablicos. <\/p>\n<h6> 2015-03-04 23:26:48 <\/h6>\n<p><!--\n<link rel=\"stylesheet\" href=\"css\/bootstrap.min.css\">\n\n\n<ul class=\"pagination\">\n\t    \n\t\n\n<li >\n\t<a href='?page_no=24751'>Previous<\/a>\n\t<\/li>\n\n\n       \n    \n\n<li><a href='?page_no=1'>1<\/a><\/li>\n\n\n\n<li><a href='?page_no=2'>2<\/a><\/li>\n\n\n\n<li><a>...<\/a><\/li>\n\n\n\n<li><a href='?page_no=24750'>24750<\/a><\/li>\n\n\n\n<li><a href='?page_no=24751'>24751<\/a><\/li>\n\n\n\n<li class='active'><a>24752<\/a><\/li>\n\n\n\n<li><a href='?page_no=24753'>24753<\/a><\/li>\n\n\n\n<li><a href='?page_no=24754'>24754<\/a><\/li>\n\n\n\n<li><a>...<\/a><\/li>\n\n\n\n<li><a href='?page_no=51012'>51012<\/a><\/li>\n\n\n\n<li><a href='?page_no=51013'>51013<\/a><\/li>\n\n    \n\t\n\n<li >\n\t<a href='?page_no=24753'>Next<\/a>\n\t<\/li>\n\n\n    \n\n<li><a href='?page_no=51013'>Last &rsaquo;&rsaquo;<\/a><\/li>\n\n<\/ul>\n\n\n--><br \/>\n<\/body><\/p>\n","protected":false},"excerpt":{"rendered":"<p>Haiti, 4 mar (Xinhua) &#8212; El canciller haitiano Duly Brutus anunci\u00f3 adoptar\u00e1n las medidas de seguridad en los consulados de Rep\u00fablica Dominicana en Hait\u00ed, cerrados este mi\u00e9rcoles por la Canciller\u00eda dominicana debido a la \u00abfalta de garant\u00edas\u00bb para su funcionamiento. Brutus dijo que se reunir\u00e1 con su colega dominicano Andr\u00e9s Navarro el pr\u00f3ximo martes 10 [&hellip;]<\/p>\n","protected":false},"author":3,"featured_media":0,"comment_status":"open","ping_status":"open","sticky":false,"template":"","format":"standard","meta":{"footnotes":""},"categories":[23],"tags":[],"class_list":["post-255107","post","type-post","status-publish","format-standard","hentry","category-internacional"],"_links":{"self":[{"href":"https:\/\/diariodominicano.com\/index.php?rest_route=\/wp\/v2\/posts\/255107","targetHints":{"allow":["GET"]}}],"collection":[{"href":"https:\/\/diariodominicano.com\/index.php?rest_route=\/wp\/v2\/posts"}],"about":[{"href":"https:\/\/diariodominicano.com\/index.php?rest_route=\/wp\/v2\/types\/post"}],"author":[{"embeddable":true,"href":"https:\/\/diariodominicano.com\/index.php?rest_route=\/wp\/v2\/users\/3"}],"replies":[{"embeddable":true,"href":"https:\/\/diariodominicano.com\/index.php?rest_route=%2Fwp%2Fv2%2Fcomments&post=255107"}],"version-history":[{"count":0,"href":"https:\/\/diariodominicano.com\/index.php?rest_route=\/wp\/v2\/posts\/255107\/revisions"}],"wp:attachment":[{"href":"https:\/\/diariodominicano.com\/index.php?rest_route=%2Fwp%2Fv2%2Fmedia&parent=255107"}],"wp:term":[{"taxonomy":"category","embeddable":true,"href":"https:\/\/diariodominicano.com\/index.php?rest_route=%2Fwp%2Fv2%2Fcategories&post=255107"},{"taxonomy":"post_tag","embeddable":true,"href":"https:\/\/diariodominicano.com\/index.php?rest_route=%2Fwp%2Fv2%2Ftags&post=255107"}],"curies":[{"name":"wp","href":"https:\/\/api.w.org\/{rel}","templated":true}]}}