{"id":255106,"date":"2015-03-04T23:40:51","date_gmt":"2015-03-04T23:40:51","guid":{"rendered":"http:\/\/diariodominicano.ddns.net\/?p=255106"},"modified":"2015-03-04T23:40:51","modified_gmt":"2015-03-04T23:40:51","slug":"reportan-la-muerte-de-20-ninos-en-colombia-por-diarrea-y-desnutricion","status":"publish","type":"post","link":"https:\/\/diariodominicano.com\/?p=255106","title":{"rendered":"Reportan la muerte de 20 ni\u00f1os en Colombia por diarrea y desnutrici\u00f3n"},"content":{"rendered":"<p><body><\/p>\n<p><img decoding=\"async\" src=\"http:\/\/localhost:8080\/internacional\/img3\/ni%C3%83%C2%B1os.jpg\" \/>  <\/p>\n<p><span class=\"text1noticias\">BOGOTA, 4 mar (Xinhua) &#8212; El Instituto Nacional de Salud de Colombia confirm\u00f3 este mi\u00e9rcoles que la muerte de los 20 menores de cinco a\u00f1os fallecidos en lo corrido de a\u00f1o en el departamento de Choc\u00f3 tienen que ver con el consumo del agua que ocasion\u00f3 una enfermedad diarr\u00e9ica aguda y desnutrici\u00f3n.<\/span><\/p>\n<p><span class=\"text1noticias\"> <\/span><\/p>\n<p><span class=\"text1noticias\">\u00abTenemos 20 muertes de menores de cinco a\u00f1os en lo que va corrido del a\u00f1o, de esas 20 muertes 10 han sido notificadas a trav\u00e9s del Sistema Nacional de Informaci\u00f3n y las otras se recibieron por informaci\u00f3n externa: en Riosucio 3 muertes, en Bagad\u00f3 13 muertes, en Tad\u00f3 2, en San Juan 1 y en Carmen de Atrato 1\u00bb, dijo el viceministro de Salud, Fernando Ru\u00edz.<\/span><\/p>\n<p><span class=\"text1noticias\"> <\/span><\/p>\n<p><span class=\"text1noticias\">Ru\u00edz se\u00f1al\u00f3 que las causas exactas de las muertes se dar\u00e1n a conocer el pr\u00f3ximo lunes cuando se revelen los resultados de las investigaciones hechas por una comisi\u00f3n especial del Ministerio que explic\u00f3 que se han presentado muertes de menores que se reportan por ONG\u00b4S debido a problemas de registro en esa zona.<\/span><\/p>\n<p><span class=\"text1noticias\"> <\/span><\/p>\n<p><span class=\"text1noticias\">Entre tanto, Cristina Plazas, el Instituto Colombiano de Bienestar Familiar, el defensor del Pueblo, Jorge Ot\u00e1lora y el representante de la ONU, Todd Howland, pidieron al Gobierno tomar las medidas necesarias para enfrentar en Choc\u00f3 esta crisis por enfermedades que tienen prevenci\u00f3<\/span>n.<\/p>\n<h6> 2015-03-04 23:40:51 <\/h6>\n<p><!--\n<link rel=\"stylesheet\" href=\"css\/bootstrap.min.css\">\n\n\n<ul class=\"pagination\">\n\t    \n\t\n\n<li >\n\t<a href='?page_no=24750'>Previous<\/a>\n\t<\/li>\n\n\n       \n    \n\n<li><a href='?page_no=1'>1<\/a><\/li>\n\n\n\n<li><a href='?page_no=2'>2<\/a><\/li>\n\n\n\n<li><a>...<\/a><\/li>\n\n\n\n<li><a href='?page_no=24749'>24749<\/a><\/li>\n\n\n\n<li><a href='?page_no=24750'>24750<\/a><\/li>\n\n\n\n<li class='active'><a>24751<\/a><\/li>\n\n\n\n<li><a href='?page_no=24752'>24752<\/a><\/li>\n\n\n\n<li><a href='?page_no=24753'>24753<\/a><\/li>\n\n\n\n<li><a>...<\/a><\/li>\n\n\n\n<li><a href='?page_no=51012'>51012<\/a><\/li>\n\n\n\n<li><a href='?page_no=51013'>51013<\/a><\/li>\n\n    \n\t\n\n<li >\n\t<a href='?page_no=24752'>Next<\/a>\n\t<\/li>\n\n\n    \n\n<li><a href='?page_no=51013'>Last &rsaquo;&rsaquo;<\/a><\/li>\n\n<\/ul>\n\n\n--><br \/>\n<\/body><\/p>\n","protected":false},"excerpt":{"rendered":"<p>BOGOTA, 4 mar (Xinhua) &#8212; El Instituto Nacional de Salud de Colombia confirm\u00f3 este mi\u00e9rcoles que la muerte de los 20 menores de cinco a\u00f1os fallecidos en lo corrido de a\u00f1o en el departamento de Choc\u00f3 tienen que ver con el consumo del agua que ocasion\u00f3 una enfermedad diarr\u00e9ica aguda y desnutrici\u00f3n. \u00abTenemos 20 muertes [&hellip;]<\/p>\n","protected":false},"author":3,"featured_media":0,"comment_status":"open","ping_status":"open","sticky":false,"template":"","format":"standard","meta":{"footnotes":""},"categories":[23],"tags":[],"class_list":["post-255106","post","type-post","status-publish","format-standard","hentry","category-internacional"],"_links":{"self":[{"href":"https:\/\/diariodominicano.com\/index.php?rest_route=\/wp\/v2\/posts\/255106","targetHints":{"allow":["GET"]}}],"collection":[{"href":"https:\/\/diariodominicano.com\/index.php?rest_route=\/wp\/v2\/posts"}],"about":[{"href":"https:\/\/diariodominicano.com\/index.php?rest_route=\/wp\/v2\/types\/post"}],"author":[{"embeddable":true,"href":"https:\/\/diariodominicano.com\/index.php?rest_route=\/wp\/v2\/users\/3"}],"replies":[{"embeddable":true,"href":"https:\/\/diariodominicano.com\/index.php?rest_route=%2Fwp%2Fv2%2Fcomments&post=255106"}],"version-history":[{"count":0,"href":"https:\/\/diariodominicano.com\/index.php?rest_route=\/wp\/v2\/posts\/255106\/revisions"}],"wp:attachment":[{"href":"https:\/\/diariodominicano.com\/index.php?rest_route=%2Fwp%2Fv2%2Fmedia&parent=255106"}],"wp:term":[{"taxonomy":"category","embeddable":true,"href":"https:\/\/diariodominicano.com\/index.php?rest_route=%2Fwp%2Fv2%2Fcategories&post=255106"},{"taxonomy":"post_tag","embeddable":true,"href":"https:\/\/diariodominicano.com\/index.php?rest_route=%2Fwp%2Fv2%2Ftags&post=255106"}],"curies":[{"name":"wp","href":"https:\/\/api.w.org\/{rel}","templated":true}]}}