{"id":255102,"date":"2015-03-05T13:54:18","date_gmt":"2015-03-05T13:54:18","guid":{"rendered":"http:\/\/diariodominicano.ddns.net\/?p=255102"},"modified":"2015-03-05T13:54:18","modified_gmt":"2015-03-05T13:54:18","slug":"presidente-sirio-denuncia-fracaso-de-la-onu-en-buscar-la-paz","status":"publish","type":"post","link":"https:\/\/diariodominicano.com\/?p=255102","title":{"rendered":"&#13;&#13;Presidente sirio denuncia fracaso de la ONU en buscar la paz"},"content":{"rendered":"<p><body><\/p>\n<p><img decoding=\"async\" src=\"img3\/presidente-assad.jpg\" \/>  <\/p>\n<\/p>\n<p>Damasco, 5 mar (PL) El Presidente sirio, Bashar al-Assad, denunci\u00f3 el fracaso de la ONU en proteger la soberan\u00eda de los Estados miembros e impedir las guerras, en una entrevista concedida a la televisi\u00f3n estatal portuguesa RTP y divulgada hoy en esta capital. <\/p>\n<\/p>\n<p>\u00abNaciones Unidas fracas\u00f3 en la protecci\u00f3n de los ciudadanos a nivel internacional, incluyendo Siria, Libia, Yemen y en otros pa\u00edses\u00bb subray\u00f3 al-Assad.<\/p>\n<\/p>\n<p>El mandatario sirio insisti\u00f3 en que muchos gobiernos occidentales no tienen la voluntad de luchar contra el terrorismo.<\/p>\n<\/p>\n<p>Al respecto, censur\u00f3 la intenci\u00f3n de Estados Unidos de entrenar y armar a cinco mil nuevos combatientes irregulares, lo que constituir\u00e1 un apoyo adicional a fuerzas terroristas en la regi\u00f3n.<\/p>\n<\/p>\n<p>Al-Assad se refiri\u00f3 tambi\u00e9n a las campa\u00f1as medi\u00e1ticas desatadas en la prensa occidentales contra su pa\u00eds, manipulando las cifras de v\u00edctimas provocadas por el conflicto que vive este pa\u00eds \u00e1rabe.<\/p>\n<\/p>\n<p>\u00abHay una cat\u00e1strofe humanitaria en Siria, la crisis afect\u00f3 a todas las partes y a todos los ciudadanos, sean lo que sean sus afiliaciones o lealtades. La crisis afect\u00f3 los servicios m\u00e9dicos y al sistema educativo debido a la destrucci\u00f3n de hospitales y escuelas\u00bb, dijo.<\/p>\n<\/p>\n<p>\u00abPero a pesar de todo esto, los sirios est\u00e1n decididos a continuar luchando contra el terrorismo y defender a su patria\u00bb, afirm\u00f3.<\/p>\n<\/p>\n<p>El presidente al-Assad tambi\u00e9n insisti\u00f3 en su compromiso de alcanzar una soluci\u00f3n pol\u00edtica al conflicto, iniciado hace cuatro a\u00f1os, a trav\u00e9s del di\u00e1logo y la reconciliaci\u00f3n nacional.<\/p>\n<\/p>\n<p>\u00abSi alguien quiere realizar un di\u00e1logo, ser\u00e1 con una oposici\u00f3n siria y con personas que representan al pueblo sirio\u00bb, expres\u00f3 el mandatario en franco rechazo a los intentos de Occidente y pa\u00edses como Turqu\u00eda, Arabia Saudita y Qatar, que buscan escoger a los protagonistas de un supuesto di\u00e1logo.<\/p>\n<\/p>\n<p>Hizo \u00e9nfasis en la posici\u00f3n del gobierno franc\u00e9s y de algunos funcionarios que no quieren se llegue a un acuerdo de paz en Siria.<\/p>\n<\/p>\n<p>\u00abSe trata de la relaci\u00f3n financiera entre Francia y los pa\u00edses del Golfo. Tal vez porque tienen dificultades financieras, pero estas relaciones empujaron a los funcionarios franceses a vender sus valores de libertad, fraternidad y democracia, y todas las cosas que sol\u00edan predicar, a cambio de los petrod\u00f3lares\u00bb, coment\u00f3.<\/p>\n<\/p>\n<p>Agreg\u00f3 que la denominada oposici\u00f3n moderada que pretende ayudar Occidente es algo ficticio, destacando que los que controlan el escenario terrorista en Siria son los grupos del Estado Isl\u00e1mico (EI), el Frente al-Nousra -aliado de Al-Qaeda- y otras facciones extremistas y takfiristas m\u00e1s peque\u00f1as.<\/p>\n<h6> 2015-03-05 13:54:18 <\/h6>\n<p><!--\n<link rel=\"stylesheet\" href=\"css\/bootstrap.min.css\">\n\n\n<ul class=\"pagination\">\n\t    \n\t\n\n<li >\n\t<a href='?page_no=24746'>Previous<\/a>\n\t<\/li>\n\n\n       \n    \n\n<li><a href='?page_no=1'>1<\/a><\/li>\n\n\n\n<li><a href='?page_no=2'>2<\/a><\/li>\n\n\n\n<li><a>...<\/a><\/li>\n\n\n\n<li><a href='?page_no=24745'>24745<\/a><\/li>\n\n\n\n<li><a href='?page_no=24746'>24746<\/a><\/li>\n\n\n\n<li class='active'><a>24747<\/a><\/li>\n\n\n\n<li><a href='?page_no=24748'>24748<\/a><\/li>\n\n\n\n<li><a href='?page_no=24749'>24749<\/a><\/li>\n\n\n\n<li><a>...<\/a><\/li>\n\n\n\n<li><a href='?page_no=51012'>51012<\/a><\/li>\n\n\n\n<li><a href='?page_no=51013'>51013<\/a><\/li>\n\n    \n\t\n\n<li >\n\t<a href='?page_no=24748'>Next<\/a>\n\t<\/li>\n\n\n    \n\n<li><a href='?page_no=51013'>Last &rsaquo;&rsaquo;<\/a><\/li>\n\n<\/ul>\n\n\n--><br \/>\n<\/body><\/p>\n","protected":false},"excerpt":{"rendered":"<p>Damasco, 5 mar (PL) El Presidente sirio, Bashar al-Assad, denunci\u00f3 el fracaso de la ONU en proteger la soberan\u00eda de los Estados miembros e impedir las guerras, en una entrevista concedida a la televisi\u00f3n estatal portuguesa RTP y divulgada hoy en esta capital. \u00abNaciones Unidas fracas\u00f3 en la protecci\u00f3n de los ciudadanos a nivel internacional, [&hellip;]<\/p>\n","protected":false},"author":3,"featured_media":0,"comment_status":"open","ping_status":"open","sticky":false,"template":"","format":"standard","meta":{"footnotes":""},"categories":[23],"tags":[],"class_list":["post-255102","post","type-post","status-publish","format-standard","hentry","category-internacional"],"_links":{"self":[{"href":"https:\/\/diariodominicano.com\/index.php?rest_route=\/wp\/v2\/posts\/255102","targetHints":{"allow":["GET"]}}],"collection":[{"href":"https:\/\/diariodominicano.com\/index.php?rest_route=\/wp\/v2\/posts"}],"about":[{"href":"https:\/\/diariodominicano.com\/index.php?rest_route=\/wp\/v2\/types\/post"}],"author":[{"embeddable":true,"href":"https:\/\/diariodominicano.com\/index.php?rest_route=\/wp\/v2\/users\/3"}],"replies":[{"embeddable":true,"href":"https:\/\/diariodominicano.com\/index.php?rest_route=%2Fwp%2Fv2%2Fcomments&post=255102"}],"version-history":[{"count":0,"href":"https:\/\/diariodominicano.com\/index.php?rest_route=\/wp\/v2\/posts\/255102\/revisions"}],"wp:attachment":[{"href":"https:\/\/diariodominicano.com\/index.php?rest_route=%2Fwp%2Fv2%2Fmedia&parent=255102"}],"wp:term":[{"taxonomy":"category","embeddable":true,"href":"https:\/\/diariodominicano.com\/index.php?rest_route=%2Fwp%2Fv2%2Fcategories&post=255102"},{"taxonomy":"post_tag","embeddable":true,"href":"https:\/\/diariodominicano.com\/index.php?rest_route=%2Fwp%2Fv2%2Ftags&post=255102"}],"curies":[{"name":"wp","href":"https:\/\/api.w.org\/{rel}","templated":true}]}}